{"id":5986,"date":"2014-05-13T17:44:00","date_gmt":"2014-05-13T15:44:00","guid":{"rendered":"http:\/\/textundblog.de\/?p=5986"},"modified":"2014-05-14T08:34:56","modified_gmt":"2014-05-14T06:34:56","slug":"krautreporter-journalismus-nur-den-lesern-verantwortlich","status":"publish","type":"post","link":"https:\/\/textundblog.de\/?p=5986","title":{"rendered":"Krautreporter: Journalismus, nur den Lesern verantwortlich"},"content":{"rendered":"<p><iframe loading=\"lazy\" src=\"\/\/player.vimeo.com\/video\/94807340?title=0&amp;byline=0&amp;portrait=0&amp;color=00a2b4\" width=\"500\" height=\"281\" frameborder=\"0\" webkitallowfullscreen mozallowfullscreen allowfullscreen><\/iframe> <\/p>\n<p><a href=\"http:\/\/vimeo.com\/94807340\">Krautreporter<\/a> from <a href=\"http:\/\/vimeo.com\/krautreporter\">Krautreporter<\/a> on <a href=\"https:\/\/vimeo.com\">Vimeo<\/a>.<\/p>\n<p>Krautreporter &#8211; unabh\u00e4ngiger Journalismus &#8211; nur von den Leserinnen und Lesern finanziert. Gute Sache. Hab ich sofort unterst\u00fctzt.<\/p>\n<p><img data-recalc-dims=\"1\" loading=\"lazy\" decoding=\"async\" title=\"Krautreporter - unabh\u00e4ngiger Journalismus - nur von Lesern finanziert\"  src=\"https:\/\/i0.wp.com\/textundblog.de\/wp-content\/krautreporter.jpg?resize=350%2C398&#038;ssl=1\" alt=\"Krautreporter - unabh\u00e4ngiger Journalismus - nur von Lesern finanziert\" width=\"350\" height=\"398\" class=\"bildrechts\" \/> 1.200 weitere haben das in den ersten Stunden auch schon getan. Bis zum 13. Juni 2014 m\u00fcssen (und sollten, wie ich finde) es 15.000 werden, damit das Projekt mit den Krautreportern funktioniert. Und da sind wirklich gute Journalisten dabei. Denkt mal dr\u00fcber nach, ob euch unabh\u00e4ngiger Journalismus nicht 5 \u20ac im Monat wert ist. Jedenfalls ein spannendes Experiment, das bei positivem Ausgang die journalistische Landschaft in Deutschland ein St\u00fcck weit ver\u00e4ndern k\u00f6nnte.<\/p>\n<p>Hier noch ein kurzer <a href=\"http:\/\/www.ndr.de\/nachrichten\/netzwelt\/Online-Journalismus-neu-denken,krautreporter118.html\">Beitrag des NDR<\/a> mit einem Interview mit einem der Initiatoren, <a href=\"http:\/\/www.stefan-niggemeier.de\/blog\/was-krautreporter-mit-truedetective-zu-tun-hat\/\">Stefan Niggemeier<\/a>: <\/p>\n<blockquote><p>\nNDR: &#8222;Krautreporter&#8220;, ein Magazin, das nicht nur auf Klickzahlen zielt und die Qualit\u00e4t nach ganz vorne stellt &#8211; finanziert von den Lesern. Kann das funktionieren?<\/p>\n<p>Niggemeier: Wir glauben schon. Es ist ein Versuch, den es so in dieser Gr\u00f6\u00dfe in Deutschland noch nicht gegeben hat. Wir versuchen ein leserfinanziertes Online-Magazin aufzubauen und verzichten ganz auf Werbung. Wir brauchen daf\u00fcr aber insgesamt 15.000 Menschen, die jeweils 60 Euro f\u00fcr unser Angebot bezahlen. Das reicht dann f\u00fcr ein Jahr. Ich hoffe, dass es funktioniert &#8211; aber ehrlich gesagt: Das wei\u00df nat\u00fcrlich niemand.<\/p><\/blockquote>\n<p>Und hier geht&#8217;s zur Unterst\u00fctzung: <a href=\"https:\/\/krautreporter.de\/\">krautreporter.de<\/a>.<\/p>\n","protected":false},"excerpt":{"rendered":"<p>Krautreporter from Krautreporter on Vimeo. Krautreporter &#8211; unabh\u00e4ngiger Journalismus &#8211; nur von den Leserinnen und Lesern finanziert. Gute Sache. Hab ich sofort unterst\u00fctzt. 1.200 weitere haben das in den ersten Stunden auch schon getan. Bis zum 13. Juni 2014 m\u00fcssen (und sollten, wie ich finde) es 15.000 werden, damit das Projekt mit den Krautreportern funktioniert. [&hellip;]<\/p>\n","protected":false},"author":1,"featured_media":0,"comment_status":"open","ping_status":"open","sticky":false,"template":"","format":"standard","meta":{"site-sidebar-layout":"default","site-content-layout":"","ast-site-content-layout":"default","site-content-style":"default","site-sidebar-style":"default","ast-global-header-display":"","ast-banner-title-visibility":"","ast-main-header-display":"","ast-hfb-above-header-display":"","ast-hfb-below-header-display":"","ast-hfb-mobile-header-display":"","site-post-title":"","ast-breadcrumbs-content":"","ast-featured-img":"","footer-sml-layout":"","theme-transparent-header-meta":"","adv-header-id-meta":"","stick-header-meta":"","header-above-stick-meta":"","header-main-stick-meta":"","header-below-stick-meta":"","astra-migrate-meta-layouts":"default","ast-page-background-enabled":"default","ast-page-background-meta":{"desktop":{"background-color":"var(--ast-global-color-4)","background-image":"","background-repeat":"repeat","background-position":"center center","background-size":"auto","background-attachment":"scroll","background-type":"","background-media":"","overlay-type":"","overlay-color":"","overlay-opacity":"","overlay-gradient":""},"tablet":{"background-color":"","background-image":"","background-repeat":"repeat","background-position":"center center","background-size":"auto","background-attachment":"scroll","background-type":"","background-media":"","overlay-type":"","overlay-color":"","overlay-opacity":"","overlay-gradient":""},"mobile":{"background-color":"","background-image":"","background-repeat":"repeat","background-position":"center center","background-size":"auto","background-attachment":"scroll","background-type":"","background-media":"","overlay-type":"","overlay-color":"","overlay-opacity":"","overlay-gradient":""}},"ast-content-background-meta":{"desktop":{"background-color":"var(--ast-global-color-5)","background-image":"","background-repeat":"repeat","background-position":"center center","background-size":"auto","background-attachment":"scroll","background-type":"","background-media":"","overlay-type":"","overlay-color":"","overlay-opacity":"","overlay-gradient":""},"tablet":{"background-color":"var(--ast-global-color-5)","background-image":"","background-repeat":"repeat","background-position":"center center","background-size":"auto","background-attachment":"scroll","background-type":"","background-media":"","overlay-type":"","overlay-color":"","overlay-opacity":"","overlay-gradient":""},"mobile":{"background-color":"var(--ast-global-color-5)","background-image":"","background-repeat":"repeat","background-position":"center center","background-size":"auto","background-attachment":"scroll","background-type":"","background-media":"","overlay-type":"","overlay-color":"","overlay-opacity":"","overlay-gradient":""}},"ngg_post_thumbnail":0,"jetpack_post_was_ever_published":false,"_jetpack_newsletter_access":"","_jetpack_dont_email_post_to_subs":false,"_jetpack_newsletter_tier_id":0,"_jetpack_memberships_contains_paywalled_content":false,"_jetpack_memberships_contains_paid_content":false,"footnotes":""},"categories":[11,18],"tags":[],"class_list":["post-5986","post","type-post","status-publish","format-standard","hentry","category-literatur","category-video"],"jetpack_featured_media_url":"","jetpack_sharing_enabled":true,"jetpack_shortlink":"https:\/\/wp.me\/p4uzZ-1yy","jetpack-related-posts":[{"id":7259,"url":"https:\/\/textundblog.de\/?p=7259","url_meta":{"origin":5986,"position":0},"title":"Zur Lage des Journalismus","author":"Markus","date":"29\/7\/2016","format":false,"excerpt":"\"Onlinejournalisten m\u00fcssen das sich \u00fcberschlagende Weltgeschehen erkl\u00e4ren \u2013 w\u00e4hrend es geschieht.\" (schreibt Jochen Wegner in seinem klugen ZEIT-Artikel \u00abDie f\u00fcnf Paradoxien der Livemedien und der Mythos des Oknos\u00bb zur Problematik, dass Journalisten immer schneller auf aktuelle Entwicklungen reagieren m\u00fcssen (bzw. wollen). Unabh\u00e4ngig von der Frage, ob man \u00fcberhaupt noch zwischen\u2026","rel":"","context":"In &quot;Bluesky&quot;","block_context":{"text":"Bluesky","link":"https:\/\/textundblog.de\/?cat=33"},"img":{"alt_text":"Tweet der Woche","src":"wp-images\/tweetderwoche2-200x96.jpg","width":350,"height":200},"classes":[]},{"id":1882,"url":"https:\/\/textundblog.de\/?p=1882","url_meta":{"origin":5986,"position":1},"title":"Clar\u00edn gibt sechsmin\u00fctige Lektion in Onlinejournalismus","author":"Markus","date":"31\/10\/2007","format":false,"excerpt":"Ich sag ja immer: Leute, lernt Spanisch. Es ist eine faszinierende Sprache und sie erschlie\u00dft einem einen spannenden und st\u00e4ndig wachsenden Teil des Internets. Dieser Artikel richtet sich an jene, die bereits Spanisch k\u00f6nnen. In folgendem Video kann man praktisch in 6 Minuten lernen, wie guter Online-Journalismus funktioniert. Die Redaktion\u2026","rel":"","context":"In &quot;Informationskompetenz&quot;","block_context":{"text":"Informationskompetenz","link":"https:\/\/textundblog.de\/?cat=16"},"img":{"alt_text":"","src":"","width":0,"height":0},"classes":[]},{"id":958,"url":"https:\/\/textundblog.de\/?p=958","url_meta":{"origin":5986,"position":2},"title":"Studie Blogs versus Journalismus","author":"Markus","date":"20\/5\/2006","format":false,"excerpt":"Wer sowas sagt: \u00abWeblogs k\u00f6nnen den Journalismus anspornen und bereichern, aber niemals ersetzen.\u00bb der mu\u00df sich sowas anh\u00f6ren: \u00abSachkundig sein hei\u00dft \u00fcbrigens nicht, Artikel \u00fcber Blogs zu lesen. Sondern sich ein eigenes Bild zu machen. Blogs lesen.\u00bb Eine dankenswerte Replik von Fabian Mohr auf die Grundaussage einer Presseerkl\u00e4rung, die das\u2026","rel":"","context":"In &quot;Internet&quot;","block_context":{"text":"Internet","link":"https:\/\/textundblog.de\/?cat=4"},"img":{"alt_text":"","src":"","width":0,"height":0},"classes":[]},{"id":3571,"url":"https:\/\/textundblog.de\/?p=3571","url_meta":{"origin":5986,"position":3},"title":"Gemeinsamer Journalismus &#8211; Die neue N\u00e4he zwischen Lesern und Redaktion","author":"Markus","date":"19\/6\/2010","format":false,"excerpt":"War 'ne gute Sendung heute Morgen. \u00dcberhaupt ist die Reihe ZEIT Online-Talk auf DRadioWissen jeden Samstag von 11:05-12 Uhr (oder im Anschluss als Podcast) sehr informativ. Heute ging's um Prozess-Journalismus, also um einen gemeinsamen Journalismus mit neuer N\u00e4he zwischen Lesern und Redaktion. Ein Prozess, der bei vielen Medien noch in\u2026","rel":"","context":"In &quot;Bluesky&quot;","block_context":{"text":"Bluesky","link":"https:\/\/textundblog.de\/?cat=33"},"img":{"alt_text":"","src":"","width":0,"height":0},"classes":[]},{"id":6606,"url":"https:\/\/textundblog.de\/?p=6606","url_meta":{"origin":5986,"position":4},"title":"Katharine Viner \u00fcber Journalismus \u2013 und was Bibliotheken daraus lernen k\u00f6nnen","author":"Markus","date":"6\/4\/2015","format":false,"excerpt":"Wenn ich auf zum Nachdenken anregende Texte sto\u00dfe, bin ich begeistert. Wenn ich dann noch Ideen f\u00fcr meine Arbeit daraus ziehen kann, bin ich noch ein ganzes St\u00fcck mehr begeistert. So ist es mir \u00fcber Ostern gegangen, als ich einen Text von Katharine Viner, Chefredakteurin des Guardian, gelesen habe. In\u2026","rel":"","context":"In &quot;Artikel&quot;","block_context":{"text":"Artikel","link":"https:\/\/textundblog.de\/?cat=5"},"img":{"alt_text":"","src":"https:\/\/i0.wp.com\/textundblog.de\/wp-content\/bibleser-viner.jpg?resize=350%2C200&ssl=1","width":350,"height":200,"srcset":"https:\/\/i0.wp.com\/textundblog.de\/wp-content\/bibleser-viner.jpg?resize=350%2C200&ssl=1 1x, https:\/\/i0.wp.com\/textundblog.de\/wp-content\/bibleser-viner.jpg?resize=525%2C300&ssl=1 1.5x, https:\/\/i0.wp.com\/textundblog.de\/wp-content\/bibleser-viner.jpg?resize=700%2C400&ssl=1 2x"},"classes":[]},{"id":6071,"url":"https:\/\/textundblog.de\/?p=6071","url_meta":{"origin":5986,"position":5},"title":"Nicht nur im Wissenschaftsjournalismus: Aufmerksamkeit ist die W\u00e4hrung","author":"Markus","date":"16\/6\/2014","format":false,"excerpt":"Interessantes Video der Robert Bosch-Stiftung zum Thema Wissenschaftsjournalismus. Vieles, was die Wissenschaftsjournalisten hier anf\u00fchren, l\u00e4sst sich generell auf das Publizieren von Artikeln und Neuigkeiten \u2013 egal ob gedruckt oder im Netz \u2013 anwenden. \u00abAufmerksamkeit ist die W\u00e4hrung\u00bb, hei\u00dft es einmal sehr richtig. Es ist immer ein Kampf um Aufmerksamkeit. Mit\u2026","rel":"","context":"In &quot;Literatur&quot;","block_context":{"text":"Literatur","link":"https:\/\/textundblog.de\/?cat=11"},"img":{"alt_text":"","src":"https:\/\/i0.wp.com\/textundblog.de\/wp-content\/wiss-journalismus.jpg?resize=350%2C200&ssl=1","width":350,"height":200},"classes":[]}],"_links":{"self":[{"href":"https:\/\/textundblog.de\/index.php?rest_route=\/wp\/v2\/posts\/5986","targetHints":{"allow":["GET"]}}],"collection":[{"href":"https:\/\/textundblog.de\/index.php?rest_route=\/wp\/v2\/posts"}],"about":[{"href":"https:\/\/textundblog.de\/index.php?rest_route=\/wp\/v2\/types\/post"}],"author":[{"embeddable":true,"href":"https:\/\/textundblog.de\/index.php?rest_route=\/wp\/v2\/users\/1"}],"replies":[{"embeddable":true,"href":"https:\/\/textundblog.de\/index.php?rest_route=%2Fwp%2Fv2%2Fcomments&post=5986"}],"version-history":[{"count":0,"href":"https:\/\/textundblog.de\/index.php?rest_route=\/wp\/v2\/posts\/5986\/revisions"}],"wp:attachment":[{"href":"https:\/\/textundblog.de\/index.php?rest_route=%2Fwp%2Fv2%2Fmedia&parent=5986"}],"wp:term":[{"taxonomy":"category","embeddable":true,"href":"https:\/\/textundblog.de\/index.php?rest_route=%2Fwp%2Fv2%2Fcategories&post=5986"},{"taxonomy":"post_tag","embeddable":true,"href":"https:\/\/textundblog.de\/index.php?rest_route=%2Fwp%2Fv2%2Ftags&post=5986"}],"curies":[{"name":"wp","href":"https:\/\/api.w.org\/{rel}","templated":true}]}}