{"id":5975,"date":"2014-05-09T17:03:46","date_gmt":"2014-05-09T15:03:46","guid":{"rendered":"http:\/\/textundblog.de\/?p=5975"},"modified":"2014-05-09T17:22:15","modified_gmt":"2014-05-09T15:22:15","slug":"ballbesitz","status":"publish","type":"post","link":"https:\/\/textundblog.de\/?p=5975","title":{"rendered":"Ballbesitz"},"content":{"rendered":"<p><a href=\"https:\/\/textundblog.de\/?tag=tweetderwoche\"> <img loading=\"lazy\" decoding=\"async\" src=\"wp-images\/tweetderwoche2-200x96.jpg\" alt=\"Tweet der Woche\" title=\"Tweet der Woche\" height=\"96\" width=\"200\" class=\"bildrechts\" \/><\/a> Die Bayern sind ja mit ihrer Philosophie des <a href=\"http:\/\/www.sueddeutsche.de\/sport\/fc-bayerns-niederlage-in-madrid-laehmende-gier-nach-ballbesitz-1.1942894\">Ballbesitzes<\/a> gegen Real Madrid grandios gescheitert. Dass die Bewertung numerischer Gr\u00f6\u00dfen auch auf anderen Gebieten nicht automatisch was mit Qualit\u00e4t zu tun hat, zeigt <a href=\"https:\/\/www.twitter.com\/e13Kiki\/\">@e13kiki<\/a> mit ihrem Tweet der Woche.<\/p>\n<p><a href=\"https:\/\/www.twitter.com\/e13Kiki\/status\/463555366492839936\"><img data-recalc-dims=\"1\" loading=\"lazy\" decoding=\"async\" data-attachment-id=\"5976\" data-permalink=\"https:\/\/textundblog.de\/?attachment_id=5976\" data-orig-file=\"https:\/\/i0.wp.com\/textundblog.de\/wp-content\/image2-e1399648788802.jpg?fit=500%2C191&amp;ssl=1\" data-orig-size=\"500,191\" data-comments-opened=\"1\" data-image-meta=\"{&quot;aperture&quot;:&quot;0&quot;,&quot;credit&quot;:&quot;&quot;,&quot;camera&quot;:&quot;&quot;,&quot;caption&quot;:&quot;&quot;,&quot;created_timestamp&quot;:&quot;0&quot;,&quot;copyright&quot;:&quot;&quot;,&quot;focal_length&quot;:&quot;0&quot;,&quot;iso&quot;:&quot;0&quot;,&quot;shutter_speed&quot;:&quot;0&quot;,&quot;title&quot;:&quot;&quot;}\" data-image-title=\"Tweet e13kiki\" data-image-description=\"\" data-image-caption=\"\" data-large-file=\"https:\/\/i0.wp.com\/textundblog.de\/wp-content\/image2-e1399648788802.jpg?fit=1024%2C390&amp;ssl=1\" title=\"Tweet e13kiki\"  src=\"https:\/\/i0.wp.com\/textundblog.de\/wp-content\/image2-e1399648788802.jpg?resize=500%2C191&#038;ssl=1\" alt=\"Tweet e13kiki\" width=\"500\" height=\"191\" class=\"alignnone size-full wp-image-5976\" \/><\/a><\/p>\n<p>Hier geht&#8217;s zu den vergangenen <a href=\"https:\/\/textundblog.de\/?tag=tweetderwoche\">Tweets der Woche<\/a>.<\/p>\n","protected":false},"excerpt":{"rendered":"<p>Die Bayern sind ja mit ihrer Philosophie des Ballbesitzes gegen Real Madrid grandios gescheitert. Dass die Bewertung numerischer Gr\u00f6\u00dfen auch auf anderen Gebieten nicht automatisch was mit Qualit\u00e4t zu tun hat, zeigt @e13kiki mit ihrem Tweet der Woche. Hier geht&#8217;s zu den vergangenen Tweets der Woche.<\/p>\n","protected":false},"author":1,"featured_media":0,"comment_status":"open","ping_status":"open","sticky":false,"template":"","format":"standard","meta":{"site-sidebar-layout":"default","site-content-layout":"","ast-site-content-layout":"default","site-content-style":"default","site-sidebar-style":"default","ast-global-header-display":"","ast-banner-title-visibility":"","ast-main-header-display":"","ast-hfb-above-header-display":"","ast-hfb-below-header-display":"","ast-hfb-mobile-header-display":"","site-post-title":"","ast-breadcrumbs-content":"","ast-featured-img":"","footer-sml-layout":"","theme-transparent-header-meta":"","adv-header-id-meta":"","stick-header-meta":"","header-above-stick-meta":"","header-main-stick-meta":"","header-below-stick-meta":"","astra-migrate-meta-layouts":"default","ast-page-background-enabled":"default","ast-page-background-meta":{"desktop":{"background-color":"var(--ast-global-color-4)","background-image":"","background-repeat":"repeat","background-position":"center center","background-size":"auto","background-attachment":"scroll","background-type":"","background-media":"","overlay-type":"","overlay-color":"","overlay-opacity":"","overlay-gradient":""},"tablet":{"background-color":"","background-image":"","background-repeat":"repeat","background-position":"center center","background-size":"auto","background-attachment":"scroll","background-type":"","background-media":"","overlay-type":"","overlay-color":"","overlay-opacity":"","overlay-gradient":""},"mobile":{"background-color":"","background-image":"","background-repeat":"repeat","background-position":"center center","background-size":"auto","background-attachment":"scroll","background-type":"","background-media":"","overlay-type":"","overlay-color":"","overlay-opacity":"","overlay-gradient":""}},"ast-content-background-meta":{"desktop":{"background-color":"var(--ast-global-color-5)","background-image":"","background-repeat":"repeat","background-position":"center center","background-size":"auto","background-attachment":"scroll","background-type":"","background-media":"","overlay-type":"","overlay-color":"","overlay-opacity":"","overlay-gradient":""},"tablet":{"background-color":"var(--ast-global-color-5)","background-image":"","background-repeat":"repeat","background-position":"center center","background-size":"auto","background-attachment":"scroll","background-type":"","background-media":"","overlay-type":"","overlay-color":"","overlay-opacity":"","overlay-gradient":""},"mobile":{"background-color":"var(--ast-global-color-5)","background-image":"","background-repeat":"repeat","background-position":"center center","background-size":"auto","background-attachment":"scroll","background-type":"","background-media":"","overlay-type":"","overlay-color":"","overlay-opacity":"","overlay-gradient":""}},"ngg_post_thumbnail":0,"jetpack_post_was_ever_published":false,"_jetpack_newsletter_access":"","_jetpack_dont_email_post_to_subs":false,"_jetpack_newsletter_tier_id":0,"_jetpack_memberships_contains_paywalled_content":false,"_jetpack_memberships_contains_paid_content":false,"footnotes":""},"categories":[33,11],"tags":[77],"class_list":["post-5975","post","type-post","status-publish","format-standard","hentry","category-twitter","category-literatur","tag-tweetderwoche"],"jetpack_featured_media_url":"","jetpack_sharing_enabled":true,"jetpack_shortlink":"https:\/\/wp.me\/p4uzZ-1yn","jetpack-related-posts":[{"id":3953,"url":"https:\/\/textundblog.de\/?p=3953","url_meta":{"origin":5975,"position":0},"title":"FC St. Pauli &#8211; FC K\u00f6ln: Ein Spiel, das wir so schnell nicht vergessen werden","author":"Markus","date":"30\/1\/2011","format":false,"excerpt":"Was haben wir da gestern f\u00fcr ein grandioses Match am Millerntor gesehen. Ich sagte noch vor dem Spiel in der Nord zur Bezugsgruppe: \u00abWir werden heute ein Spiel sehen, dass wir so schnell nicht vergessen werden!\u00bb. Ich sollte recht behalten: 30:3 Torsch\u00fcsse, ein \u2013 in den ersten 25 Minuten zun\u00e4chst\u2026","rel":"","context":"In &quot;FC St. Pauli&quot;","block_context":{"text":"FC St. Pauli","link":"https:\/\/textundblog.de\/?cat=76"},"img":{"alt_text":"Blick auf's Nord-Trib\u00fcnen-H\u00e4uschen ","src":"https:\/\/i0.wp.com\/textundblog.de\/wp-content\/fcsp-koeln-1-2011-b.jpg?resize=350%2C200&ssl=1","width":350,"height":200},"classes":[]},{"id":5817,"url":"https:\/\/textundblog.de\/?p=5817","url_meta":{"origin":5975,"position":1},"title":"Tweet der Woche: Volltreffer","author":"Markus","date":"14\/2\/2014","format":false,"excerpt":"Manche Tweets handeln von Politik, bei manch anderen dreht es sich um Fu\u00dfball. Im Tweet der Woche geht's um beides. Um in der Sprache des Ballsports zu bleiben, @kaffeecup hat einen Volltreffer gelandet: https:\/\/twitter.com\/kaffeecup\/status\/432483833121103872 Hier geht's zu den vergangenen Tweets der Woche.","rel":"","context":"In &quot;Bluesky&quot;","block_context":{"text":"Bluesky","link":"https:\/\/textundblog.de\/?cat=33"},"img":{"alt_text":"Tweet der Woche","src":"wp-images\/tweetderwoche2-200x96.jpg","width":350,"height":200},"classes":[]},{"id":10277,"url":"https:\/\/textundblog.de\/?p=10277","url_meta":{"origin":5975,"position":2},"title":"Max Eberl weg vom Fussball","author":"Markus","date":"4\/9\/2022","format":false,"excerpt":"Wer sich mit Fussball nicht so gut auskennt, versteht diesen Tweet nur, wenn er die Kritik kennt, die an RB Leipzig ge\u00fcbt wird. Dieser Satz aus der taz bringt jene Kritik gut auf den Punkt: Der Verein ist schlie\u00dflich nicht gegr\u00fcndet worden, weil irgendwelche jungen Leute gerne kicken, sondern weil\u2026","rel":"","context":"In &quot;Bluesky&quot;","block_context":{"text":"Bluesky","link":"https:\/\/textundblog.de\/?cat=33"},"img":{"alt_text":"Tweet der Woche","src":"wp-images\/tweetderwoche2-200x96.jpg","width":350,"height":200},"classes":[]},{"id":7857,"url":"https:\/\/textundblog.de\/?p=7857","url_meta":{"origin":5975,"position":3},"title":"Ansonsten gibt es da noch Bibliotheken","author":"Markus","date":"29\/4\/2017","format":false,"excerpt":"Mit einem guten Tipp f\u00fcr die Altersvorsorge kommt der @cafehaussitzer in seinem ohnehin sehr lesenswerten Twitter-Account daher. F\u00fcr mich der Tweet der Woche: https:\/\/twitter.com\/cafehaussitzer\/status\/856878618252898304 Als Zusatz-Tipp vielleicht noch: Ansonsten gibt es da noch Bibliotheken. ;-) Hier geht's zu den vergangenen Tweets der Woche.","rel":"","context":"In &quot;Bluesky&quot;","block_context":{"text":"Bluesky","link":"https:\/\/textundblog.de\/?cat=33"},"img":{"alt_text":"Tweet der Woche","src":"wp-images\/tweetderwoche2-200x96.jpg","width":350,"height":200},"classes":[]},{"id":8133,"url":"https:\/\/textundblog.de\/?p=8133","url_meta":{"origin":5975,"position":4},"title":"1:0 f\u00fcr Boateng","author":"Markus","date":"6\/10\/2017","format":false,"excerpt":"Im sich gerade konstituierenden neuen Bundestag zeichnet sich ein Streit \u00fcber die kommende Sitzordnung ab. Niemand will dort neben der AfD sitzen. Dazu passend erinnert @gemuellert in seinem Tweet an das uns\u00e4gliche Nachbarschafts-Zitat von Rechtspopulist Gauland: https:\/\/twitter.com\/gemuellert\/status\/915596018925924354 Hier geht's zu den vergangenen Tweets der Woche.","rel":"","context":"In &quot;Bluesky&quot;","block_context":{"text":"Bluesky","link":"https:\/\/textundblog.de\/?cat=33"},"img":{"alt_text":"Tweet der Woche","src":"wp-images\/tweetderwoche2-200x96.jpg","width":350,"height":200},"classes":[]},{"id":4737,"url":"https:\/\/textundblog.de\/?p=4737","url_meta":{"origin":5975,"position":5},"title":"Tweet der Woche im Zeichen der EM","author":"Markus","date":"8\/6\/2012","format":false,"excerpt":"War ja klar, dass der Tweet der Woche zur gleich zu er\u00f6ffnenden EM kommt. Weniger wegen des Tweettextes als solchem, sondern wegen des Links, den er enth\u00e4lt. Seht selbst: marcel-ist-reif.de. Update 10.06.2012: Der Tweetautor @jensbest setzt noch eins drauf und wird heute selbst als Kommentator beim Spiel Esp-Ita t\u00e4tig. Die\u2026","rel":"","context":"In &quot;Bluesky&quot;","block_context":{"text":"Bluesky","link":"https:\/\/textundblog.de\/?cat=33"},"img":{"alt_text":"Tweet der Woche von @jensbest","src":"https:\/\/i0.wp.com\/textundblog.de\/wp-content\/jensbesttdw062012.png?resize=350%2C200&ssl=1","width":350,"height":200},"classes":[]}],"_links":{"self":[{"href":"https:\/\/textundblog.de\/index.php?rest_route=\/wp\/v2\/posts\/5975","targetHints":{"allow":["GET"]}}],"collection":[{"href":"https:\/\/textundblog.de\/index.php?rest_route=\/wp\/v2\/posts"}],"about":[{"href":"https:\/\/textundblog.de\/index.php?rest_route=\/wp\/v2\/types\/post"}],"author":[{"embeddable":true,"href":"https:\/\/textundblog.de\/index.php?rest_route=\/wp\/v2\/users\/1"}],"replies":[{"embeddable":true,"href":"https:\/\/textundblog.de\/index.php?rest_route=%2Fwp%2Fv2%2Fcomments&post=5975"}],"version-history":[{"count":0,"href":"https:\/\/textundblog.de\/index.php?rest_route=\/wp\/v2\/posts\/5975\/revisions"}],"wp:attachment":[{"href":"https:\/\/textundblog.de\/index.php?rest_route=%2Fwp%2Fv2%2Fmedia&parent=5975"}],"wp:term":[{"taxonomy":"category","embeddable":true,"href":"https:\/\/textundblog.de\/index.php?rest_route=%2Fwp%2Fv2%2Fcategories&post=5975"},{"taxonomy":"post_tag","embeddable":true,"href":"https:\/\/textundblog.de\/index.php?rest_route=%2Fwp%2Fv2%2Ftags&post=5975"}],"curies":[{"name":"wp","href":"https:\/\/api.w.org\/{rel}","templated":true}]}}