{"id":5968,"date":"2014-05-08T21:26:14","date_gmt":"2014-05-08T19:26:14","guid":{"rendered":"http:\/\/textundblog.de\/?p=5968"},"modified":"2014-05-12T10:22:13","modified_gmt":"2014-05-12T08:22:13","slug":"interview-vorstellungen-der-hamburger-piraten","status":"publish","type":"post","link":"https:\/\/textundblog.de\/?p=5968","title":{"rendered":"Interview-Vorstellungen der Hamburger Piraten"},"content":{"rendered":"<p><a href=\"http:\/\/piraten-hh.de\/btw-2013\/wandsbek\/kandidaten-fuer-wandsbek\/markus-trapp-listenplatz-1-bezirksliste-wandsbek\/#t=0:00.000\"><img data-recalc-dims=\"1\" loading=\"lazy\" decoding=\"async\" data-attachment-id=\"5970\" data-permalink=\"https:\/\/textundblog.de\/?attachment_id=5970\" data-orig-file=\"https:\/\/i0.wp.com\/textundblog.de\/wp-content\/piraten-hh-markus.jpg?fit=500%2C411&amp;ssl=1\" data-orig-size=\"500,411\" data-comments-opened=\"1\" data-image-meta=\"{&quot;aperture&quot;:&quot;0&quot;,&quot;credit&quot;:&quot;&quot;,&quot;camera&quot;:&quot;&quot;,&quot;caption&quot;:&quot;&quot;,&quot;created_timestamp&quot;:&quot;0&quot;,&quot;copyright&quot;:&quot;&quot;,&quot;focal_length&quot;:&quot;0&quot;,&quot;iso&quot;:&quot;0&quot;,&quot;shutter_speed&quot;:&quot;0&quot;,&quot;title&quot;:&quot;&quot;}\" data-image-title=\"piraten-hh-markus\" data-image-description=\"\" data-image-caption=\"\" data-large-file=\"https:\/\/i0.wp.com\/textundblog.de\/wp-content\/piraten-hh-markus.jpg?fit=500%2C411&amp;ssl=1\" title=\"Interview: Markus Trapp - Bezirk Wandsbek\" src=\"https:\/\/i0.wp.com\/textundblog.de\/wp-content\/piraten-hh-markus.jpg?resize=500%2C411&#038;ssl=1\" alt=\"Markus Trapp - Bezirksliste Wandsbek\" width=\"500\" height=\"411\" class=\"alignnone size-full wp-image-5970\" srcset=\"https:\/\/i0.wp.com\/textundblog.de\/wp-content\/piraten-hh-markus.jpg?w=500&amp;ssl=1 500w, https:\/\/i0.wp.com\/textundblog.de\/wp-content\/piraten-hh-markus.jpg?resize=300%2C246&amp;ssl=1 300w\" sizes=\"auto, (max-width: 500px) 100vw, 500px\" \/><\/a><\/p>\n<p>Manchmal werde ich gefragt, seit wann ich eigentlich bei den Piraten bin (<a href=\"http:\/\/sexypirates.org\/sort\/age\">relativ lange<\/a> schon) und vor allem, warum. Diese und die ganz aktuellen Fragen, warum ich bei den Bezirkswahlen in Wandsbek f\u00fcr die Piraten antrete, beantworte ich im Rahmen einer Interview-Reihe, in der Thomas Michel auf der Website der Hamburger Piraten die 7 Spitzenkandidaten der Hamburger Bezirke vorstellt. Wenn ihr mich eine halbe Stunde ertragen k\u00f6nnt, <a href=\"http:\/\/piraten-hh.de\/btw-2013\/wandsbek\/kandidaten-fuer-wandsbek\/markus-trapp-listenplatz-1-bezirksliste-wandsbek\/#t=0:00.000\">h\u00f6rt doch mal dort rein<\/a>. Dank Thomas&#8216; gut strukturiertem Interview, das wir \u2013 versprochen! \u2013 nicht vorbereitet hatten, sondern in dem ich wirklich sehr spontan und &#8222;ungeschminkt&#8220; geantwortet habe, l\u00e4sst sich das ganz gut anh\u00f6ren, finde ich. Eure ehrliche Meinung dazu, w\u00fcrde mich interessieren, gern hier in den Kommentaren oder auch per <a href=\"https:\/\/textundblog.de\/?page_id=910\">E-Mail<\/a>.<br \/>\n<!--more--><br \/>\nUnd alle Hamburger, die nicht im wundersch\u00f6nen Wandsbek, sondern in anderen Stadtteilen der Hansestadt leben, kann ich nur den Tipp geben, auch mal auf der Website der Piraten nachzuschauen, wie ihre Kandidaten dort vorgestellt werden. Zum Beispiel Andreas Gerhold f\u00fcr Mitte (und St. Pauli), der ja neben seinen Pl\u00e4nen f\u00fcr die kommende aus dem Erfahrungsschatz der vergangenen Bezirksversammlung berichten kann, in die er 2011 gew\u00e4hlt wurde:<\/p>\n<p><a href=\"http:\/\/piraten-hh.de\/2014\/05\/07\/kandidaten-zur-bezirkswahl-andreas-gerhold-fuer-hamburg-mitte\/\"><img data-recalc-dims=\"1\" loading=\"lazy\" decoding=\"async\" data-attachment-id=\"5969\" data-permalink=\"https:\/\/textundblog.de\/?attachment_id=5969\" data-orig-file=\"https:\/\/i0.wp.com\/textundblog.de\/wp-content\/piraten-hh-bezirke.jpg?fit=500%2C271&amp;ssl=1\" data-orig-size=\"500,271\" data-comments-opened=\"1\" data-image-meta=\"{&quot;aperture&quot;:&quot;0&quot;,&quot;credit&quot;:&quot;&quot;,&quot;camera&quot;:&quot;&quot;,&quot;caption&quot;:&quot;&quot;,&quot;created_timestamp&quot;:&quot;0&quot;,&quot;copyright&quot;:&quot;&quot;,&quot;focal_length&quot;:&quot;0&quot;,&quot;iso&quot;:&quot;0&quot;,&quot;shutter_speed&quot;:&quot;0&quot;,&quot;title&quot;:&quot;&quot;}\" data-image-title=\"piraten-hh-bezirke\" data-image-description=\"\" data-image-caption=\"\" data-large-file=\"https:\/\/i0.wp.com\/textundblog.de\/wp-content\/piraten-hh-bezirke.jpg?fit=500%2C271&amp;ssl=1\" title=\"piraten-hh-bezirke\"  src=\"https:\/\/i0.wp.com\/textundblog.de\/wp-content\/piraten-hh-bezirke.jpg?resize=500%2C271&#038;ssl=1\" alt=\"piraten-hh-bezirke\" width=\"500\" height=\"271\" class=\"alignnone size-full wp-image-5969\" srcset=\"https:\/\/i0.wp.com\/textundblog.de\/wp-content\/piraten-hh-bezirke.jpg?w=500&amp;ssl=1 500w, https:\/\/i0.wp.com\/textundblog.de\/wp-content\/piraten-hh-bezirke.jpg?resize=300%2C162&amp;ssl=1 300w\" sizes=\"auto, (max-width: 500px) 100vw, 500px\" \/><\/a><\/p>\n<p>Also, anstatt die Piraten wegen der momentan ungl\u00fccklichen Gro\u00dfwetterlage grunds\u00e4tzlich nicht zu w\u00e4hlen, vielleicht mal schauen, wer die Kandidatinnen und Kandidaten sind, die da im einzelnen antreten. Die Bezirkswahlen sind vor allem personenbezogene Wahlen.<\/p>\n<p>Neben diesen ganzen Webgeschichten, denke ich ja manchmal, dass es fast wichtiger ist, in der Lokalpresse aufzutauchen, etwa im Wandsbeker Wochenblatt. Jedenfalls hat es meine Kurzvorstellung, \u00fcbrigens ohne mein Zutun, in die letzte Ausgabe geschafft. Ich danke <a href=\"http:\/\/piraten-hh.de\/btw-2013\/hamburg-nord\/kandidaten\/markus-poestinger-listenplatz-2-bezirksliste-nord\/\">Markus P\u00f6stinger<\/a>, den man \u00fcbrigens in Nord w\u00e4hlen kann, f\u00fcr den <a href=\"https:\/\/twitter.com\/CarlKnutsen\/status\/464095720006774784\">Hinweis<\/a>:<\/p>\n<p><a href=\"https:\/\/i0.wp.com\/textundblog.de\/wp-content\/wochenblattwandsbek-gr.jpg?ssl=1\"><img data-recalc-dims=\"1\" loading=\"lazy\" decoding=\"async\" data-attachment-id=\"5971\" data-permalink=\"https:\/\/textundblog.de\/?attachment_id=5971\" data-orig-file=\"https:\/\/i0.wp.com\/textundblog.de\/wp-content\/wochenblattwandsbek.jpg?fit=500%2C667&amp;ssl=1\" data-orig-size=\"500,667\" data-comments-opened=\"1\" data-image-meta=\"{&quot;aperture&quot;:&quot;0&quot;,&quot;credit&quot;:&quot;&quot;,&quot;camera&quot;:&quot;&quot;,&quot;caption&quot;:&quot;&quot;,&quot;created_timestamp&quot;:&quot;0&quot;,&quot;copyright&quot;:&quot;&quot;,&quot;focal_length&quot;:&quot;0&quot;,&quot;iso&quot;:&quot;0&quot;,&quot;shutter_speed&quot;:&quot;0&quot;,&quot;title&quot;:&quot;&quot;}\" data-image-title=\"wochenblattwandsbek\" data-image-description=\"\" data-image-caption=\"\" data-large-file=\"https:\/\/i0.wp.com\/textundblog.de\/wp-content\/wochenblattwandsbek.jpg?fit=500%2C667&amp;ssl=1\" title=\"Wochenblatt Wandsbek\"  src=\"https:\/\/i0.wp.com\/textundblog.de\/wp-content\/wochenblattwandsbek.jpg?resize=500%2C667&#038;ssl=1\" alt=\"Wochenblatt Wandsbek\" width=\"500\" height=\"667\" class=\"alignnone size-full wp-image-5971\" srcset=\"https:\/\/i0.wp.com\/textundblog.de\/wp-content\/wochenblattwandsbek.jpg?w=500&amp;ssl=1 500w, https:\/\/i0.wp.com\/textundblog.de\/wp-content\/wochenblattwandsbek.jpg?resize=224%2C300&amp;ssl=1 224w\" sizes=\"auto, (max-width: 500px) 100vw, 500px\" \/><\/a><\/p>\n<p>Und noch ein Hinweis zum Schluss: Lasst euch nicht von Wahlplakaten in die Irre f\u00fchren. Die sind doch alle lug und trug. Die Leute, die man darauf sieht, sehen in Wahrheit ganz anders aus:<\/p>\n<blockquote class=\"twitter-tweet\" data-width=\"500\" data-dnt=\"true\">\n<p lang=\"de\" dir=\"ltr\">Kann man die beiden w\u00e4hlen? Was meint ihr? <a href=\"https:\/\/twitter.com\/hashtag\/bvhh14?src=hash&amp;ref_src=twsrc%5Etfw\">#bvhh14<\/a> <a href=\"http:\/\/t.co\/nkJqdYSZTD\">pic.twitter.com\/nkJqdYSZTD<\/a><\/p>\n<p>&mdash; Markus Trapp (@textundblog) <a href=\"https:\/\/twitter.com\/textundblog\/status\/463722570874118145?ref_src=twsrc%5Etfw\">May 6, 2014<\/a><\/p><\/blockquote>\n<p><script async src=\"https:\/\/platform.twitter.com\/widgets.js\" charset=\"utf-8\"><\/script><\/p>\n<p><strong>Update 12. Mai 2014:<\/strong><\/p>\n<p><a href=\"http:\/\/piraten-hh.de\/2014\/05\/12\/kandidaten-zur-bezirkswahl-markus-trapp-fuer-wandsbek\/\"><img data-recalc-dims=\"1\" loading=\"lazy\" decoding=\"async\" data-attachment-id=\"5978\" data-permalink=\"https:\/\/textundblog.de\/?attachment_id=5978\" data-orig-file=\"https:\/\/i0.wp.com\/textundblog.de\/wp-content\/ma-couch.jpg?fit=500%2C172&amp;ssl=1\" data-orig-size=\"500,172\" data-comments-opened=\"1\" data-image-meta=\"{&quot;aperture&quot;:&quot;0&quot;,&quot;credit&quot;:&quot;&quot;,&quot;camera&quot;:&quot;&quot;,&quot;caption&quot;:&quot;&quot;,&quot;created_timestamp&quot;:&quot;0&quot;,&quot;copyright&quot;:&quot;&quot;,&quot;focal_length&quot;:&quot;0&quot;,&quot;iso&quot;:&quot;0&quot;,&quot;shutter_speed&quot;:&quot;0&quot;,&quot;title&quot;:&quot;&quot;}\" data-image-title=\"Kandidaten zur Bezirkswahl \u2013 Markus Trapp f\u00fcr Wandsbek\" data-image-description=\"&lt;p&gt;Kandidaten zur Bezirkswahl \u2013 Markus Trapp f\u00fcr Wandsbek&lt;\/p&gt;\n\" data-image-caption=\"\" data-large-file=\"https:\/\/i0.wp.com\/textundblog.de\/wp-content\/ma-couch.jpg?fit=500%2C172&amp;ssl=1\" title=\"Kandidaten zur Bezirkswahl \u2013 Markus Trapp f\u00fcr Wandsbek\"  src=\"https:\/\/i0.wp.com\/textundblog.de\/wp-content\/ma-couch.jpg?resize=500%2C172&#038;ssl=1\" alt=\"Kandidaten zur Bezirkswahl \u2013 Markus Trapp f\u00fcr Wandsbek\" width=\"500\" height=\"172\" class=\"alignnone size-full wp-image-5978\" srcset=\"https:\/\/i0.wp.com\/textundblog.de\/wp-content\/ma-couch.jpg?w=500&amp;ssl=1 500w, https:\/\/i0.wp.com\/textundblog.de\/wp-content\/ma-couch.jpg?resize=300%2C103&amp;ssl=1 300w\" sizes=\"auto, (max-width: 500px) 100vw, 500px\" \/><\/a><\/p>\n<p>Heute wird das Interview mit mir auch auf der Website der Piraten Hamburg vorgestellt: \u00ab<a href=\"http:\/\/piraten-hh.de\/2014\/05\/12\/kandidaten-zur-bezirkswahl-markus-trapp-fuer-wandsbek\/\">Kandidaten zur Bezirkswahl \u2013 Markus Trapp f\u00fcr Wandsbek<\/a>\u00bb.<br \/>\nDas Foto hat Thomas Michel im Rahmen des Interviews bei mir im Wohnzimmer aufgenommen.<\/p>\n","protected":false},"excerpt":{"rendered":"<p>Manchmal werde ich gefragt, seit wann ich eigentlich bei den Piraten bin (relativ lange schon) und vor allem, warum. Diese und die ganz aktuellen Fragen, warum ich bei den Bezirkswahlen in Wandsbek f\u00fcr die Piraten antrete, beantworte ich im Rahmen einer Interview-Reihe, in der Thomas Michel auf der Website der Hamburger Piraten die 7 Spitzenkandidaten [&hellip;]<\/p>\n","protected":false},"author":1,"featured_media":0,"comment_status":"open","ping_status":"open","sticky":false,"template":"","format":"standard","meta":{"site-sidebar-layout":"default","site-content-layout":"","ast-site-content-layout":"default","site-content-style":"default","site-sidebar-style":"default","ast-global-header-display":"","ast-banner-title-visibility":"","ast-main-header-display":"","ast-hfb-above-header-display":"","ast-hfb-below-header-display":"","ast-hfb-mobile-header-display":"","site-post-title":"","ast-breadcrumbs-content":"","ast-featured-img":"","footer-sml-layout":"","theme-transparent-header-meta":"","adv-header-id-meta":"","stick-header-meta":"","header-above-stick-meta":"","header-main-stick-meta":"","header-below-stick-meta":"","astra-migrate-meta-layouts":"default","ast-page-background-enabled":"default","ast-page-background-meta":{"desktop":{"background-color":"var(--ast-global-color-4)","background-image":"","background-repeat":"repeat","background-position":"center center","background-size":"auto","background-attachment":"scroll","background-type":"","background-media":"","overlay-type":"","overlay-color":"","overlay-opacity":"","overlay-gradient":""},"tablet":{"background-color":"","background-image":"","background-repeat":"repeat","background-position":"center center","background-size":"auto","background-attachment":"scroll","background-type":"","background-media":"","overlay-type":"","overlay-color":"","overlay-opacity":"","overlay-gradient":""},"mobile":{"background-color":"","background-image":"","background-repeat":"repeat","background-position":"center center","background-size":"auto","background-attachment":"scroll","background-type":"","background-media":"","overlay-type":"","overlay-color":"","overlay-opacity":"","overlay-gradient":""}},"ast-content-background-meta":{"desktop":{"background-color":"var(--ast-global-color-5)","background-image":"","background-repeat":"repeat","background-position":"center center","background-size":"auto","background-attachment":"scroll","background-type":"","background-media":"","overlay-type":"","overlay-color":"","overlay-opacity":"","overlay-gradient":""},"tablet":{"background-color":"var(--ast-global-color-5)","background-image":"","background-repeat":"repeat","background-position":"center center","background-size":"auto","background-attachment":"scroll","background-type":"","background-media":"","overlay-type":"","overlay-color":"","overlay-opacity":"","overlay-gradient":""},"mobile":{"background-color":"var(--ast-global-color-5)","background-image":"","background-repeat":"repeat","background-position":"center center","background-size":"auto","background-attachment":"scroll","background-type":"","background-media":"","overlay-type":"","overlay-color":"","overlay-opacity":"","overlay-gradient":""}},"ngg_post_thumbnail":0,"jetpack_post_was_ever_published":false,"_jetpack_newsletter_access":"","_jetpack_dont_email_post_to_subs":false,"_jetpack_newsletter_tier_id":0,"_jetpack_memberships_contains_paywalled_content":false,"_jetpack_memberships_contains_paid_content":false,"footnotes":""},"categories":[15,9],"tags":[],"class_list":["post-5968","post","type-post","status-publish","format-standard","hentry","category-hamburg","category-politik"],"jetpack_featured_media_url":"","jetpack_sharing_enabled":true,"jetpack_shortlink":"https:\/\/wp.me\/p4uzZ-1yg","jetpack-related-posts":[{"id":6017,"url":"https:\/\/textundblog.de\/?p=6017","url_meta":{"origin":5968,"position":0},"title":"Bezirkswahl Hamburg: F\u00fcr Wandsbek hat es nicht gereicht","author":"Markus","date":"26\/5\/2014","format":false,"excerpt":"https:\/\/twitter.com\/textundblog\/status\/470980454771085312 Ich danke allen, die mich gew\u00e4hlt und unterst\u00fctzt haben. Es war trotz nicht einfacher Voraussetzungen wichtig, bei der Wahl anzutreten. Wir haben die zum Einzug in die Bezirksversammlung notwendigen 3 % nicht geschafft. Das Positive aus Sicht der Piraten in Hamburg: In 2 von 7 Bezirken ist der Einzug\u2026","rel":"","context":"In &quot;Hamburg&quot;","block_context":{"text":"Hamburg","link":"https:\/\/textundblog.de\/?cat=15"},"img":{"alt_text":"","src":"","width":0,"height":0},"classes":[]},{"id":5788,"url":"https:\/\/textundblog.de\/?p=5788","url_meta":{"origin":5968,"position":1},"title":"Aufstellungsversammlung Piraten Wandsbek","author":"Markus","date":"17\/1\/2014","format":false,"excerpt":"Am 25. Mai 2014 finden in Hamburg parallel zur Europawahl die Bezirkswahlen statt. Ich hab mich \u2013 im 5. Jahr meiner Parteizugeh\u00f6rigkeit \u2013 entschieden, mich bei den Wandsbeker Piraten f\u00fcr eine Kandidatur zur Bezirkswahl zu bewerben. Morgen, Samstag, den 18. Januar ab 12:00 Uhr, findet die Aufstellungsversammlung der Piraten Wandsbek\u2026","rel":"","context":"In &quot;Hamburg&quot;","block_context":{"text":"Hamburg","link":"https:\/\/textundblog.de\/?cat=15"},"img":{"alt_text":"","src":"https:\/\/i0.wp.com\/textundblog.de\/wp-content\/wandsbekbezirk-aufstellung.jpg?resize=350%2C200&ssl=1","width":350,"height":200},"classes":[]},{"id":5883,"url":"https:\/\/textundblog.de\/?p=5883","url_meta":{"origin":5968,"position":2},"title":"Wahlkampfauftakt: Auf dem Podium in Rahlstedt","author":"Markus","date":"11\/4\/2014","format":false,"excerpt":"Ab und an berichte ich hier von etwas, was ich zum ersten Mal gemacht habe. Isa nennt so was ja \u00abSachen machen\u00bb. Das wird wieder so ein Artikel aus der Reihe. Was ich dieses Mal zum ersten Mal gemacht habe? Auf einer politischen Podiumsdiskussion gesessen. Und zwar ganz im Osten\u2026","rel":"","context":"In &quot;Hamburg&quot;","block_context":{"text":"Hamburg","link":"https:\/\/textundblog.de\/?cat=15"},"img":{"alt_text":"","src":"https:\/\/i0.wp.com\/textundblog.de\/wp-content\/podium-rahlstedt.jpg?resize=350%2C200&ssl=1","width":350,"height":200},"classes":[]},{"id":6525,"url":"https:\/\/textundblog.de\/?p=6525","url_meta":{"origin":5968,"position":3},"title":"PIRATEN Hamburg zur B\u00fcrgerschaftswahl 2015","author":"Markus","date":"24\/1\/2015","format":false,"excerpt":"http:\/\/youtu.be\/y9XM_cpnQTk Soeben ver\u00f6ffentlicht: der Wahlspot der Piraten Hamburg. Finde ihn sehr gut. Im Vortrag von Julia Reda \u00fcber ihre Arbeit f\u00fcr die Piratenpartei im EU-Parlament haben wir gestern erfahren, welche Chancen sich ergeben, wenn Piraten in Parlamente gew\u00e4hlt werden. Ich hoffe deshalb sehr, dass auch viele in Hamburg am 15.\u2026","rel":"","context":"In &quot;Hamburg&quot;","block_context":{"text":"Hamburg","link":"https:\/\/textundblog.de\/?cat=15"},"img":{"alt_text":"","src":"https:\/\/i0.wp.com\/textundblog.de\/wp-content\/piraten-hh-kandidaten-2015.jpg?resize=350%2C200&ssl=1","width":350,"height":200,"srcset":"https:\/\/i0.wp.com\/textundblog.de\/wp-content\/piraten-hh-kandidaten-2015.jpg?resize=350%2C200&ssl=1 1x, https:\/\/i0.wp.com\/textundblog.de\/wp-content\/piraten-hh-kandidaten-2015.jpg?resize=525%2C300&ssl=1 1.5x, https:\/\/i0.wp.com\/textundblog.de\/wp-content\/piraten-hh-kandidaten-2015.jpg?resize=700%2C400&ssl=1 2x"},"classes":[]},{"id":5907,"url":"https:\/\/textundblog.de\/?p=5907","url_meta":{"origin":5968,"position":4},"title":"Podiumsdiskussion in der Otto-Hahn-Schule","author":"Markus","date":"19\/4\/2014","format":false,"excerpt":"Update 24.4.2014: Jetzt auch mit Fotos des Podiums. Am vergangenen Dienstag, 15. April, war ich auf meiner zweiten Podiumsdiskussion in Sachen Bezirkswahl in Wandsbek. Nach der Premiere in Rahlstedt vor B\u00fcrgern aller Altersklassen, ging's dieses Mal zu j\u00fcngerem Publikum nach Jenfeld, in die Otto-Hahn-Schule, einer von 58 Stadtteilschulen in Hamburg.\u2026","rel":"","context":"In &quot;Hamburg&quot;","block_context":{"text":"Hamburg","link":"https:\/\/textundblog.de\/?cat=15"},"img":{"alt_text":"","src":"https:\/\/i0.wp.com\/textundblog.de\/wp-content\/Podiumsdiskussion07-gr.jpg?resize=350%2C200","width":350,"height":200,"srcset":"https:\/\/i0.wp.com\/textundblog.de\/wp-content\/Podiumsdiskussion07-gr.jpg?resize=350%2C200 1x, https:\/\/i0.wp.com\/textundblog.de\/wp-content\/Podiumsdiskussion07-gr.jpg?resize=525%2C300 1.5x, https:\/\/i0.wp.com\/textundblog.de\/wp-content\/Podiumsdiskussion07-gr.jpg?resize=700%2C400 2x, https:\/\/i0.wp.com\/textundblog.de\/wp-content\/Podiumsdiskussion07-gr.jpg?resize=1050%2C600 3x, https:\/\/i0.wp.com\/textundblog.de\/wp-content\/Podiumsdiskussion07-gr.jpg?resize=1400%2C800 4x"},"classes":[]},{"id":6501,"url":"https:\/\/textundblog.de\/?p=6501","url_meta":{"origin":5968,"position":5},"title":"Das Hamburger Transparenzgesetz &#8211; ein Vortrag der Piraten Hamburg","author":"Markus","date":"11\/1\/2015","format":false,"excerpt":"Am Freitag war ich auf einer sehr interessanten Veranstaltung, die meine Kollegen von der Piratenpartei Hamburg in Barmbek (im Kulturzentrum Basch) organisiert hatten. Burkhard Masseida (@piratenproll) und @street_dog haben das Hamburger Transparenzgesetz vorgestellt. Und zwar dessen Zustandekommen und auch dessen Anwendung. Das Hamburger Transparenzgesetz \u2013 Eine Anleitung: Das Hamburgische Transparenzgesetz\u2026","rel":"","context":"In &quot;Hamburg&quot;","block_context":{"text":"Hamburg","link":"https:\/\/textundblog.de\/?cat=15"},"img":{"alt_text":"","src":"https:\/\/i0.wp.com\/textundblog.de\/wp-content\/hh-tranzparenz-piraten.jpg?resize=350%2C200&ssl=1","width":350,"height":200},"classes":[]}],"_links":{"self":[{"href":"https:\/\/textundblog.de\/index.php?rest_route=\/wp\/v2\/posts\/5968","targetHints":{"allow":["GET"]}}],"collection":[{"href":"https:\/\/textundblog.de\/index.php?rest_route=\/wp\/v2\/posts"}],"about":[{"href":"https:\/\/textundblog.de\/index.php?rest_route=\/wp\/v2\/types\/post"}],"author":[{"embeddable":true,"href":"https:\/\/textundblog.de\/index.php?rest_route=\/wp\/v2\/users\/1"}],"replies":[{"embeddable":true,"href":"https:\/\/textundblog.de\/index.php?rest_route=%2Fwp%2Fv2%2Fcomments&post=5968"}],"version-history":[{"count":0,"href":"https:\/\/textundblog.de\/index.php?rest_route=\/wp\/v2\/posts\/5968\/revisions"}],"wp:attachment":[{"href":"https:\/\/textundblog.de\/index.php?rest_route=%2Fwp%2Fv2%2Fmedia&parent=5968"}],"wp:term":[{"taxonomy":"category","embeddable":true,"href":"https:\/\/textundblog.de\/index.php?rest_route=%2Fwp%2Fv2%2Fcategories&post=5968"},{"taxonomy":"post_tag","embeddable":true,"href":"https:\/\/textundblog.de\/index.php?rest_route=%2Fwp%2Fv2%2Ftags&post=5968"}],"curies":[{"name":"wp","href":"https:\/\/api.w.org\/{rel}","templated":true}]}}