{"id":5966,"date":"2014-05-06T16:40:41","date_gmt":"2014-05-06T14:40:41","guid":{"rendered":"http:\/\/textundblog.de\/?p=5966"},"modified":"2014-05-06T16:49:25","modified_gmt":"2014-05-06T14:49:25","slug":"blondie-40-ever","status":"publish","type":"post","link":"https:\/\/textundblog.de\/?p=5966","title":{"rendered":"Blondie 4(0) Ever"},"content":{"rendered":"<p><a href=\"http:\/\/www.rollingstone.com\/music\/news\/hear-blondies-first-album-in-three-years-blondie-4-0-ever-20140505#ixzz30wgSZ3H0\"><img data-recalc-dims=\"1\" loading=\"lazy\" decoding=\"async\" data-attachment-id=\"5967\" data-permalink=\"https:\/\/textundblog.de\/?attachment_id=5967\" data-orig-file=\"https:\/\/i0.wp.com\/textundblog.de\/wp-content\/blondie-scloud.jpg?fit=500%2C296&amp;ssl=1\" data-orig-size=\"500,296\" data-comments-opened=\"1\" data-image-meta=\"{&quot;aperture&quot;:&quot;0&quot;,&quot;credit&quot;:&quot;&quot;,&quot;camera&quot;:&quot;&quot;,&quot;caption&quot;:&quot;&quot;,&quot;created_timestamp&quot;:&quot;0&quot;,&quot;copyright&quot;:&quot;&quot;,&quot;focal_length&quot;:&quot;0&quot;,&quot;iso&quot;:&quot;0&quot;,&quot;shutter_speed&quot;:&quot;0&quot;,&quot;title&quot;:&quot;&quot;}\" data-image-title=\"blondie-scloud\" data-image-description=\"\" data-image-caption=\"\" data-large-file=\"https:\/\/i0.wp.com\/textundblog.de\/wp-content\/blondie-scloud.jpg?fit=500%2C296&amp;ssl=1\" title=\"Auf 'The Rolling Stone' reinh\u00f6ren: Blondie 4(0) Ever\"  src=\"https:\/\/i0.wp.com\/textundblog.de\/wp-content\/blondie-scloud.jpg?resize=500%2C296&#038;ssl=1\" alt=\"Auf 'The Rolling Stone' reinh\u00f6ren: Blondie 4(0) Ever\" width=\"500\" height=\"296\" class=\"alignnone size-full wp-image-5967\" srcset=\"https:\/\/i0.wp.com\/textundblog.de\/wp-content\/blondie-scloud.jpg?w=500&amp;ssl=1 500w, https:\/\/i0.wp.com\/textundblog.de\/wp-content\/blondie-scloud.jpg?resize=300%2C177&amp;ssl=1 300w\" sizes=\"auto, (max-width: 500px) 100vw, 500px\" \/><\/a><\/p>\n<p>Als Jugendlicher war ich ganz gro\u00dfer Blondie-Fan. Und bin es auch bis heute geblieben. Deshalb freut mich diese Nachricht nat\u00fcrlich, obwohl ich das Album noch nicht komplett geh\u00f6rt habe. Fr\u00fcher war mein Zimmer mit Blondie-Postern zugekleistert und ich war sogar Mitglied im Londonder Blondie-Fan-Club. Poster hab ich keine mehr, die Fan-Mitgliedschaft lief auch irgendwann in den Achtzigern aus. Aber ich bin immer noch ein gro\u00dfer Fan.<\/p>\n<p><em>The Rolling Stone<\/em> schreibt heute:<\/p>\n<p><!--more--><\/p>\n<blockquote><p>To say Blondie&#8217;s first album in three years, Blondie 4(0) Ever, is wildly eclectic is a pretty huge understatement. The LP \u2014 a two-disc set featuring an album of new tracks called Ghosts of Download and a set of rerecorded versions of the group&#8217;s hits titled Greatest Hits: Deluxe Redux \u2014 features big-room dance tracks like &#8222;Rave&#8220; and &#8222;Mile High,&#8220; Beth Ditto rocker &#8222;A Rose By Any Name,&#8220; a cameo by Colombian supergroup Systema Solar and a cover of &#8222;Relax&#8220; by Frankie Goes to Hollywood. But the group&#8217;s legendary singer Debbie Harry doesn&#8217;t find this odd: &#8222;Being from New York, Blondie albums have always been a montage or collage of things that we&#8217;re into,&#8220; she explains over the phone.<\/p><\/blockquote>\n<p>Weiterlesen und in die beiden gestreamten Alben auf <em>The Rolling Stone<\/em> reinh\u00f6ren: \u00ab<a href=\"http:\/\/www.rollingstone.com\/music\/news\/hear-blondies-first-album-in-three-years-blondie-4-0-ever-20140505#ixzz30wgSZ3H0\">Hear Blondie&#8217;s First Album in Three Years: &#8218;Blondie 4(0) Ever&#8216;<\/a>\u00bb<\/p>\n<p>Und hier ein Interview auf Fuse.tv, das Debbie Harry, Chris Stein und Clem Burke schon im Februar gegeben haben \u2013 &#8222;<a href=\"http:\/\/www.fuse.tv\/videos\/2014\/02\/blondie-hate-old-songs\">Blondie: There&#8217;s As Much Good Music Now As There&#8217;s Ever Been<\/a>&#8222;:<\/p>\n<p><script height=\"281px\" width=\"500px\" src=\"http:\/\/player.ooyala.com\/iframe.js#ec=Zhc3lpazp5mHCJEzjgIxDf6qMrHx58Dl&#038;pbid=adf2ca2f4a994bb4b460f8f585bfedf3\"><\/script><\/p>\n","protected":false},"excerpt":{"rendered":"<p>Als Jugendlicher war ich ganz gro\u00dfer Blondie-Fan. Und bin es auch bis heute geblieben. Deshalb freut mich diese Nachricht nat\u00fcrlich, obwohl ich das Album noch nicht komplett geh\u00f6rt habe. Fr\u00fcher war mein Zimmer mit Blondie-Postern zugekleistert und ich war sogar Mitglied im Londonder Blondie-Fan-Club. Poster hab ich keine mehr, die Fan-Mitgliedschaft lief auch irgendwann in [&hellip;]<\/p>\n","protected":false},"author":1,"featured_media":0,"comment_status":"open","ping_status":"open","sticky":false,"template":"","format":"standard","meta":{"site-sidebar-layout":"default","site-content-layout":"","ast-site-content-layout":"default","site-content-style":"default","site-sidebar-style":"default","ast-global-header-display":"","ast-banner-title-visibility":"","ast-main-header-display":"","ast-hfb-above-header-display":"","ast-hfb-below-header-display":"","ast-hfb-mobile-header-display":"","site-post-title":"","ast-breadcrumbs-content":"","ast-featured-img":"","footer-sml-layout":"","theme-transparent-header-meta":"","adv-header-id-meta":"","stick-header-meta":"","header-above-stick-meta":"","header-main-stick-meta":"","header-below-stick-meta":"","astra-migrate-meta-layouts":"default","ast-page-background-enabled":"default","ast-page-background-meta":{"desktop":{"background-color":"var(--ast-global-color-4)","background-image":"","background-repeat":"repeat","background-position":"center center","background-size":"auto","background-attachment":"scroll","background-type":"","background-media":"","overlay-type":"","overlay-color":"","overlay-opacity":"","overlay-gradient":""},"tablet":{"background-color":"","background-image":"","background-repeat":"repeat","background-position":"center center","background-size":"auto","background-attachment":"scroll","background-type":"","background-media":"","overlay-type":"","overlay-color":"","overlay-opacity":"","overlay-gradient":""},"mobile":{"background-color":"","background-image":"","background-repeat":"repeat","background-position":"center center","background-size":"auto","background-attachment":"scroll","background-type":"","background-media":"","overlay-type":"","overlay-color":"","overlay-opacity":"","overlay-gradient":""}},"ast-content-background-meta":{"desktop":{"background-color":"var(--ast-global-color-5)","background-image":"","background-repeat":"repeat","background-position":"center center","background-size":"auto","background-attachment":"scroll","background-type":"","background-media":"","overlay-type":"","overlay-color":"","overlay-opacity":"","overlay-gradient":""},"tablet":{"background-color":"var(--ast-global-color-5)","background-image":"","background-repeat":"repeat","background-position":"center center","background-size":"auto","background-attachment":"scroll","background-type":"","background-media":"","overlay-type":"","overlay-color":"","overlay-opacity":"","overlay-gradient":""},"mobile":{"background-color":"var(--ast-global-color-5)","background-image":"","background-repeat":"repeat","background-position":"center center","background-size":"auto","background-attachment":"scroll","background-type":"","background-media":"","overlay-type":"","overlay-color":"","overlay-opacity":"","overlay-gradient":""}},"ngg_post_thumbnail":0,"jetpack_post_was_ever_published":false,"_jetpack_newsletter_access":"","_jetpack_dont_email_post_to_subs":false,"_jetpack_newsletter_tier_id":0,"_jetpack_memberships_contains_paywalled_content":false,"_jetpack_memberships_contains_paid_content":false,"footnotes":""},"categories":[7],"tags":[],"class_list":["post-5966","post","type-post","status-publish","format-standard","hentry","category-musik"],"jetpack_featured_media_url":"","jetpack_sharing_enabled":true,"jetpack_shortlink":"https:\/\/wp.me\/p4uzZ-1ye","jetpack-related-posts":[{"id":1719,"url":"https:\/\/textundblog.de\/?p=1719","url_meta":{"origin":5966,"position":0},"title":"Neues Soloalbum von Debbie Harry:&#8220;Necessary Evil&#8220;","author":"Markus","date":"26\/7\/2007","format":false,"excerpt":"Hab ich schon erz\u00e4hlt, dass ich ganz gro\u00dfer Blondie-Fan bin? Atomic ist mein absoluter Lieblingssong von Blondie. Und nat\u00fcrlich bin ich mit \u00abHeart of Glass\u00bb gro\u00df geworden und h\u00f6re es noch immer gern. Nach 14 Jahren kommt Ende August das n\u00e4chste Soloalbum von Debbie Harry heraus: \u00abNecessary Evil\u00bb (Verkaufsstart laut\u2026","rel":"","context":"In &quot;Musik&quot;","block_context":{"text":"Musik","link":"https:\/\/textundblog.de\/?cat=7"},"img":{"alt_text":"Debbie Harry: Necessary Evil","src":"https:\/\/i0.wp.com\/textundblog.de\/wp-content\/debbieharry.jpg?resize=350%2C200&ssl=1","width":350,"height":200},"classes":[]},{"id":967,"url":"https:\/\/textundblog.de\/?p=967","url_meta":{"origin":5966,"position":1},"title":"Blondie: Atomic","author":"Markus","date":"27\/5\/2006","format":false,"excerpt":"Blondie: Atomic (1980) F\u00fcr mich einer der besten Blondie-Songs ever. Zugegeben, nicht unbedingt wegen des Textes: Uh huh, make me tonight, tonight, make it right...","rel":"","context":"In &quot;Musik&quot;","block_context":{"text":"Musik","link":"https:\/\/textundblog.de\/?cat=7"},"img":{"alt_text":"","src":"","width":0,"height":0},"classes":[]},{"id":236,"url":"https:\/\/textundblog.de\/?p=236","url_meta":{"origin":5966,"position":2},"title":"Text &amp; Blog und der BlogvisionSongContest","author":"Markus","date":"24\/2\/2005","format":false,"excerpt":"Ich mag eigentlich keine Kettenbriefe (und auch keine kettenbrief\u00e4hnlichen Aktionen), aber ich habe mich sehr \u00fcber das St\u00f6ckchen gefreut, dass mir von Mike (alias screwtape's) zugeworfen wurde, und daher antworte ich dann doch. Danke, Mike, f\u00fcr's Zuwerfen, f\u00fchle mich geehrt! 1. Wie viele gigantische Bytes an Musik sind auf deinem\u2026","rel":"","context":"In &quot;Musik&quot;","block_context":{"text":"Musik","link":"https:\/\/textundblog.de\/?cat=7"},"img":{"alt_text":"","src":"","width":0,"height":0},"classes":[]},{"id":4328,"url":"https:\/\/textundblog.de\/?p=4328","url_meta":{"origin":5966,"position":3},"title":"Millerntor wieder ein Magischer Ort \u2013 FCSP vs 1860","author":"Markus","date":"11\/9\/2011","format":false,"excerpt":"Was war das heute f\u00fcr ein Spiel? Wir lagen 0:2 zur\u00fcck und haben 4:2 gewonnen. Man glaubt das fast nicht, auch wenn man mittendrin steht. Die Skala an Emotionen, die wir heute wieder erleben durften, war so gro\u00df, das l\u00e4sst sich kaum in Worte fassen. Dass ich ein Fan von\u2026","rel":"","context":"In &quot;FC St. Pauli&quot;","block_context":{"text":"FC St. Pauli","link":"https:\/\/textundblog.de\/?cat=76"},"img":{"alt_text":"Dank der Fans nach dem Spiel - rechts auf dem Feld: Max Kruse","src":"https:\/\/i0.wp.com\/textundblog.de\/wp-content\/fcsp1860-zaun.jpg?resize=350%2C200&ssl=1","width":350,"height":200},"classes":[]},{"id":10586,"url":"https:\/\/textundblog.de\/?p=10586","url_meta":{"origin":5966,"position":4},"title":"Festivalbericht San Sebasti\u00e1n 2023","author":"Markus","date":"8\/10\/2023","format":false,"excerpt":"In neun Tagen habe ich bei meinem 28. Festivalaufenthalt in San Sebasti\u00e1n 45 Filme gesehen. Ein harter Filmmarathon mit f\u00fcnf Filmen am Tag, einige davon mit \u00dcberl\u00e4nge, um die drei Stunden. Der Einsatz hat sich aber wieder einmal gelohnt. Man sieht auf so einem gro\u00dfen Festival Filme aus der ganzen\u2026","rel":"","context":"In &quot;Kino&quot;","block_context":{"text":"Kino","link":"https:\/\/textundblog.de\/?cat=2"},"img":{"alt_text":"Festivalzentrum Kursaal bei Nacht","src":"https:\/\/i0.wp.com\/textundblog.de\/wp-content\/IMG_1834-1024x768.jpeg?resize=350%2C200&ssl=1","width":350,"height":200,"srcset":"https:\/\/i0.wp.com\/textundblog.de\/wp-content\/IMG_1834-1024x768.jpeg?resize=350%2C200&ssl=1 1x, https:\/\/i0.wp.com\/textundblog.de\/wp-content\/IMG_1834-1024x768.jpeg?resize=525%2C300&ssl=1 1.5x, https:\/\/i0.wp.com\/textundblog.de\/wp-content\/IMG_1834-1024x768.jpeg?resize=700%2C400&ssl=1 2x"},"classes":[]},{"id":2073,"url":"https:\/\/textundblog.de\/?p=2073","url_meta":{"origin":5966,"position":5},"title":"Neue Platte der Nine Inch Nails: Ghosts I &#8211; IV","author":"Markus","date":"3\/3\/2008","format":false,"excerpt":"Sollte es tats\u00e4chlich irgendjemand noch nicht mitbekommen haben, dass seit heute das neue Album der \u00abNine Inch Nails\u00bb ab 5U$, oder sogar f\u00fcr lau (die ersten 9 Titel daraus) zu haben ist, der oder die vergewissere sich auf den Seiten der gnadenlos guten Band, dass dies kein Scherz sondern wunderbare\u2026","rel":"","context":"In &quot;Musik&quot;","block_context":{"text":"Musik","link":"https:\/\/textundblog.de\/?cat=7"},"img":{"alt_text":"Nine Inch Nails- Ghosts I-IV","src":"https:\/\/i0.wp.com\/textundblog.de\/wp-content\/nin-ghosts.jpg?resize=350%2C200&ssl=1","width":350,"height":200},"classes":[]}],"_links":{"self":[{"href":"https:\/\/textundblog.de\/index.php?rest_route=\/wp\/v2\/posts\/5966","targetHints":{"allow":["GET"]}}],"collection":[{"href":"https:\/\/textundblog.de\/index.php?rest_route=\/wp\/v2\/posts"}],"about":[{"href":"https:\/\/textundblog.de\/index.php?rest_route=\/wp\/v2\/types\/post"}],"author":[{"embeddable":true,"href":"https:\/\/textundblog.de\/index.php?rest_route=\/wp\/v2\/users\/1"}],"replies":[{"embeddable":true,"href":"https:\/\/textundblog.de\/index.php?rest_route=%2Fwp%2Fv2%2Fcomments&post=5966"}],"version-history":[{"count":0,"href":"https:\/\/textundblog.de\/index.php?rest_route=\/wp\/v2\/posts\/5966\/revisions"}],"wp:attachment":[{"href":"https:\/\/textundblog.de\/index.php?rest_route=%2Fwp%2Fv2%2Fmedia&parent=5966"}],"wp:term":[{"taxonomy":"category","embeddable":true,"href":"https:\/\/textundblog.de\/index.php?rest_route=%2Fwp%2Fv2%2Fcategories&post=5966"},{"taxonomy":"post_tag","embeddable":true,"href":"https:\/\/textundblog.de\/index.php?rest_route=%2Fwp%2Fv2%2Ftags&post=5966"}],"curies":[{"name":"wp","href":"https:\/\/api.w.org\/{rel}","templated":true}]}}