{"id":5962,"date":"2014-05-04T15:25:46","date_gmt":"2014-05-04T13:25:46","guid":{"rendered":"http:\/\/textundblog.de\/?p=5962"},"modified":"2014-05-04T18:15:32","modified_gmt":"2014-05-04T16:15:32","slug":"orphan-black-und-warum-ich-das-netz-liebe","status":"publish","type":"post","link":"https:\/\/textundblog.de\/?p=5962","title":{"rendered":"Orphan Black &#8211; und warum ich das Netz liebe"},"content":{"rendered":"<p><a href=\"http:\/\/www.zdf.de\/orphan-black\/orphan-black-32692610.html\"><img data-recalc-dims=\"1\" loading=\"lazy\" decoding=\"async\" data-attachment-id=\"5963\" data-permalink=\"https:\/\/textundblog.de\/?attachment_id=5963\" data-orig-file=\"https:\/\/i0.wp.com\/textundblog.de\/wp-content\/orphanblack-zdfneo.jpg?fit=500%2C259&amp;ssl=1\" data-orig-size=\"500,259\" data-comments-opened=\"1\" data-image-meta=\"{&quot;aperture&quot;:&quot;0&quot;,&quot;credit&quot;:&quot;&quot;,&quot;camera&quot;:&quot;&quot;,&quot;caption&quot;:&quot;&quot;,&quot;created_timestamp&quot;:&quot;0&quot;,&quot;copyright&quot;:&quot;&quot;,&quot;focal_length&quot;:&quot;0&quot;,&quot;iso&quot;:&quot;0&quot;,&quot;shutter_speed&quot;:&quot;0&quot;,&quot;title&quot;:&quot;&quot;}\" data-image-title=\"Orphan Black ab sofort auf ZDFneo\" data-image-description=\"\" data-image-caption=\"\" data-large-file=\"https:\/\/i0.wp.com\/textundblog.de\/wp-content\/orphanblack-zdfneo.jpg?fit=500%2C259&amp;ssl=1\" title=\"Orphan Black ab sofort auf ZDFneo\"  src=\"https:\/\/i0.wp.com\/textundblog.de\/wp-content\/orphanblack-zdfneo.jpg?resize=500%2C259&#038;ssl=1\" alt=\"Orphan Black ab sofort auf ZDFneo\" width=\"500\" height=\"259\" class=\"alignright size-full wp-image-5963\" srcset=\"https:\/\/i0.wp.com\/textundblog.de\/wp-content\/orphanblack-zdfneo.jpg?w=500&amp;ssl=1 500w, https:\/\/i0.wp.com\/textundblog.de\/wp-content\/orphanblack-zdfneo.jpg?resize=300%2C155&amp;ssl=1 300w\" sizes=\"auto, (max-width: 500px) 100vw, 500px\" \/><\/a><\/p>\n<p>Gestern Abend habe ich &#8211; wieder Mal &#8211; das Netz lieben gelernt. In k\u00fcrzester Zeit, nachdem ich es zuvor verflucht habe. \ud83d\ude09 Wie kam&#8217;s? Rochus Wolff, dessen Einsch\u00e4tzung von Bewegtbildmaterial und Filmkritiken ich seit Jahren sehr sch\u00e4tze, hat in seinem wunderbaren Filmblog <a href=\"http:\/\/buttkickingbabes.de\/?p=7309\">Butt-kicking Babes<\/a> auf die Ausstrahlung der von vielen hoch gelobten TV-Serie <em>Orphan Black<\/em> auf <em>ZDF neo<\/em> hingewiesen, siehe auch SZ-Kritik \u00ab<a href=\"http:\/\/www.sueddeutsche.de\/medien\/orphan-black-auf-zdf-neo-das-kreuz-mit-der-verwandtschaft-1.1947879\">Das Kreuz mit der Verwandtschaft<\/a>\u00bb. Hab in den Trailer reingeschaut und in Verbindung mit dem Text von Rochus \u2026<br \/>\n<!--more--><\/p>\n<blockquote><p>ORPHAN BLACK schmei\u00dft Elemente des Kriminal- und Science-Fiction-Genre dicht gepackt in einen Verschw\u00f6rungs-Thriller-Plot und dreht dann ab Minute zwei die Geschwindigkeit hoch \u2013 mit einem wunderbaren Cast, tollen Klonen und \u00fcberraschenden Twists. In Amerika ist die zweite Staffel der Serie gerade angelaufen und macht das alles immer noch besser \u2013 da wird uns noch eine ganze Weile nicht langweilig werden.<\/p><\/blockquote>\n<p>\u2026die Entscheidung getroffen, dass ich mich am Abend vom gestrigen Samstagsdienst in der Stabi und dem anschlie\u00dfenden Schuften an der Masterarbeit erholen werde, und mir die beiden Auftaktfolgen gem\u00fctlich auf dem Sofa anschauen werde. Dann kam die Entt\u00e4uschung: Oh nein, das lief schon am Freitag-Abend, nicht, wie von mir vermutet, erst am Samstag. Und die ZDF-Mediathek: Fehlanzeige. Wiederholungstermin Freitag-auf-Samstag-Nacht: auch verpasst. Nachdem ich meiner Entt\u00e4uschung mit einem <a href=\"http:\/\/buttkickingbabes.de\/?p=7309#comment-17529\">Kommentar<\/a> auf <em>Butt-kicking Babes<\/em> Luft gemacht hatte, schaute ich dann, ob man die beiden Folgen nicht im Netz schauen k\u00f6nne. Und siehe da: auf Vimeo gibt es die ersten Folgen zu sehen, sogar im Original und zus\u00e4tzlich sogar mit dem f\u00fcr mich sehr praktischen Vorteil der spanischen Untertitelung. Mein Spanisch ist n\u00e4mlich wesentlich besser als mein Englisch. So war ich gestern Abend dann doch noch begeistert. Wie gesagt, ich liebe das Internet.<\/p>\n<p>Wer also auch n\u00e4chste Woche in die Ausstrahlung der kanadischen Science-Fiction-Serie <em><a href=\"http:\/\/de.wikipedia.org\/wiki\/Orphan_Black\">Orphan Black<\/a><\/em> auf <em>ZDF neo<\/em> einsteigen m\u00f6chte, kann vorab die beiden ersten \u2013 wirklich sehr viel Lust aufs Weiterschauen machenden &#8211; Folgen hier sehen:<\/p>\n<p><iframe loading=\"lazy\" src=\"\/\/player.vimeo.com\/video\/63042486\" width=\"500\" height=\"280\" frameborder=\"0\" webkitallowfullscreen mozallowfullscreen allowfullscreen><\/iframe> <\/p>\n<p><a href=\"http:\/\/vimeo.com\/63042486\">Orphan Black 1&#215;01 &#8211; Natural Selection VOSE<\/a> from <a href=\"http:\/\/vimeo.com\/user17402384\">Didac Aleixandri<\/a> on <a href=\"https:\/\/vimeo.com\">Vimeo<\/a>.<\/p>\n<p><iframe loading=\"lazy\" src=\"\/\/player.vimeo.com\/video\/63524489\" width=\"500\" height=\"281\" frameborder=\"0\" webkitallowfullscreen mozallowfullscreen allowfullscreen><\/iframe> <\/p>\n<p><a href=\"http:\/\/vimeo.com\/63524489\">Orphan Black 1&#215;02 &#8211; Instinct VOSE<\/a> from <a href=\"http:\/\/vimeo.com\/user17402384\">Didac Aleixandri<\/a> on <a href=\"https:\/\/vimeo.com\">Vimeo<\/a>.<\/p>\n<p>Ab sofort immer freitags, ab 22:05 auf <a href=\"http:\/\/www.zdf.de\/orphan-black\/orphan-black-32692610.html\">ZDF neo<\/a>, jeweils eine Doppelfolge. Im Herbst die 2. Staffel.<\/p>\n","protected":false},"excerpt":{"rendered":"<p>Gestern Abend habe ich &#8211; wieder Mal &#8211; das Netz lieben gelernt. In k\u00fcrzester Zeit, nachdem ich es zuvor verflucht habe. \ud83d\ude09 Wie kam&#8217;s? Rochus Wolff, dessen Einsch\u00e4tzung von Bewegtbildmaterial und Filmkritiken ich seit Jahren sehr sch\u00e4tze, hat in seinem wunderbaren Filmblog Butt-kicking Babes auf die Ausstrahlung der von vielen hoch gelobten TV-Serie Orphan Black [&hellip;]<\/p>\n","protected":false},"author":1,"featured_media":0,"comment_status":"open","ping_status":"open","sticky":false,"template":"","format":"standard","meta":{"site-sidebar-layout":"default","site-content-layout":"","ast-site-content-layout":"default","site-content-style":"default","site-sidebar-style":"default","ast-global-header-display":"","ast-banner-title-visibility":"","ast-main-header-display":"","ast-hfb-above-header-display":"","ast-hfb-below-header-display":"","ast-hfb-mobile-header-display":"","site-post-title":"","ast-breadcrumbs-content":"","ast-featured-img":"","footer-sml-layout":"","theme-transparent-header-meta":"","adv-header-id-meta":"","stick-header-meta":"","header-above-stick-meta":"","header-main-stick-meta":"","header-below-stick-meta":"","astra-migrate-meta-layouts":"default","ast-page-background-enabled":"default","ast-page-background-meta":{"desktop":{"background-color":"var(--ast-global-color-4)","background-image":"","background-repeat":"repeat","background-position":"center center","background-size":"auto","background-attachment":"scroll","background-type":"","background-media":"","overlay-type":"","overlay-color":"","overlay-opacity":"","overlay-gradient":""},"tablet":{"background-color":"","background-image":"","background-repeat":"repeat","background-position":"center center","background-size":"auto","background-attachment":"scroll","background-type":"","background-media":"","overlay-type":"","overlay-color":"","overlay-opacity":"","overlay-gradient":""},"mobile":{"background-color":"","background-image":"","background-repeat":"repeat","background-position":"center center","background-size":"auto","background-attachment":"scroll","background-type":"","background-media":"","overlay-type":"","overlay-color":"","overlay-opacity":"","overlay-gradient":""}},"ast-content-background-meta":{"desktop":{"background-color":"var(--ast-global-color-5)","background-image":"","background-repeat":"repeat","background-position":"center center","background-size":"auto","background-attachment":"scroll","background-type":"","background-media":"","overlay-type":"","overlay-color":"","overlay-opacity":"","overlay-gradient":""},"tablet":{"background-color":"var(--ast-global-color-5)","background-image":"","background-repeat":"repeat","background-position":"center center","background-size":"auto","background-attachment":"scroll","background-type":"","background-media":"","overlay-type":"","overlay-color":"","overlay-opacity":"","overlay-gradient":""},"mobile":{"background-color":"var(--ast-global-color-5)","background-image":"","background-repeat":"repeat","background-position":"center center","background-size":"auto","background-attachment":"scroll","background-type":"","background-media":"","overlay-type":"","overlay-color":"","overlay-opacity":"","overlay-gradient":""}},"ngg_post_thumbnail":0,"jetpack_post_was_ever_published":false,"_jetpack_newsletter_access":"","_jetpack_dont_email_post_to_subs":false,"_jetpack_newsletter_tier_id":0,"_jetpack_memberships_contains_paywalled_content":false,"_jetpack_memberships_contains_paid_content":false,"footnotes":""},"categories":[4,2,11],"tags":[],"class_list":["post-5962","post","type-post","status-publish","format-standard","hentry","category-internet","category-kino","category-literatur"],"jetpack_featured_media_url":"","jetpack_sharing_enabled":true,"jetpack_shortlink":"https:\/\/wp.me\/p4uzZ-1ya","jetpack-related-posts":[{"id":3785,"url":"https:\/\/textundblog.de\/?p=3785","url_meta":{"origin":5962,"position":0},"title":"Secuestrados &#8211; Panik der Entf\u00fchrung in 12 Einstellungen","author":"Markus","date":"11\/10\/2010","format":false,"excerpt":"Direktlink YouTube Sieht man sich den Trailer dieses Filmes an \u2013 den k\u00f6nnt ihr auch gucken, wenn ich kein Spanisch k\u00f6nnt -, wird einem schon klar, warum Secuestrados (Entf\u00fchrt) auf dem Festival von Sitges momentan f\u00fcr viel Furore sorgt. Rochus Wolff, der den Film des jungen spanischen Regisseurs Miguel \u00c1ngel\u2026","rel":"","context":"In &quot;Kino&quot;","block_context":{"text":"Kino","link":"https:\/\/textundblog.de\/?cat=2"},"img":{"alt_text":"","src":"","width":0,"height":0},"classes":[]},{"id":3608,"url":"https:\/\/textundblog.de\/?p=3608","url_meta":{"origin":5962,"position":1},"title":"Gordos &#8211; Die Gewichtigen","author":"Markus","date":"13\/7\/2010","format":false,"excerpt":"Direktlink YouTube Gestern gesehen. Sehr guter Film. Gordos - Die Gewichtigen. Umgeht geschickt die Gefahr, sich \u00fcber dicke Menschen lustig zu machen. Der Film von Daniel S\u00e1nchez Ar\u00e9valo (in Deutschland gut bekannt wegen seines Kinoerfolges \u00abdunkelblaufastschwarz\u00bb) ist viel eher ein gut gespielter Appell sich, bzw. die Menschen, so zu nehmen,\u2026","rel":"","context":"In &quot;Kino&quot;","block_context":{"text":"Kino","link":"https:\/\/textundblog.de\/?cat=2"},"img":{"alt_text":"","src":"","width":0,"height":0},"classes":[]},{"id":3313,"url":"https:\/\/textundblog.de\/?p=3313","url_meta":{"origin":5962,"position":2},"title":"F\u00fcr kurze Zeit online: Alma von Rodrigo Blaas","author":"Markus","date":"19\/12\/2009","format":false,"excerpt":"Ich liebe Kurzfilme. Ganz besonders spanische Kurzfilme. Gut gemachte um so mehr. All dies trifft auf den vorliegenden Film zu. Spanisch m\u00fcsst Ihr \u00fcbrigens nicht k\u00f6nnen, um ihn anzuschauen. \u00dcber Weihnachten ist der Kurzfilm Alma f\u00fcr eine begrenzte Zeit online zu sehen. Ihr solltet ihn Euch, da muss ich Rochus\u2026","rel":"","context":"In &quot;Kino&quot;","block_context":{"text":"Kino","link":"https:\/\/textundblog.de\/?cat=2"},"img":{"alt_text":"Alma","src":"https:\/\/i0.wp.com\/textundblog.de\/wp-content\/alma-still.jpg?resize=350%2C200&ssl=1","width":350,"height":200},"classes":[]},{"id":1899,"url":"https:\/\/textundblog.de\/?p=1899","url_meta":{"origin":5962,"position":3},"title":"Black is Black &#8211; die Geschichte eines Songs","author":"Markus","date":"11\/11\/2007","format":false,"excerpt":"Wer kennt dieses Lied nicht: \u00abBlack is Black\u00bb, ein Song aus dem Jahr 1966, der im Laufe der Zeit verschiedene Interpretationen erfahren hatte. Was die wenigsten wissen: Am Anfang des Liedes der spanischen Gruppe Los Bravos stehen zwei Deutsche und die Version von \u00abBelle Epoque\u00bb ist nicht die einzige franz\u00f6sische\u2026","rel":"","context":"In &quot;Musik&quot;","block_context":{"text":"Musik","link":"https:\/\/textundblog.de\/?cat=7"},"img":{"alt_text":"Filmplakat 'Los chicos con las chicas'","src":"https:\/\/i0.wp.com\/textundblog.de\/wp-content\/losbravosloschicos.jpg?resize=350%2C200&ssl=1","width":350,"height":200},"classes":[]},{"id":6798,"url":"https:\/\/textundblog.de\/?p=6798","url_meta":{"origin":5962,"position":4},"title":"Black Mirror &#8211; Netflix-Empfehlung","author":"Markus","date":"5\/11\/2015","format":false,"excerpt":"https:\/\/youtu.be\/jROLrhQkK78 M\u00f6ge die Zukunft nicht so werden wie das, was wir in \u00abBlack Mirror\u00bb zu sehen bekommen. Die britische Serie von Charlie Brooker (Start 2011) ist jetzt auf Netflix zu sehen. The Atlantic dazu: Black Mirror Is the Perfect Show for Netflix). Ich danke @mirnein f\u00fcr den Tipp, die \u2013\u2026","rel":"","context":"In &quot;TV&quot;","block_context":{"text":"TV","link":"https:\/\/textundblog.de\/?cat=3"},"img":{"alt_text":"","src":"https:\/\/i0.wp.com\/textundblog.de\/wp-content\/blackmirror.jpg?resize=350%2C200&ssl=1","width":350,"height":200,"srcset":"https:\/\/i0.wp.com\/textundblog.de\/wp-content\/blackmirror.jpg?resize=350%2C200&ssl=1 1x, https:\/\/i0.wp.com\/textundblog.de\/wp-content\/blackmirror.jpg?resize=525%2C300&ssl=1 1.5x"},"classes":[]},{"id":3167,"url":"https:\/\/textundblog.de\/?p=3167","url_meta":{"origin":5962,"position":5},"title":"The Black Hole: Kurzfilm von Diamond Dogs","author":"Markus","date":"29\/9\/2009","format":false,"excerpt":"Direktlink YouTube Dumm gelaufen. Diesen Kommentar versteht man erst nach dem Betrachten des kurz(weilig)en Streifens. Guter britischer Kurzfilm von Philip Sansom und Olly Williams, besser bekannt als Diamond Dogs (siehe Info). Darsteller: Napoleon Ryan. [via extracine]","rel":"","context":"In &quot;Kino&quot;","block_context":{"text":"Kino","link":"https:\/\/textundblog.de\/?cat=2"},"img":{"alt_text":"","src":"","width":0,"height":0},"classes":[]}],"_links":{"self":[{"href":"https:\/\/textundblog.de\/index.php?rest_route=\/wp\/v2\/posts\/5962","targetHints":{"allow":["GET"]}}],"collection":[{"href":"https:\/\/textundblog.de\/index.php?rest_route=\/wp\/v2\/posts"}],"about":[{"href":"https:\/\/textundblog.de\/index.php?rest_route=\/wp\/v2\/types\/post"}],"author":[{"embeddable":true,"href":"https:\/\/textundblog.de\/index.php?rest_route=\/wp\/v2\/users\/1"}],"replies":[{"embeddable":true,"href":"https:\/\/textundblog.de\/index.php?rest_route=%2Fwp%2Fv2%2Fcomments&post=5962"}],"version-history":[{"count":0,"href":"https:\/\/textundblog.de\/index.php?rest_route=\/wp\/v2\/posts\/5962\/revisions"}],"wp:attachment":[{"href":"https:\/\/textundblog.de\/index.php?rest_route=%2Fwp%2Fv2%2Fmedia&parent=5962"}],"wp:term":[{"taxonomy":"category","embeddable":true,"href":"https:\/\/textundblog.de\/index.php?rest_route=%2Fwp%2Fv2%2Fcategories&post=5962"},{"taxonomy":"post_tag","embeddable":true,"href":"https:\/\/textundblog.de\/index.php?rest_route=%2Fwp%2Fv2%2Ftags&post=5962"}],"curies":[{"name":"wp","href":"https:\/\/api.w.org\/{rel}","templated":true}]}}