{"id":5960,"date":"2014-05-02T16:36:03","date_gmt":"2014-05-02T14:36:03","guid":{"rendered":"http:\/\/textundblog.de\/?p=5960"},"modified":"2014-05-02T16:36:03","modified_gmt":"2014-05-02T14:36:03","slug":"aus-der-ubahn-in-die-herzen","status":"publish","type":"post","link":"https:\/\/textundblog.de\/?p=5960","title":{"rendered":"Aus der UBahn in die Herzen"},"content":{"rendered":"<p><a href=\"https:\/\/textundblog.de\/?tag=tweetderwoche\"> <img loading=\"lazy\" decoding=\"async\" src=\"wp-images\/tweetderwoche2-200x96.jpg\" alt=\"Tweet der Woche\" title=\"Tweet der Woche\" height=\"96\" width=\"200\" class=\"bildrechts\" \/><\/a> Einen Tweet mit regionalem Bezug als Tweet der Woche zu nominieren, erscheint nur auf den ersten Blick als Lokalpatriotismus. Er funktioniert auch in jeder anderen Stadt bzw. in jedem anderen st\u00e4dtischen Umland, wenn man den Hamburger Verkehrsverbund HVV durch den eigenen Anbieter im \u00d6ffentlichen Personennahverkehr ersetzt. Dann ergibt sich auch f\u00fcr alle Nicht-Hamburger ein Tweet <a href=\"https:\/\/twitter.com\/Aus_der_UBahn\/\">@Aus_der_UBahn<\/a> von st\u00e4dte\u00fcbergreifender Bedeutung und geradezu philosophischer Aussagekraft:<\/p>\n<p>https:\/\/twitter.com\/Aus_der_UBahn\/status\/461258394532601856<\/p>\n<p>Hier geht&#8217;s zu den vergangenen <a href=\"https:\/\/textundblog.de\/?tag=tweetderwoche\">Tweets der Woche<\/a>.<\/p>\n","protected":false},"excerpt":{"rendered":"<p>Einen Tweet mit regionalem Bezug als Tweet der Woche zu nominieren, erscheint nur auf den ersten Blick als Lokalpatriotismus. Er funktioniert auch in jeder anderen Stadt bzw. in jedem anderen st\u00e4dtischen Umland, wenn man den Hamburger Verkehrsverbund HVV durch den eigenen Anbieter im \u00d6ffentlichen Personennahverkehr ersetzt. Dann ergibt sich auch f\u00fcr alle Nicht-Hamburger ein Tweet [&hellip;]<\/p>\n","protected":false},"author":1,"featured_media":0,"comment_status":"open","ping_status":"open","sticky":false,"template":"","format":"standard","meta":{"site-sidebar-layout":"default","site-content-layout":"","ast-site-content-layout":"default","site-content-style":"default","site-sidebar-style":"default","ast-global-header-display":"","ast-banner-title-visibility":"","ast-main-header-display":"","ast-hfb-above-header-display":"","ast-hfb-below-header-display":"","ast-hfb-mobile-header-display":"","site-post-title":"","ast-breadcrumbs-content":"","ast-featured-img":"","footer-sml-layout":"","theme-transparent-header-meta":"","adv-header-id-meta":"","stick-header-meta":"","header-above-stick-meta":"","header-main-stick-meta":"","header-below-stick-meta":"","astra-migrate-meta-layouts":"default","ast-page-background-enabled":"default","ast-page-background-meta":{"desktop":{"background-color":"var(--ast-global-color-4)","background-image":"","background-repeat":"repeat","background-position":"center center","background-size":"auto","background-attachment":"scroll","background-type":"","background-media":"","overlay-type":"","overlay-color":"","overlay-opacity":"","overlay-gradient":""},"tablet":{"background-color":"","background-image":"","background-repeat":"repeat","background-position":"center center","background-size":"auto","background-attachment":"scroll","background-type":"","background-media":"","overlay-type":"","overlay-color":"","overlay-opacity":"","overlay-gradient":""},"mobile":{"background-color":"","background-image":"","background-repeat":"repeat","background-position":"center center","background-size":"auto","background-attachment":"scroll","background-type":"","background-media":"","overlay-type":"","overlay-color":"","overlay-opacity":"","overlay-gradient":""}},"ast-content-background-meta":{"desktop":{"background-color":"var(--ast-global-color-5)","background-image":"","background-repeat":"repeat","background-position":"center center","background-size":"auto","background-attachment":"scroll","background-type":"","background-media":"","overlay-type":"","overlay-color":"","overlay-opacity":"","overlay-gradient":""},"tablet":{"background-color":"var(--ast-global-color-5)","background-image":"","background-repeat":"repeat","background-position":"center center","background-size":"auto","background-attachment":"scroll","background-type":"","background-media":"","overlay-type":"","overlay-color":"","overlay-opacity":"","overlay-gradient":""},"mobile":{"background-color":"var(--ast-global-color-5)","background-image":"","background-repeat":"repeat","background-position":"center center","background-size":"auto","background-attachment":"scroll","background-type":"","background-media":"","overlay-type":"","overlay-color":"","overlay-opacity":"","overlay-gradient":""}},"ngg_post_thumbnail":0,"jetpack_post_was_ever_published":false,"_jetpack_newsletter_access":"","_jetpack_dont_email_post_to_subs":false,"_jetpack_newsletter_tier_id":0,"_jetpack_memberships_contains_paywalled_content":false,"_jetpack_memberships_contains_paid_content":false,"footnotes":""},"categories":[33,11],"tags":[77],"class_list":["post-5960","post","type-post","status-publish","format-standard","hentry","category-twitter","category-literatur","tag-tweetderwoche"],"jetpack_featured_media_url":"","jetpack_sharing_enabled":true,"jetpack_shortlink":"https:\/\/wp.me\/p4uzZ-1y8","jetpack-related-posts":[{"id":7403,"url":"https:\/\/textundblog.de\/?p=7403","url_meta":{"origin":5960,"position":0},"title":"Hochbahn-Konzept gegen Wohnungsnot","author":"Markus","date":"21\/10\/2016","format":false,"excerpt":"Wir wissen alle, wie gro\u00df die Wohnungsnot ist. Gerade in den St\u00e4dten. Gerade zu Semesterbeginn. In Hamburg hat der hiesige Verkehrsbetrieb @hochbahn einen prima Ansatz, um die \u00e4rgste Not der fehlenden Unterbringungen zu lindern und den Neueinsteigern ins Studium gleich noch kurze Wege zum Studium zu bereiten. Wer anders als\u2026","rel":"","context":"In &quot;Bluesky&quot;","block_context":{"text":"Bluesky","link":"https:\/\/textundblog.de\/?cat=33"},"img":{"alt_text":"Tweet der Woche","src":"wp-images\/tweetderwoche2-200x96.jpg","width":350,"height":200},"classes":[]},{"id":6511,"url":"https:\/\/textundblog.de\/?p=6511","url_meta":{"origin":5960,"position":1},"title":"Reisezeit ist relativ: Von Hoisb\u00fcttel nach Wedel","author":"Markus","date":"17\/1\/2015","format":false,"excerpt":"Wer mit dem HVV einmal quer durch Hamburg f\u00e4hrt, kann auch in der Zeit nach Rom fliegen. Diesen verkehrspolitischen Vergleich der lokalen und innereurop\u00e4ischen Distanz\u00fcberwindung hat Der Dings aka @Aus_der_UBahn im Tweet der Woche zur Sprache gebracht: https:\/\/twitter.com\/Aus_der_UBahn\/status\/556348961171464192 Obgleich Der Dings mit dem wunderbaren Profiltext\u2026 T\u00e4glich 1,5 Stunden im \u00d6PNV\u2026","rel":"","context":"In &quot;Bluesky&quot;","block_context":{"text":"Bluesky","link":"https:\/\/textundblog.de\/?cat=33"},"img":{"alt_text":"Tweet der Woche","src":"wp-images\/tweetderwoche2-200x96.jpg","width":350,"height":200},"classes":[]},{"id":6631,"url":"https:\/\/textundblog.de\/?p=6631","url_meta":{"origin":5960,"position":2},"title":"Erbaulich: Neue Hochbahn-Perspektiven","author":"Markus","date":"1\/5\/2015","format":false,"excerpt":"Die charmanteste Antwort auf die in dieser Woche uns alle in Erstaunen versetzende zugemauerte S-Bahn-T\u00fcr kam von dem Experten des freie-und hansest\u00e4dtischen \u00d6PNV @Aus_der_UBahn. Klarer Tweet der Woche: https:\/\/twitter.com\/Aus_der_UBahn\/status\/593452119014932480 Hier geht's zu den vergangenen Tweets der Woche.","rel":"","context":"In &quot;Bluesky&quot;","block_context":{"text":"Bluesky","link":"https:\/\/textundblog.de\/?cat=33"},"img":{"alt_text":"Tweet der Woche","src":"wp-images\/tweetderwoche2-200x96.jpg","width":350,"height":200},"classes":[]},{"id":7031,"url":"https:\/\/textundblog.de\/?p=7031","url_meta":{"origin":5960,"position":3},"title":"Ordnung in Wartenau","author":"Markus","date":"4\/3\/2016","format":false,"excerpt":"Der Dings @Aus_der_UBahn, den ich genau heute vor einer Woche endlich auch mal pers\u00f6nlich kennen lernen durfte, als wir gemeinsam auf der B\u00fchne der Abschlussveranstaltung der Social Media Week Hamburg standen, beschreibt in seinem Account einen Mikrokosmos, den sein Name verr\u00e4t. Er schreibt Geschichten \"Aus-der-U-Bahn\". Und diese Woche hat er\u2026","rel":"","context":"In &quot;Bluesky&quot;","block_context":{"text":"Bluesky","link":"https:\/\/textundblog.de\/?cat=33"},"img":{"alt_text":"Tweet der Woche","src":"wp-images\/tweetderwoche2-200x96.jpg","width":350,"height":200},"classes":[]},{"id":10533,"url":"https:\/\/textundblog.de\/?p=10533","url_meta":{"origin":5960,"position":4},"title":"Hamburgs gro\u00dfes Plus: Der Nahverkehr auf dem Wasser","author":"Markus","date":"11\/6\/2023","format":false,"excerpt":"Der Tweet der Woche kommt von @C_Holler. Er nennt darin und zeigt eindr\u00fccklich mit einem kurzen Video einen der Gr\u00fcnde, warum Hamburg so eine tolle Stadt ist: Der Nahverkehr auf dem Wasser. https:\/\/twitter.com\/c_holler\/status\/1667487870473445376?s=61&t=lpGtyMHKufz4rj7aDnL9CA Hier geht's zu den vergangenen Tweets der Woche.","rel":"","context":"In &quot;Bluesky&quot;","block_context":{"text":"Bluesky","link":"https:\/\/textundblog.de\/?cat=33"},"img":{"alt_text":"Tweet der Woche","src":"wp-images\/tweetderwoche2-200x96.jpg","width":350,"height":200},"classes":[]},{"id":8622,"url":"https:\/\/textundblog.de\/?p=8622","url_meta":{"origin":5960,"position":5},"title":"Ankerzentren f\u00fcr Seehofer","author":"Markus","date":"4\/5\/2018","format":false,"excerpt":"Die beste Idee zu Seehofers fragw\u00fcrdigem Konzept der Ankerzentren hat @Aus_Der_UBahn, deshalb f\u00fcr mich der Tweet der Woche: https:\/\/twitter.com\/aus_der_ubahn\/status\/992289038353629185?s=21 Hier geht's zu den vergangenen Tweets der Woche.","rel":"","context":"In &quot;Bluesky&quot;","block_context":{"text":"Bluesky","link":"https:\/\/textundblog.de\/?cat=33"},"img":{"alt_text":"Tweet der Woche","src":"wp-images\/tweetderwoche2-200x96.jpg","width":350,"height":200},"classes":[]}],"_links":{"self":[{"href":"https:\/\/textundblog.de\/index.php?rest_route=\/wp\/v2\/posts\/5960","targetHints":{"allow":["GET"]}}],"collection":[{"href":"https:\/\/textundblog.de\/index.php?rest_route=\/wp\/v2\/posts"}],"about":[{"href":"https:\/\/textundblog.de\/index.php?rest_route=\/wp\/v2\/types\/post"}],"author":[{"embeddable":true,"href":"https:\/\/textundblog.de\/index.php?rest_route=\/wp\/v2\/users\/1"}],"replies":[{"embeddable":true,"href":"https:\/\/textundblog.de\/index.php?rest_route=%2Fwp%2Fv2%2Fcomments&post=5960"}],"version-history":[{"count":0,"href":"https:\/\/textundblog.de\/index.php?rest_route=\/wp\/v2\/posts\/5960\/revisions"}],"wp:attachment":[{"href":"https:\/\/textundblog.de\/index.php?rest_route=%2Fwp%2Fv2%2Fmedia&parent=5960"}],"wp:term":[{"taxonomy":"category","embeddable":true,"href":"https:\/\/textundblog.de\/index.php?rest_route=%2Fwp%2Fv2%2Fcategories&post=5960"},{"taxonomy":"post_tag","embeddable":true,"href":"https:\/\/textundblog.de\/index.php?rest_route=%2Fwp%2Fv2%2Ftags&post=5960"}],"curies":[{"name":"wp","href":"https:\/\/api.w.org\/{rel}","templated":true}]}}