{"id":5869,"date":"2014-03-29T23:38:25","date_gmt":"2014-03-29T22:38:25","guid":{"rendered":"http:\/\/textundblog.de\/?p=5869"},"modified":"2014-03-29T23:43:21","modified_gmt":"2014-03-29T22:43:21","slug":"jan-boehmermanns-kleiner-medien-coup","status":"publish","type":"post","link":"https:\/\/textundblog.de\/?p=5869","title":{"rendered":"Jan B\u00f6hmermanns kleiner Medien-Coup"},"content":{"rendered":"<p><span class=\"embed-youtube\" style=\"text-align:center; display: block;\"><iframe loading=\"lazy\" class=\"youtube-player\" width=\"640\" height=\"360\" src=\"https:\/\/www.youtube.com\/embed\/wmGYbeywqC8?version=3&#038;rel=1&#038;showsearch=0&#038;showinfo=1&#038;iv_load_policy=1&#038;fs=1&#038;hl=de-DE&#038;autohide=2&#038;wmode=transparent\" allowfullscreen=\"true\" style=\"border:0;\" sandbox=\"allow-scripts allow-same-origin allow-popups allow-presentation allow-popups-to-escape-sandbox\"><\/iframe><\/span><\/p>\n<p><a href=\"https:\/\/twitter.com\/janboehm\">Jan B\u00f6hmermann<\/a> und seinem jungen Team ist in dieser Woche nicht nur wieder mal eine originelle Ausgabe seiner Sendung <a href=\"http:\/\/neomagazin.zdf.de\/\">Neo Magazin<\/a> gelungen, sondern er hat einen erfolgsverw\u00f6hnten Menschen aus deutschen TV-Landen sowas von vorgef\u00fchrt.<\/p>\n<p>\u00dcberhaupt ist B\u00f6hmermann einer, den man sich im Fernsehen wirklich noch ansehen kann, ohne gelangweilten Stillstand im Unterhaltungs-TV ertragen zu m\u00fcssen. Viel besser als ich, hat das in dieser Woche Stefan Niggemeier beschrieben, daher bitte dort lesen, warum B\u00f6hmermann ein Guter ist:  <\/p>\n<blockquote><p>\nEr nutzt die M\u00f6glichkeiten, auf ZDFneo Fernsehen zu machen, das nicht auf Bedenken, Konventionen und die Erwartungen eines Massenpublikums R\u00fccksicht nehmen muss. Gleichzeitig plagt ihn die Sorge, dass die Leute denken, dass er nur sowas k\u00f6nnte. Dass er nicht w\u00fcsste, dass die Sendung anders sein m\u00fcsste, wenn sie in einem gr\u00f6\u00dferen Rahmen stattf\u00e4nde, und dass er das nicht auch k\u00f6nnte. Er sagt: \u201eWir machen nur Independent-Fernsehen, weil wir es m\u00fcssen.\u201c<\/p><\/blockquote>\n<p>Weiter bei <a href=\"https:\/\/twitter.com\/niggi\">@niggi<\/a>:<br \/>\n\u00ab<a href=\"http:\/\/www.stefan-niggemeier.de\/blog\/jan-boehmermanns-traum-und-muehe-ein-besuch-beim-neo-magazin\/\">Jan B\u00f6hmermanns Traum und M\u00fche: Ein Besuch beim \u201eNeo Magazin\u201c<\/a>\u00bb <\/p>\n<p>Ansonsten bleibt mir nur noch das <a href=\"http:\/\/sz-magazin.sueddeutsche.de\/texte\/anzeigen\/41728\">SZ-Magazin<\/a> zu zitieren:<\/p>\n<blockquote><p>Der Moderator Jan B\u00f6hmermann macht gro\u00dfartiges Fernsehen &#8211; f\u00fcr ein verschwindend kleines Publikum.<\/p><\/blockquote>\n<p>Auf dass es gr\u00f6\u00dfer werde. Und B\u00f6hmermann so gut bleibe, wie er ist.<\/p>\n","protected":false},"excerpt":{"rendered":"<p>Jan B\u00f6hmermann und seinem jungen Team ist in dieser Woche nicht nur wieder mal eine originelle Ausgabe seiner Sendung Neo Magazin gelungen, sondern er hat einen erfolgsverw\u00f6hnten Menschen aus deutschen TV-Landen sowas von vorgef\u00fchrt. \u00dcberhaupt ist B\u00f6hmermann einer, den man sich im Fernsehen wirklich noch ansehen kann, ohne gelangweilten Stillstand im Unterhaltungs-TV ertragen zu m\u00fcssen. [&hellip;]<\/p>\n","protected":false},"author":1,"featured_media":0,"comment_status":"open","ping_status":"open","sticky":false,"template":"","format":"standard","meta":{"site-sidebar-layout":"default","site-content-layout":"","ast-site-content-layout":"default","site-content-style":"default","site-sidebar-style":"default","ast-global-header-display":"","ast-banner-title-visibility":"","ast-main-header-display":"","ast-hfb-above-header-display":"","ast-hfb-below-header-display":"","ast-hfb-mobile-header-display":"","site-post-title":"","ast-breadcrumbs-content":"","ast-featured-img":"","footer-sml-layout":"","theme-transparent-header-meta":"","adv-header-id-meta":"","stick-header-meta":"","header-above-stick-meta":"","header-main-stick-meta":"","header-below-stick-meta":"","astra-migrate-meta-layouts":"default","ast-page-background-enabled":"default","ast-page-background-meta":{"desktop":{"background-color":"var(--ast-global-color-4)","background-image":"","background-repeat":"repeat","background-position":"center center","background-size":"auto","background-attachment":"scroll","background-type":"","background-media":"","overlay-type":"","overlay-color":"","overlay-opacity":"","overlay-gradient":""},"tablet":{"background-color":"","background-image":"","background-repeat":"repeat","background-position":"center center","background-size":"auto","background-attachment":"scroll","background-type":"","background-media":"","overlay-type":"","overlay-color":"","overlay-opacity":"","overlay-gradient":""},"mobile":{"background-color":"","background-image":"","background-repeat":"repeat","background-position":"center center","background-size":"auto","background-attachment":"scroll","background-type":"","background-media":"","overlay-type":"","overlay-color":"","overlay-opacity":"","overlay-gradient":""}},"ast-content-background-meta":{"desktop":{"background-color":"var(--ast-global-color-5)","background-image":"","background-repeat":"repeat","background-position":"center center","background-size":"auto","background-attachment":"scroll","background-type":"","background-media":"","overlay-type":"","overlay-color":"","overlay-opacity":"","overlay-gradient":""},"tablet":{"background-color":"var(--ast-global-color-5)","background-image":"","background-repeat":"repeat","background-position":"center center","background-size":"auto","background-attachment":"scroll","background-type":"","background-media":"","overlay-type":"","overlay-color":"","overlay-opacity":"","overlay-gradient":""},"mobile":{"background-color":"var(--ast-global-color-5)","background-image":"","background-repeat":"repeat","background-position":"center center","background-size":"auto","background-attachment":"scroll","background-type":"","background-media":"","overlay-type":"","overlay-color":"","overlay-opacity":"","overlay-gradient":""}},"ngg_post_thumbnail":0,"jetpack_post_was_ever_published":false,"_jetpack_newsletter_access":"","_jetpack_dont_email_post_to_subs":false,"_jetpack_newsletter_tier_id":0,"_jetpack_memberships_contains_paywalled_content":false,"_jetpack_memberships_contains_paid_content":false,"footnotes":""},"categories":[3,18],"tags":[],"class_list":["post-5869","post","type-post","status-publish","format-standard","hentry","category-tv","category-video"],"jetpack_featured_media_url":"","jetpack_sharing_enabled":true,"jetpack_shortlink":"https:\/\/wp.me\/p4uzZ-1wF","jetpack-related-posts":[{"id":6708,"url":"https:\/\/textundblog.de\/?p=6708","url_meta":{"origin":5869,"position":0},"title":"Sei dabei! 222! &#8211; B\u00f6hmermanns Neonazi-Parodie","author":"Markus","date":"13\/8\/2015","format":false,"excerpt":"Alle, die vor einigen Tagen schrieben \u00abDieses peinliche Video der NPD Trier ist besser als jede Satire\u00bb (wie z.B. die Huffington Post), irrten. Der Hirnschrott der Neonazis aus Trier konnte durch diese heute ver\u00f6ffentlichte passgenaue Satire noch getoppt werden: https:\/\/youtu.be\/G7DDlLUf0rY Kann. Nicht. Mehr. Danke, Jan B\u00f6hmermann und Team. Wird Zeit,\u2026","rel":"","context":"In &quot;Politik&quot;","block_context":{"text":"Politik","link":"https:\/\/textundblog.de\/?cat=9"},"img":{"alt_text":"Jan B\u00f6hmermann parodiert Neonazis","src":"https:\/\/i0.wp.com\/textundblog.de\/wp-content\/jan-boehmermann-222.jpg?resize=350%2C200&ssl=1","width":350,"height":200,"srcset":"https:\/\/i0.wp.com\/textundblog.de\/wp-content\/jan-boehmermann-222.jpg?resize=350%2C200&ssl=1 1x, https:\/\/i0.wp.com\/textundblog.de\/wp-content\/jan-boehmermann-222.jpg?resize=525%2C300&ssl=1 1.5x, https:\/\/i0.wp.com\/textundblog.de\/wp-content\/jan-boehmermann-222.jpg?resize=700%2C400&ssl=1 2x"},"classes":[]},{"id":8758,"url":"https:\/\/textundblog.de\/?p=8758","url_meta":{"origin":5869,"position":1},"title":"Vorstandsverdrossenheit","author":"Markus","date":"15\/9\/2018","format":false,"excerpt":"Von wegen, die Jugend sei politisch desinteressiert. Jan B\u00f6hmermann (@janboehm) dreht den Spie\u00df um und fragt, wie man zum Beispiel den Vorstand der SPD wieder f\u00fcr Politik begeistern k\u00f6nne. F\u00fcr mich der Tweet der Woche: https:\/\/twitter.com\/janboehm\/status\/1040134383653593088?s=21 Hier geht's zu den vergangenen Tweets der Woche.","rel":"","context":"In &quot;Bluesky&quot;","block_context":{"text":"Bluesky","link":"https:\/\/textundblog.de\/?cat=33"},"img":{"alt_text":"Tweet der Woche","src":"wp-images\/tweetderwoche2-200x96.jpg","width":350,"height":200},"classes":[]},{"id":1676,"url":"https:\/\/textundblog.de\/?p=1676","url_meta":{"origin":5869,"position":2},"title":"Maischberger zeigt &#8218;Helmut Schmidt au\u00dfer Dienst&#8216;","author":"Markus","date":"4\/7\/2007","format":false,"excerpt":"Foto: NDR Ich wackel von oben bis unten, aber das Gehirn funktioniert - das funktioniert prima Sagt Altkanzler Helmut Schmidt im Langzeit-Portrait, das die ARD heute Abend (22:45 - 0:15 Uhr) ausstrahlen wird. Quelle des Zitats: Digital TV (dort auch gute Vorstellung des Dokumentarfilmes). [Update 21.05.08: Sie suchen Informationen zur\u2026","rel":"","context":"In &quot;Politik&quot;","block_context":{"text":"Politik","link":"https:\/\/textundblog.de\/?cat=9"},"img":{"alt_text":"Sandra Maischberger und Helmut Schmidt","src":"https:\/\/i0.wp.com\/textundblog.de\/wp-content\/maischbergerschmidt.jpg?resize=350%2C200&ssl=1","width":350,"height":200},"classes":[]},{"id":4671,"url":"https:\/\/textundblog.de\/?p=4671","url_meta":{"origin":5869,"position":3},"title":"Diebe im Netz? Nein, Urheberrecht reformieren!","author":"Markus","date":"25\/4\/2012","format":false,"excerpt":"Auf SAT1 h\u00e4tte ich eine so niveauvolle Sendung gar nicht erwartet. Unter dem Titel \u00abMusik, Filme, Fotos - Sind im Internet zu viele Diebe unterwegs?\u00bb machte am Montag-Abend Tobias K\u00fcnzel von den Prinzen Lobby-Arbeit als stellvertretendes Aufsichtsratsmitglied der GEMA. Zum Gl\u00fcck wusste Bruno Kramm als Urheberrechtsexperte der Piraten das Publikum\u2026","rel":"","context":"In &quot;Politik&quot;","block_context":{"text":"Politik","link":"https:\/\/textundblog.de\/?cat=9"},"img":{"alt_text":"Eins gegen Eins: Diebe im Netz?","src":"https:\/\/i0.wp.com\/textundblog.de\/wp-content\/einsgneins-sat1.jpg?resize=350%2C200&ssl=1","width":350,"height":200},"classes":[]},{"id":2571,"url":"https:\/\/textundblog.de\/?p=2571","url_meta":{"origin":5869,"position":4},"title":"Bravo, Elke!","author":"Markus","date":"19\/10\/2008","format":false,"excerpt":"Heute morgen wurde ich auf Twitter gefragt, wie denn die heutige Ausgabe der Frankfurter Allgemeinen Sonntagszeitung so sei und ich antwortete kurz, dass im Feuilleton eine 2. Kampfansage von Elke Heidenreich zu lesen sei. Da hatte ich sie allerdings noch nicht gelesen. Wohl aber jetzt, und obwohl ich kein gro\u00dfer\u2026","rel":"","context":"In &quot;Artikel&quot;","block_context":{"text":"Artikel","link":"https:\/\/textundblog.de\/?cat=5"},"img":{"alt_text":"","src":"","width":0,"height":0},"classes":[]},{"id":1289,"url":"https:\/\/textundblog.de\/?p=1289","url_meta":{"origin":5869,"position":5},"title":"50 Jahre Saarl\u00e4ndischer Rundfunk","author":"Markus","date":"11\/11\/2006","format":false,"excerpt":"Man muss - was die Betrachtung der Medienwelt anbelangt - ja nicht immer nur nach vorne schauen. Gerade im immer rascheren Lauf der Zeit hilft ein Innehalten mit reflektierendem Blick zur\u00fcck: Eine gute Chance dazu bietet die Ausstellung \u00ab\"Voll auf Sendung\" - 50 Jahre Saarl\u00e4ndischer Rundfunk\u00bb: Radio und Fernsehen haben\u2026","rel":"","context":"In &quot;Radio&quot;","block_context":{"text":"Radio","link":"https:\/\/textundblog.de\/?cat=19"},"img":{"alt_text":"50 Jahre Saarl\u00e4ndischer Rundfunk","src":".\/wp-content\/50jahresr.jpg","width":350,"height":200},"classes":[]}],"_links":{"self":[{"href":"https:\/\/textundblog.de\/index.php?rest_route=\/wp\/v2\/posts\/5869","targetHints":{"allow":["GET"]}}],"collection":[{"href":"https:\/\/textundblog.de\/index.php?rest_route=\/wp\/v2\/posts"}],"about":[{"href":"https:\/\/textundblog.de\/index.php?rest_route=\/wp\/v2\/types\/post"}],"author":[{"embeddable":true,"href":"https:\/\/textundblog.de\/index.php?rest_route=\/wp\/v2\/users\/1"}],"replies":[{"embeddable":true,"href":"https:\/\/textundblog.de\/index.php?rest_route=%2Fwp%2Fv2%2Fcomments&post=5869"}],"version-history":[{"count":0,"href":"https:\/\/textundblog.de\/index.php?rest_route=\/wp\/v2\/posts\/5869\/revisions"}],"wp:attachment":[{"href":"https:\/\/textundblog.de\/index.php?rest_route=%2Fwp%2Fv2%2Fmedia&parent=5869"}],"wp:term":[{"taxonomy":"category","embeddable":true,"href":"https:\/\/textundblog.de\/index.php?rest_route=%2Fwp%2Fv2%2Fcategories&post=5869"},{"taxonomy":"post_tag","embeddable":true,"href":"https:\/\/textundblog.de\/index.php?rest_route=%2Fwp%2Fv2%2Ftags&post=5869"}],"curies":[{"name":"wp","href":"https:\/\/api.w.org\/{rel}","templated":true}]}}