{"id":5862,"date":"2014-03-21T12:34:15","date_gmt":"2014-03-21T11:34:15","guid":{"rendered":"http:\/\/textundblog.de\/?p=5862"},"modified":"2014-03-21T12:44:13","modified_gmt":"2014-03-21T11:44:13","slug":"menschen-die-auf-twitter-starren","status":"publish","type":"post","link":"https:\/\/textundblog.de\/?p=5862","title":{"rendered":"Menschen, die auf Twitter starren"},"content":{"rendered":"<p><a href=\"https:\/\/textundblog.de\/?tag=tweetderwoche\"> <img loading=\"lazy\" decoding=\"async\" src=\"wp-images\/tweetderwoche2-200x96.jpg\" alt=\"Tweet der Woche\" title=\"Tweet der Woche\" height=\"96\" width=\"200\" class=\"bildrechts\" \/><\/a><\/p>\n<p>Twitter ist ein schnelllebiges Kommunikationswerkzeug. Im Schnitt hat ein Tweet eine Lebensdauer von 24 Minuten (keine Ahnung, wie man so etwas berechnet, hab die Quelle gerade nicht zur Hand). Diese kleine Rubrik k\u00e4mpft &#8211; wom\u00f6glich gegen Windm\u00fchlen &#8211; aber auch gegen die Schnelllebigkeit an, und versucht ausgew\u00e4hlten Tweets eine Lebensdauer zumindest auf Wochenfrist zu verleihen. <\/p>\n<p>Zur\u00fcck zur Lebensdauer der Kurznachrichten: wenn die eh nur f\u00fcr eine so kurze Zeitspanne ihre Wirkung entfalten, lohnt es sich dann \u00fcberhaupt, sie aufmerksam wahr zu nehmen? Oder sollten wir nicht lieber gleich der Aufforderung von <a href=\"http:\/\/twitter.com\/ArminRohde\">@ArminRohde<\/a> Folge leisten?<\/p>\n<blockquote class=\"twitter-tweet\" data-width=\"500\" data-dnt=\"true\">\n<p lang=\"de\" dir=\"ltr\">aus gegebenem Anlass:<br \/>lesen Sie meine tweets nicht!<br \/>es reicht wenn Sie 30 Sekunden lang draufstarren und nichts dabei denken<\/p>\n<p>&mdash; Armin Rohde (@ArminRohde) <a href=\"https:\/\/twitter.com\/ArminRohde\/status\/445690192742334464?ref_src=twsrc%5Etfw\">March 17, 2014<\/a><\/p><\/blockquote>\n<p><script async src=\"https:\/\/platform.twitter.com\/widgets.js\" charset=\"utf-8\"><\/script><\/p>\n<p>Hier geht&#8217;s zu den vergangenen <a href=\"https:\/\/textundblog.de\/?tag=tweetderwoche\">Tweets der Woche<\/a>.<\/p>\n","protected":false},"excerpt":{"rendered":"<p>Twitter ist ein schnelllebiges Kommunikationswerkzeug. Im Schnitt hat ein Tweet eine Lebensdauer von 24 Minuten (keine Ahnung, wie man so etwas berechnet, hab die Quelle gerade nicht zur Hand). Diese kleine Rubrik k\u00e4mpft &#8211; wom\u00f6glich gegen Windm\u00fchlen &#8211; aber auch gegen die Schnelllebigkeit an, und versucht ausgew\u00e4hlten Tweets eine Lebensdauer zumindest auf Wochenfrist zu verleihen. [&hellip;]<\/p>\n","protected":false},"author":1,"featured_media":0,"comment_status":"open","ping_status":"open","sticky":false,"template":"","format":"standard","meta":{"site-sidebar-layout":"default","site-content-layout":"","ast-site-content-layout":"default","site-content-style":"default","site-sidebar-style":"default","ast-global-header-display":"","ast-banner-title-visibility":"","ast-main-header-display":"","ast-hfb-above-header-display":"","ast-hfb-below-header-display":"","ast-hfb-mobile-header-display":"","site-post-title":"","ast-breadcrumbs-content":"","ast-featured-img":"","footer-sml-layout":"","theme-transparent-header-meta":"","adv-header-id-meta":"","stick-header-meta":"","header-above-stick-meta":"","header-main-stick-meta":"","header-below-stick-meta":"","astra-migrate-meta-layouts":"default","ast-page-background-enabled":"default","ast-page-background-meta":{"desktop":{"background-color":"var(--ast-global-color-4)","background-image":"","background-repeat":"repeat","background-position":"center center","background-size":"auto","background-attachment":"scroll","background-type":"","background-media":"","overlay-type":"","overlay-color":"","overlay-opacity":"","overlay-gradient":""},"tablet":{"background-color":"","background-image":"","background-repeat":"repeat","background-position":"center center","background-size":"auto","background-attachment":"scroll","background-type":"","background-media":"","overlay-type":"","overlay-color":"","overlay-opacity":"","overlay-gradient":""},"mobile":{"background-color":"","background-image":"","background-repeat":"repeat","background-position":"center center","background-size":"auto","background-attachment":"scroll","background-type":"","background-media":"","overlay-type":"","overlay-color":"","overlay-opacity":"","overlay-gradient":""}},"ast-content-background-meta":{"desktop":{"background-color":"var(--ast-global-color-5)","background-image":"","background-repeat":"repeat","background-position":"center center","background-size":"auto","background-attachment":"scroll","background-type":"","background-media":"","overlay-type":"","overlay-color":"","overlay-opacity":"","overlay-gradient":""},"tablet":{"background-color":"var(--ast-global-color-5)","background-image":"","background-repeat":"repeat","background-position":"center center","background-size":"auto","background-attachment":"scroll","background-type":"","background-media":"","overlay-type":"","overlay-color":"","overlay-opacity":"","overlay-gradient":""},"mobile":{"background-color":"var(--ast-global-color-5)","background-image":"","background-repeat":"repeat","background-position":"center center","background-size":"auto","background-attachment":"scroll","background-type":"","background-media":"","overlay-type":"","overlay-color":"","overlay-opacity":"","overlay-gradient":""}},"ngg_post_thumbnail":0,"jetpack_post_was_ever_published":false,"_jetpack_newsletter_access":"","_jetpack_dont_email_post_to_subs":false,"_jetpack_newsletter_tier_id":0,"_jetpack_memberships_contains_paywalled_content":false,"_jetpack_memberships_contains_paid_content":false,"footnotes":""},"categories":[33,11],"tags":[77],"class_list":["post-5862","post","type-post","status-publish","format-standard","hentry","category-twitter","category-literatur","tag-tweetderwoche"],"jetpack_featured_media_url":"","jetpack_sharing_enabled":true,"jetpack_shortlink":"https:\/\/wp.me\/p4uzZ-1wy","jetpack-related-posts":[{"id":5834,"url":"https:\/\/textundblog.de\/?p=5834","url_meta":{"origin":5862,"position":0},"title":"Tweet der Woche: Herausforderungen","author":"Markus","date":"28\/2\/2014","format":false,"excerpt":"In diesen schnelllebigen Zeiten stehen wir Menschen vor immer gr\u00f6\u00dferen Herausforderungen. @_die_sara hat im Tweet der Woche die drei gr\u00f6\u00dften fest gemacht: https:\/\/twitter.com\/_die_sara\/status\/438939771399069696 Hier geht's zu den vergangenen Tweets der Woche.","rel":"","context":"In &quot;Bluesky&quot;","block_context":{"text":"Bluesky","link":"https:\/\/textundblog.de\/?cat=33"},"img":{"alt_text":"Tweet der Woche","src":"wp-images\/tweetderwoche2-200x96.jpg","width":350,"height":200},"classes":[]},{"id":4578,"url":"https:\/\/textundblog.de\/?p=4578","url_meta":{"origin":5862,"position":1},"title":"Tweet der Woche: schon wieder ein Pointentweet","author":"Markus","date":"9\/3\/2012","format":false,"excerpt":"In dieser schnelllebigen Zeit kann man ja nicht davon ausgehen, dass ihr euch noch an meine Definition von Pointentweet von vor zwei Monaten erinnert. Deshalb zitiere ich mich hier selbst: Eine Pointe in einem Tweet geschickt zu setzen, ist gar nicht so einfach. Klar, sie geh\u00f6rt an den Schluss. Der\u2026","rel":"","context":"In &quot;Bluesky&quot;","block_context":{"text":"Bluesky","link":"https:\/\/textundblog.de\/?cat=33"},"img":{"alt_text":"Tweet der Woche von @Regendelfin","src":"https:\/\/i0.wp.com\/textundblog.de\/wp-content\/regendelfin.png?resize=350%2C200&ssl=1","width":350,"height":200},"classes":[]},{"id":6126,"url":"https:\/\/textundblog.de\/?p=6126","url_meta":{"origin":5862,"position":2},"title":"Kleiner Milchkaffee im wahren Leben","author":"Markus","date":"18\/7\/2014","format":false,"excerpt":"Da Gemeinschaften sich schnell auf Abk\u00fcrzungen einigen, die alle verstehen, ist es auch keine Besonderheit, dass Menschen auf Twitter viele Abk\u00fcrzungen verwenden. Macht ja auch Sinn, da hier die Menge der Zeichen systembedingt auf maximal 140 begrenzt ist. RT steht f\u00fcr Retweet, DM f\u00fcr Direct Message, MT f\u00fcr Modified Tweet,\u2026","rel":"","context":"In &quot;Bluesky&quot;","block_context":{"text":"Bluesky","link":"https:\/\/textundblog.de\/?cat=33"},"img":{"alt_text":"Tweet der Woche","src":"wp-images\/tweetderwoche2-200x96.jpg","width":350,"height":200},"classes":[]},{"id":6560,"url":"https:\/\/textundblog.de\/?p=6560","url_meta":{"origin":5862,"position":3},"title":"Unbesorgt sinnlos leben","author":"Markus","date":"27\/2\/2015","format":false,"excerpt":"Der Philosoph ist \u2013 wie wir alle wissen \u2013 ein Freund der Weisheit. Es passiert nicht oft, aber manchmal kommt es eben vor, dass Tweets von geradezu philosophischem Ausma\u00df ver\u00f6ffentlicht werden. Im Strom der schnell dahin geschriebenen Kurzmeldungen blitzen sie auf, lassen uns inne halten und helfen uns, die Sinnhaftigkeit\u2026","rel":"","context":"In &quot;Bluesky&quot;","block_context":{"text":"Bluesky","link":"https:\/\/textundblog.de\/?cat=33"},"img":{"alt_text":"Tweet der Woche","src":"wp-images\/tweetderwoche2-200x96.jpg","width":350,"height":200},"classes":[]},{"id":8674,"url":"https:\/\/textundblog.de\/?p=8674","url_meta":{"origin":5862,"position":4},"title":"Lebensweisheiten","author":"Markus","date":"29\/7\/2018","format":false,"excerpt":"Twitter kann manchmal auch ein Ort der Lebensweisheiten sein. Diese hier finde ich besonders gut. Mein Tweet der Woche kommt dieses Mal von @yannicsh: https:\/\/twitter.com\/yannicsh\/status\/1021347380279631872 (Und lustig in den Kommentaren zum Tweet zu lesen, dass manche das \"E\" in E-Jugend f\u00fcr die Abk\u00fcrzung von elektronisch hielten.) Hier geht's zu den\u2026","rel":"","context":"In &quot;Bluesky&quot;","block_context":{"text":"Bluesky","link":"https:\/\/textundblog.de\/?cat=33"},"img":{"alt_text":"Tweet der Woche","src":"wp-images\/tweetderwoche2-200x96.jpg","width":350,"height":200},"classes":[]},{"id":9008,"url":"https:\/\/textundblog.de\/?p=9008","url_meta":{"origin":5862,"position":5},"title":"Twitter, Thesen, Tipps","author":"Markus","date":"24\/2\/2019","format":false,"excerpt":"Twitter ist auch ein Forum f\u00fcr ganz lebenspraktische Tipps. Ein gutes Beispiel f\u00fcr die Ratgeber-Funktion des Kurznachrichtendienstes ist der Tweet der Woche von @MarleneHellene: https:\/\/twitter.com\/MarleneHellene\/status\/1099313506741092352 Hier geht's zu den vergangenen Tweets der Woche.","rel":"","context":"In &quot;Bluesky&quot;","block_context":{"text":"Bluesky","link":"https:\/\/textundblog.de\/?cat=33"},"img":{"alt_text":"Tweet der Woche","src":"wp-images\/tweetderwoche2-200x96.jpg","width":350,"height":200},"classes":[]}],"_links":{"self":[{"href":"https:\/\/textundblog.de\/index.php?rest_route=\/wp\/v2\/posts\/5862","targetHints":{"allow":["GET"]}}],"collection":[{"href":"https:\/\/textundblog.de\/index.php?rest_route=\/wp\/v2\/posts"}],"about":[{"href":"https:\/\/textundblog.de\/index.php?rest_route=\/wp\/v2\/types\/post"}],"author":[{"embeddable":true,"href":"https:\/\/textundblog.de\/index.php?rest_route=\/wp\/v2\/users\/1"}],"replies":[{"embeddable":true,"href":"https:\/\/textundblog.de\/index.php?rest_route=%2Fwp%2Fv2%2Fcomments&post=5862"}],"version-history":[{"count":0,"href":"https:\/\/textundblog.de\/index.php?rest_route=\/wp\/v2\/posts\/5862\/revisions"}],"wp:attachment":[{"href":"https:\/\/textundblog.de\/index.php?rest_route=%2Fwp%2Fv2%2Fmedia&parent=5862"}],"wp:term":[{"taxonomy":"category","embeddable":true,"href":"https:\/\/textundblog.de\/index.php?rest_route=%2Fwp%2Fv2%2Fcategories&post=5862"},{"taxonomy":"post_tag","embeddable":true,"href":"https:\/\/textundblog.de\/index.php?rest_route=%2Fwp%2Fv2%2Ftags&post=5862"}],"curies":[{"name":"wp","href":"https:\/\/api.w.org\/{rel}","templated":true}]}}