{"id":5859,"date":"2014-03-20T22:35:11","date_gmt":"2014-03-20T21:35:11","guid":{"rendered":"http:\/\/textundblog.de\/?p=5859"},"modified":"2014-03-20T22:42:53","modified_gmt":"2014-03-20T21:42:53","slug":"so-waren-die-90er","status":"publish","type":"post","link":"https:\/\/textundblog.de\/?p=5859","title":{"rendered":"So waren die 90er"},"content":{"rendered":"<p><span class=\"embed-youtube\" style=\"text-align:center; display: block;\"><iframe loading=\"lazy\" class=\"youtube-player\" width=\"640\" height=\"360\" src=\"https:\/\/www.youtube.com\/embed\/3aSt1J4s_Lk?version=3&#038;rel=1&#038;showsearch=0&#038;showinfo=1&#038;iv_load_policy=1&#038;fs=1&#038;hl=de-DE&#038;autohide=2&#038;wmode=transparent\" allowfullscreen=\"true\" style=\"border:0;\" sandbox=\"allow-scripts allow-same-origin allow-popups allow-presentation allow-popups-to-escape-sandbox\"><\/iframe><\/span><\/p>\n<p>Sprachlos. So in etwa war das damals in den 90ern.<\/p>\n<p>[via <a href=\"https:\/\/twitter.com\/martingiesler\/status\/446758340350459904\">@martingiesler<\/a>]<\/p>\n","protected":false},"excerpt":{"rendered":"<p>Sprachlos. So in etwa war das damals in den 90ern. [via @martingiesler]<\/p>\n","protected":false},"author":1,"featured_media":0,"comment_status":"open","ping_status":"open","sticky":false,"template":"","format":"standard","meta":{"site-sidebar-layout":"default","site-content-layout":"","ast-site-content-layout":"default","site-content-style":"default","site-sidebar-style":"default","ast-global-header-display":"","ast-banner-title-visibility":"","ast-main-header-display":"","ast-hfb-above-header-display":"","ast-hfb-below-header-display":"","ast-hfb-mobile-header-display":"","site-post-title":"","ast-breadcrumbs-content":"","ast-featured-img":"","footer-sml-layout":"","theme-transparent-header-meta":"","adv-header-id-meta":"","stick-header-meta":"","header-above-stick-meta":"","header-main-stick-meta":"","header-below-stick-meta":"","astra-migrate-meta-layouts":"default","ast-page-background-enabled":"default","ast-page-background-meta":{"desktop":{"background-color":"var(--ast-global-color-4)","background-image":"","background-repeat":"repeat","background-position":"center center","background-size":"auto","background-attachment":"scroll","background-type":"","background-media":"","overlay-type":"","overlay-color":"","overlay-opacity":"","overlay-gradient":""},"tablet":{"background-color":"","background-image":"","background-repeat":"repeat","background-position":"center center","background-size":"auto","background-attachment":"scroll","background-type":"","background-media":"","overlay-type":"","overlay-color":"","overlay-opacity":"","overlay-gradient":""},"mobile":{"background-color":"","background-image":"","background-repeat":"repeat","background-position":"center center","background-size":"auto","background-attachment":"scroll","background-type":"","background-media":"","overlay-type":"","overlay-color":"","overlay-opacity":"","overlay-gradient":""}},"ast-content-background-meta":{"desktop":{"background-color":"var(--ast-global-color-5)","background-image":"","background-repeat":"repeat","background-position":"center center","background-size":"auto","background-attachment":"scroll","background-type":"","background-media":"","overlay-type":"","overlay-color":"","overlay-opacity":"","overlay-gradient":""},"tablet":{"background-color":"var(--ast-global-color-5)","background-image":"","background-repeat":"repeat","background-position":"center center","background-size":"auto","background-attachment":"scroll","background-type":"","background-media":"","overlay-type":"","overlay-color":"","overlay-opacity":"","overlay-gradient":""},"mobile":{"background-color":"var(--ast-global-color-5)","background-image":"","background-repeat":"repeat","background-position":"center center","background-size":"auto","background-attachment":"scroll","background-type":"","background-media":"","overlay-type":"","overlay-color":"","overlay-opacity":"","overlay-gradient":""}},"ngg_post_thumbnail":0,"jetpack_post_was_ever_published":false,"_jetpack_newsletter_access":"","_jetpack_dont_email_post_to_subs":false,"_jetpack_newsletter_tier_id":0,"_jetpack_memberships_contains_paywalled_content":false,"_jetpack_memberships_contains_paid_content":false,"footnotes":""},"categories":[4],"tags":[],"class_list":["post-5859","post","type-post","status-publish","format-standard","hentry","category-internet"],"jetpack_featured_media_url":"","jetpack_sharing_enabled":true,"jetpack_shortlink":"https:\/\/wp.me\/p4uzZ-1wv","jetpack-related-posts":[{"id":4716,"url":"https:\/\/textundblog.de\/?p=4716","url_meta":{"origin":5859,"position":0},"title":"Ray Cokes bei Harald Schmidt","author":"Markus","date":"26\/5\/2012","format":false,"excerpt":"http:\/\/youtu.be\/uEF6HHacNy4 Der Brite Ray Cokes geh\u00f6rt zu den ganz gro\u00dfen TV-Moderatoren. Was er als Moderator auf MTV gemacht hat, als dieser Sender noch ein Musik-Video-Kanal war, ist gro\u00dfes Kino gewesen. Ein ganz kleines bisschen des gro\u00dfartigen Stils von damals schien durch, als Cokes neulich (22.03.2012) bei einem anderen - zumindest\u2026","rel":"","context":"In &quot;TV&quot;","block_context":{"text":"TV","link":"https:\/\/textundblog.de\/?cat=3"},"img":{"alt_text":"","src":"https:\/\/i0.wp.com\/img.youtube.com\/vi\/uEF6HHacNy4\/0.jpg?resize=350%2C200","width":350,"height":200},"classes":[]},{"id":4512,"url":"https:\/\/textundblog.de\/?p=4512","url_meta":{"origin":5859,"position":1},"title":"Papa Dicken &#038; Kinder: Depeche Mode in Heimmusik","author":"Markus","date":"28\/1\/2012","format":false,"excerpt":"http:\/\/youtu.be\/BxQSEvHdyjQ Wegen solcher Funde liebe ich das Internet. Der kolumbianische Videok\u00fcnstler Dicken Schrader covert mit seinen beiden Kindern Milah und Korben Lieder von Depeche Mode. Hier zu bestaunen: Everything Counts gespielt auf einem Xylophon, einem alten Yamaha Keyboard und einer Reihe selbst gebastelter Instruments wie leere Plastikflaschen. Eine \u2013 sicher\u2026","rel":"","context":"In &quot;Musik&quot;","block_context":{"text":"Musik","link":"https:\/\/textundblog.de\/?cat=7"},"img":{"alt_text":"","src":"https:\/\/i0.wp.com\/img.youtube.com\/vi\/BxQSEvHdyjQ\/0.jpg?resize=350%2C200","width":350,"height":200},"classes":[]},{"id":4911,"url":"https:\/\/textundblog.de\/?p=4911","url_meta":{"origin":5859,"position":2},"title":"Eier trennen leicht gemacht","author":"Markus","date":"25\/8\/2012","format":false,"excerpt":"Seit ich von Gordon Ramsay gelernt habe, wie man in 4 Minuten perfekte R\u00fchreier macht, hat mich nichts mehr so erstaunt in Sachen Internet-Tipps rund um Eier. So einfach, und gerade deshalb so genial, wie man m\u00fchelos das Eigelb vom Eiwei\u00df trennt. Kein fiddeliges, fadenziehendes Schaukeln in Schalenh\u00e4lften. Einfach angesaugt\u2026","rel":"","context":"In &quot;Video&quot;","block_context":{"text":"Video","link":"https:\/\/textundblog.de\/?cat=18"},"img":{"alt_text":"","src":"https:\/\/i0.wp.com\/img.youtube.com\/vi\/o50TPjIDCQ0\/0.jpg?resize=350%2C200","width":350,"height":200},"classes":[]},{"id":6352,"url":"https:\/\/textundblog.de\/?p=6352","url_meta":{"origin":5859,"position":3},"title":"Im Adlerflug \u00fcber Paris","author":"Markus","date":"13\/10\/2014","format":false,"excerpt":"http:\/\/youtu.be\/QwNc0SFIp-o Die Welt aus der Vogelperspektive entdecken zu k\u00f6nnen, ist schon seit jeher ein Menschheitstraum gewesen. Mit den in Mode gekommenen Drohnenaufnahmen (wie etwa hier \u00abBeeindruckende Drohnenaufnahmen im Wildreservat in Kenia\u00bb) sind schon beeindruckende Filme gelungen, die in diese Richtung gehen. Doch vergesst die Drohnenfilmchen und schaut euch diesen Adlerflug\u2026","rel":"","context":"In &quot;Video&quot;","block_context":{"text":"Video","link":"https:\/\/textundblog.de\/?cat=18"},"img":{"alt_text":"","src":"https:\/\/i0.wp.com\/textundblog.de\/wp-content\/adlerflug-paris.jpg?resize=350%2C200&ssl=1","width":350,"height":200,"srcset":"https:\/\/i0.wp.com\/textundblog.de\/wp-content\/adlerflug-paris.jpg?resize=350%2C200&ssl=1 1x, https:\/\/i0.wp.com\/textundblog.de\/wp-content\/adlerflug-paris.jpg?resize=525%2C300&ssl=1 1.5x, https:\/\/i0.wp.com\/textundblog.de\/wp-content\/adlerflug-paris.jpg?resize=700%2C400&ssl=1 2x"},"classes":[]},{"id":4343,"url":"https:\/\/textundblog.de\/?p=4343","url_meta":{"origin":5859,"position":4},"title":"Berliner Piraten und Liquid Feedback auf CNN","author":"Markus","date":"28\/9\/2011","format":false,"excerpt":"http:\/\/youtu.be\/d2fSdyWpb14 Nat\u00fcrlich habe ich mich als Mitglied der Piratenpartei wahnsinnig gefreut, als ich vergangene Woche in San Sebasti\u00e1n von dem gro\u00dfen Wahlerfolg der Piraten in Berlin erfahren habe. Die Basken haben sich \u00fcbrigens in Gespr\u00e4chen auch sehr interessiert an diesem Ergebnis gezeigt. Doch nun hat sogar CNN \u00fcber das Thema\u2026","rel":"","context":"In &quot;Politik&quot;","block_context":{"text":"Politik","link":"https:\/\/textundblog.de\/?cat=9"},"img":{"alt_text":"","src":"https:\/\/i0.wp.com\/img.youtube.com\/vi\/d2fSdyWpb14\/0.jpg?resize=350%2C200","width":350,"height":200},"classes":[]},{"id":5313,"url":"https:\/\/textundblog.de\/?p=5313","url_meta":{"origin":5859,"position":5},"title":"Netzpolitik in &#8218;Neues aus der Anstalt&#8216;","author":"Markus","date":"27\/3\/2013","format":false,"excerpt":"http:\/\/youtu.be\/7HCl_eFa4Vs Ein bisschen zotig vielleicht, wie der Kabarettist Tobias Mann gestern Abend in \u00abNeues aus der Anstalt\u00bb \u00fcber Netzpolitik referiert hat, aber (leider) sehr treffend. Diejenigen, die zur Zeit \u00fcber Netzpolitik entscheiden, haben zum gr\u00f6\u00dften Teil nicht nur keine Ahnung davon, sondern treffen realit\u00e4tsferne und gef\u00e4hrliche Entscheidungen (wie etwa bei\u2026","rel":"","context":"In &quot;Politik&quot;","block_context":{"text":"Politik","link":"https:\/\/textundblog.de\/?cat=9"},"img":{"alt_text":"","src":"https:\/\/i0.wp.com\/img.youtube.com\/vi\/7HCl_eFa4Vs\/0.jpg?resize=350%2C200","width":350,"height":200},"classes":[]}],"_links":{"self":[{"href":"https:\/\/textundblog.de\/index.php?rest_route=\/wp\/v2\/posts\/5859","targetHints":{"allow":["GET"]}}],"collection":[{"href":"https:\/\/textundblog.de\/index.php?rest_route=\/wp\/v2\/posts"}],"about":[{"href":"https:\/\/textundblog.de\/index.php?rest_route=\/wp\/v2\/types\/post"}],"author":[{"embeddable":true,"href":"https:\/\/textundblog.de\/index.php?rest_route=\/wp\/v2\/users\/1"}],"replies":[{"embeddable":true,"href":"https:\/\/textundblog.de\/index.php?rest_route=%2Fwp%2Fv2%2Fcomments&post=5859"}],"version-history":[{"count":0,"href":"https:\/\/textundblog.de\/index.php?rest_route=\/wp\/v2\/posts\/5859\/revisions"}],"wp:attachment":[{"href":"https:\/\/textundblog.de\/index.php?rest_route=%2Fwp%2Fv2%2Fmedia&parent=5859"}],"wp:term":[{"taxonomy":"category","embeddable":true,"href":"https:\/\/textundblog.de\/index.php?rest_route=%2Fwp%2Fv2%2Fcategories&post=5859"},{"taxonomy":"post_tag","embeddable":true,"href":"https:\/\/textundblog.de\/index.php?rest_route=%2Fwp%2Fv2%2Ftags&post=5859"}],"curies":[{"name":"wp","href":"https:\/\/api.w.org\/{rel}","templated":true}]}}