{"id":5712,"date":"2013-11-28T10:08:47","date_gmt":"2013-11-28T09:08:47","guid":{"rendered":"http:\/\/textundblog.de\/?p=5712"},"modified":"2013-11-28T10:11:10","modified_gmt":"2013-11-28T09:11:10","slug":"koaltionsvertrag-mit-floskeln-blenden-und-taeuschen","status":"publish","type":"post","link":"https:\/\/textundblog.de\/?p=5712","title":{"rendered":"Koaltionsvertrag: Mit Floskeln blenden &#038; t\u00e4uschen"},"content":{"rendered":"<p><img data-recalc-dims=\"1\" loading=\"lazy\" decoding=\"async\" data-attachment-id=\"5713\" data-permalink=\"https:\/\/textundblog.de\/?attachment_id=5713\" data-orig-file=\"https:\/\/i0.wp.com\/textundblog.de\/wp-content\/wordle-koalitionsvertrag.jpg?fit=500%2C339&amp;ssl=1\" data-orig-size=\"500,339\" data-comments-opened=\"1\" data-image-meta=\"{&quot;aperture&quot;:&quot;0&quot;,&quot;credit&quot;:&quot;&quot;,&quot;camera&quot;:&quot;&quot;,&quot;caption&quot;:&quot;&quot;,&quot;created_timestamp&quot;:&quot;0&quot;,&quot;copyright&quot;:&quot;&quot;,&quot;focal_length&quot;:&quot;0&quot;,&quot;iso&quot;:&quot;0&quot;,&quot;shutter_speed&quot;:&quot;0&quot;,&quot;title&quot;:&quot;&quot;}\" data-image-title=\"Wortwolke aus Koaltionsvertrag\" data-image-description=\"\" data-image-caption=\"\" data-large-file=\"https:\/\/i0.wp.com\/textundblog.de\/wp-content\/wordle-koalitionsvertrag.jpg?fit=500%2C339&amp;ssl=1\" title=\"Wortwolke aus Koaltionsvertrag\" src=\"https:\/\/i0.wp.com\/textundblog.de\/wp-content\/wordle-koalitionsvertrag.jpg?resize=500%2C339&#038;ssl=1\" alt=\"Wortwolke aus Koaltionsvertrag\" width=\"500\" height=\"339\" class=\"alignnone size-full wp-image-5713\" srcset=\"https:\/\/i0.wp.com\/textundblog.de\/wp-content\/wordle-koalitionsvertrag.jpg?w=500&amp;ssl=1 500w, https:\/\/i0.wp.com\/textundblog.de\/wp-content\/wordle-koalitionsvertrag.jpg?resize=300%2C203&amp;ssl=1 300w\" sizes=\"auto, (max-width: 500px) 100vw, 500px\" \/><\/p>\n<p>Mit \u00abDeutschlands Zukunft gestalten\u00bb ist der Koalitionsvertrag zwischen CDU, CSU und SPD zur Bildung einer Regierung w\u00e4hrend der 18. Legislaturperiode des Deutschen Bundestages \u00fcberschrieben. An Floskelhaftigkeit ist auch der gesamte Text nicht mehr zu \u00fcberbieten, gut zu erkennen in oben zu sehender Wort-Wolke, gebildet aus dem kompletten Text der 185 Seiten des Koalitionsvertrages mit dem Tool <a href=\"https:\/\/textundblog.de\/?p=2215\">Wordle<\/a>.<\/p>\n<p>Heribert Prantl hat in der <em>S\u00fcddeutschen Zeitung<\/em> einen treffenden Kommentar zum Koaltionsvertrag geschrieben:<\/p>\n<blockquote><p>Der Koalitionsvertrag ist dick, aber nicht stark. Union und SPD wagen keine Reformen. Die Partner wollen eine \u00fcppige Vorratsdatenspeicherung einf\u00fchren &#8211; der Grundrechtssensibilit\u00e4t geb\u00fchrt die Note mangelhaft, genau wie dem Umgang mit Fl\u00fcchtlingen.<br \/>\n[\u2026]<br \/>\nInnen- und rechtspolitischer Teil des Koalitionspapiers: Dieser Teil ist partiell von einer so konservativen Rigidit\u00e4t, dass einem beim Lesen die Sehnsucht nach einer FDP anf\u00e4llt &#8211; die es verhindert h\u00e4tte, dass nun in den Zeiten von NSA allen Ernstes wieder eine \u00fcppige Vorratsdatenspeicherung eingef\u00fchrt werden soll, die sich um die Vorgaben des Verfassungsgerichts wenig schert.\n<\/p><\/blockquote>\n<p>Weiter in der SZ: \u00ab<a href=\"http:\/\/www.sueddeutsche.de\/politik\/schwarz-roter-koalitionsvertrag-zu-lasten-von-datenschutz-und-grundrechten-1.1829791\">Schwarz-roter Koalitionsvertrag \u2013 Zu Lasten von Datenschutz und Grundrechten<\/a>\u00bb <\/p>\n","protected":false},"excerpt":{"rendered":"<p>Mit \u00abDeutschlands Zukunft gestalten\u00bb ist der Koalitionsvertrag zwischen CDU, CSU und SPD zur Bildung einer Regierung w\u00e4hrend der 18. Legislaturperiode des Deutschen Bundestages \u00fcberschrieben. An Floskelhaftigkeit ist auch der gesamte Text nicht mehr zu \u00fcberbieten, gut zu erkennen in oben zu sehender Wort-Wolke, gebildet aus dem kompletten Text der 185 Seiten des Koalitionsvertrages mit dem [&hellip;]<\/p>\n","protected":false},"author":1,"featured_media":0,"comment_status":"open","ping_status":"open","sticky":false,"template":"","format":"standard","meta":{"site-sidebar-layout":"default","site-content-layout":"","ast-site-content-layout":"default","site-content-style":"default","site-sidebar-style":"default","ast-global-header-display":"","ast-banner-title-visibility":"","ast-main-header-display":"","ast-hfb-above-header-display":"","ast-hfb-below-header-display":"","ast-hfb-mobile-header-display":"","site-post-title":"","ast-breadcrumbs-content":"","ast-featured-img":"","footer-sml-layout":"","theme-transparent-header-meta":"","adv-header-id-meta":"","stick-header-meta":"","header-above-stick-meta":"","header-main-stick-meta":"","header-below-stick-meta":"","astra-migrate-meta-layouts":"default","ast-page-background-enabled":"default","ast-page-background-meta":{"desktop":{"background-color":"var(--ast-global-color-4)","background-image":"","background-repeat":"repeat","background-position":"center center","background-size":"auto","background-attachment":"scroll","background-type":"","background-media":"","overlay-type":"","overlay-color":"","overlay-opacity":"","overlay-gradient":""},"tablet":{"background-color":"","background-image":"","background-repeat":"repeat","background-position":"center center","background-size":"auto","background-attachment":"scroll","background-type":"","background-media":"","overlay-type":"","overlay-color":"","overlay-opacity":"","overlay-gradient":""},"mobile":{"background-color":"","background-image":"","background-repeat":"repeat","background-position":"center center","background-size":"auto","background-attachment":"scroll","background-type":"","background-media":"","overlay-type":"","overlay-color":"","overlay-opacity":"","overlay-gradient":""}},"ast-content-background-meta":{"desktop":{"background-color":"var(--ast-global-color-5)","background-image":"","background-repeat":"repeat","background-position":"center center","background-size":"auto","background-attachment":"scroll","background-type":"","background-media":"","overlay-type":"","overlay-color":"","overlay-opacity":"","overlay-gradient":""},"tablet":{"background-color":"var(--ast-global-color-5)","background-image":"","background-repeat":"repeat","background-position":"center center","background-size":"auto","background-attachment":"scroll","background-type":"","background-media":"","overlay-type":"","overlay-color":"","overlay-opacity":"","overlay-gradient":""},"mobile":{"background-color":"var(--ast-global-color-5)","background-image":"","background-repeat":"repeat","background-position":"center center","background-size":"auto","background-attachment":"scroll","background-type":"","background-media":"","overlay-type":"","overlay-color":"","overlay-opacity":"","overlay-gradient":""}},"ngg_post_thumbnail":0,"jetpack_post_was_ever_published":false,"_jetpack_newsletter_access":"","_jetpack_dont_email_post_to_subs":false,"_jetpack_newsletter_tier_id":0,"_jetpack_memberships_contains_paywalled_content":false,"_jetpack_memberships_contains_paid_content":false,"footnotes":""},"categories":[5,9],"tags":[],"class_list":["post-5712","post","type-post","status-publish","format-standard","hentry","category-artikel","category-politik"],"jetpack_featured_media_url":"","jetpack_sharing_enabled":true,"jetpack_shortlink":"https:\/\/wp.me\/p4uzZ-1u8","jetpack-related-posts":[{"id":633,"url":"https:\/\/textundblog.de\/?p=633","url_meta":{"origin":5712,"position":0},"title":"Gro\u00dfe Koalition nach \u00abDelicate Talks\u00bb","author":"Markus","date":"12\/11\/2005","format":false,"excerpt":"\u00abGerman Coalition Is Declared After Delicate Talks\u00bb, New York Times. \u00abDelicate Talks\u00bb, sehr sch\u00f6n. Wobei fast alles was \u00abdelicate\u00bb war, aufgeschoben wurde... Gutes Foto von Tobias Schwarz\/Reuters: im Original auf der Artikelseite der NYT. Update 17:10 Uhr: Die SPD hat den Koalitionsvertrag online gestellt: (191 Seiten, pdf).","rel":"","context":"In &quot;Artikel&quot;","block_context":{"text":"Artikel","link":"https:\/\/textundblog.de\/?cat=5"},"img":{"alt_text":"New York Times: Delicate Talks","src":".\/wp-content\/germany2.jpg","width":350,"height":200,"srcset":".\/wp-content\/germany2.jpg 1x, .\/wp-content\/germany2.jpg 1.5x"},"classes":[]},{"id":5774,"url":"https:\/\/textundblog.de\/?p=5774","url_meta":{"origin":5712,"position":1},"title":"Prof. Albrecht \u00fcber Deutschlands Weg in den \u00dcberwachungstaat","author":"Markus","date":"5\/1\/2014","format":false,"excerpt":"Was mir gro\u00dfe Sorgen macht: Die Bundesregierung m\u00f6chte sich vom Prinzip der Unschuldsvermutung verabschieden. Sie will die Rasterfahndung und die Onlinedurchsuchung. Sie m\u00f6chte die Vorratsdatenspeicherung durchdr\u00fcckenEs soll sich niemand t\u00e4uschen lassen, dass Maas im aktuellen Spiegel ank\u00fcndigt, die Vorratsdatenspeicherung (VDS) zun\u00e4chst auf Eis zu legen und die Entscheidung des EU-Gerichtshofes\u2026","rel":"","context":"In &quot;Hamburg&quot;","block_context":{"text":"Hamburg","link":"https:\/\/textundblog.de\/?cat=15"},"img":{"alt_text":"","src":"https:\/\/i0.wp.com\/img.youtube.com\/vi\/SilOG1uexSQ\/0.jpg?resize=350%2C200","width":350,"height":200},"classes":[]},{"id":5534,"url":"https:\/\/textundblog.de\/?p=5534","url_meta":{"origin":5712,"position":2},"title":"Frontal21 zu Prism","author":"Markus","date":"31\/7\/2013","format":false,"excerpt":"http:\/\/youtu.be\/BwxXPboIxsc \u00dcber 200 amerikanische Firmen arbeiten in Deutschland f\u00fcr die US-Armee. Ihr Auftrag: nachrichtendienstliche Operationen. Die Bundesregierung hat dieser Schn\u00fcffelpraxis in einem Vertrag zugestimmt. Man kann gar nicht dankbar genug sein f\u00fcr solche Berichte, die in aller Deutlichkeit zeigen, wie sehr die letzten drei Bundesregierungen (Rot-Gr\u00fcn ab 2001, die Gro\u00dfe\u2026","rel":"","context":"In &quot;Politik&quot;","block_context":{"text":"Politik","link":"https:\/\/textundblog.de\/?cat=9"},"img":{"alt_text":"","src":"https:\/\/i0.wp.com\/textundblog.de\/wp-content\/frontal21-prism.jpg?resize=350%2C200&ssl=1","width":350,"height":200},"classes":[]},{"id":1410,"url":"https:\/\/textundblog.de\/?p=1410","url_meta":{"origin":5712,"position":3},"title":"Berliner Erkl\u00e4rung der Literatur\u00fcbersetzer","author":"Markus","date":"29\/1\/2007","format":false,"excerpt":"Disclaimer vorneweg: Ich bin als \u00dcbersetzer Mitglied des Verbandes der deutschsprachigen Literatur\u00fcbersetzer (Vd\u00dc). Wir hatten am Wochenende in Berlin unsere Mitgliederversammlung, dort haben wir eine \"Berliner Erkl\u00e4rung\" einstimmig verabschiedet, deren Hintergrund ich gerne erl\u00e4utern m\u00f6chte und deren Text ich auch hier im Blog ver\u00f6ffentlichen m\u00f6chte. Es hat sich bei vielen\u2026","rel":"","context":"In &quot;Literatur&quot;","block_context":{"text":"Literatur","link":"https:\/\/textundblog.de\/?cat=11"},"img":{"alt_text":"","src":"","width":0,"height":0},"classes":[]},{"id":5685,"url":"https:\/\/textundblog.de\/?p=5685","url_meta":{"origin":5712,"position":4},"title":"BND umgeht Datenschutz: Unertr\u00e4gliche Heuchelei der Bundesregierung in Sachen NSA","author":"Markus","date":"13\/11\/2013","format":false,"excerpt":"http:\/\/youtu.be\/qpyXRIhZHi8 Das Magazin Fakt hat heute Abend diesen Bericht ausgestrahlt: BND will bei Spionage mitmischen: In Frankfurt am Main befindet sich der gr\u00f6\u00dfte Internet-Datenumschlagplatz der Welt. Damit ist der BND automatisch Mitspieler im Abh\u00f6rverbund der westlichen Geheimdienste. Die Heuchelei der noch amtierenden Bundesregierung und ihrer beiden Vorg\u00e4nger-Regierungen (Gro\u00dfe Koalition und\u2026","rel":"","context":"In &quot;Politik&quot;","block_context":{"text":"Politik","link":"https:\/\/textundblog.de\/?cat=9"},"img":{"alt_text":"","src":"https:\/\/i0.wp.com\/img.youtube.com\/vi\/qpyXRIhZHi8\/0.jpg?resize=350%2C200","width":350,"height":200},"classes":[]},{"id":3011,"url":"https:\/\/textundblog.de\/?p=3011","url_meta":{"origin":5712,"position":5},"title":"Ich bin auch Verlierer des Tages","author":"Markus","date":"12\/6\/2009","format":false,"excerpt":"Wer die BILD-Zeitung liest, tut das nicht, um sich durch sorgsame Abw\u00e4gung unterschiedlicher Argumente seine Meinung zu bilden, sondern weil er gerne einfache Positionen serviert bekommt. Provokativ, verk\u00fcrzt in wenig Text und dicken Schlagzeilen. Geh\u00f6rt mit zum Erfolgskonzept des Blattes und beschert dieser simplen Informationspolitik eine Reichweite von etwa 11,5\u2026","rel":"","context":"In &quot;Politik&quot;","block_context":{"text":"Politik","link":"https:\/\/textundblog.de\/?cat=9"},"img":{"alt_text":"Ich bin auch Verlierer des Tages","src":"https:\/\/i0.wp.com\/textundblog.de\/wp-content\/verliererdestages.jpg?resize=350%2C200&ssl=1","width":350,"height":200},"classes":[]}],"_links":{"self":[{"href":"https:\/\/textundblog.de\/index.php?rest_route=\/wp\/v2\/posts\/5712","targetHints":{"allow":["GET"]}}],"collection":[{"href":"https:\/\/textundblog.de\/index.php?rest_route=\/wp\/v2\/posts"}],"about":[{"href":"https:\/\/textundblog.de\/index.php?rest_route=\/wp\/v2\/types\/post"}],"author":[{"embeddable":true,"href":"https:\/\/textundblog.de\/index.php?rest_route=\/wp\/v2\/users\/1"}],"replies":[{"embeddable":true,"href":"https:\/\/textundblog.de\/index.php?rest_route=%2Fwp%2Fv2%2Fcomments&post=5712"}],"version-history":[{"count":0,"href":"https:\/\/textundblog.de\/index.php?rest_route=\/wp\/v2\/posts\/5712\/revisions"}],"wp:attachment":[{"href":"https:\/\/textundblog.de\/index.php?rest_route=%2Fwp%2Fv2%2Fmedia&parent=5712"}],"wp:term":[{"taxonomy":"category","embeddable":true,"href":"https:\/\/textundblog.de\/index.php?rest_route=%2Fwp%2Fv2%2Fcategories&post=5712"},{"taxonomy":"post_tag","embeddable":true,"href":"https:\/\/textundblog.de\/index.php?rest_route=%2Fwp%2Fv2%2Ftags&post=5712"}],"curies":[{"name":"wp","href":"https:\/\/api.w.org\/{rel}","templated":true}]}}