{"id":5654,"date":"2013-10-24T00:47:08","date_gmt":"2013-10-23T22:47:08","guid":{"rendered":"http:\/\/textundblog.de\/?p=5654"},"modified":"2013-10-24T00:53:34","modified_gmt":"2013-10-23T22:53:34","slug":"merkels-handy-betroffenheit-einer-heuchlerin","status":"publish","type":"post","link":"https:\/\/textundblog.de\/?p=5654","title":{"rendered":"Merkels Handy &#8211; Betroffenheit einer Heuchlerin"},"content":{"rendered":"<p>Guter Kommentar von Robert Ro\u00dfmann in der SZ zu Merkel und ihrer sp\u00e4ten Betroffenheit in Sachen NSA:<\/p>\n<blockquote><p>Ihr Handy ist ihre Schaltzentrale: Ein Angriff auf das Telefon Angela Merkels w\u00e4re eine Attacke auf ihr politisches Herz. Falls die US-Geheimdienste sie tats\u00e4chlich abgeh\u00f6rt haben, bek\u00e4me die NSA-Aff\u00e4re eine neue Dimension. Doch die Kanzlerin muss sich auch Vorw\u00fcrfe gefallen lassen. Denn sie und ihre Minister haben sich in der Aff\u00e4re bisher durch Abwiegeln hervorgetan.<\/p><\/blockquote>\n<p>Weiter in der SZ: \u00ab<a href=\"http:\/\/www.sueddeutsche.de\/digital\/moegliche-us-ueberwachung-von-merkels-handy-groesster-anzunehmender-affront-1.1802391\">Gr\u00f6\u00dfter anzunehmender Affront<\/a>\u00bb. <\/p>\n<p>Und mein eben getwitterter Kommentar zu Merkel: <\/p>\n<blockquote class=\"twitter-tweet\" data-width=\"500\" data-dnt=\"true\">\n<p lang=\"de\" dir=\"ltr\">&quot;Ihr <a href=\"https:\/\/twitter.com\/hashtag\/Handy?src=hash&amp;ref_src=twsrc%5Etfw\">#Handy<\/a> ist ihre Schaltzentrale.&quot; <a href=\"https:\/\/twitter.com\/SZ?ref_src=twsrc%5Etfw\">@SZ<\/a> Dass <a href=\"https:\/\/twitter.com\/hashtag\/Merkel?src=hash&amp;ref_src=twsrc%5Etfw\">#Merkel<\/a> sich erst jetzt \u00fcber <a href=\"https:\/\/twitter.com\/hashtag\/NSA?src=hash&amp;ref_src=twsrc%5Etfw\">#NSA<\/a> echauffiert, ist widerlich &amp; zeigt ihre ganze Verlogenheit.<\/p>\n<p>&mdash; Markus Trapp (@textundblog) <a href=\"https:\/\/twitter.com\/textundblog\/status\/393144540359823360?ref_src=twsrc%5Etfw\">October 23, 2013<\/a><\/p><\/blockquote>\n<p><script async src=\"https:\/\/platform.twitter.com\/widgets.js\" charset=\"utf-8\"><\/script><\/p>\n<p>Dazu passend, ebenfalls SZ:<br \/>\n<a href=\"http:\/\/www.sueddeutsche.de\/politik\/zitate-von-unionspolitikern-zur-nsa-affaere-vom-tisch-von-wegen-1.1802410\">Zitate von Unionspolitikern zur NSA-Aff\u00e4re \u2013 Vom Tisch? Von wegen!<\/a><\/p>\n","protected":false},"excerpt":{"rendered":"<p>Guter Kommentar von Robert Ro\u00dfmann in der SZ zu Merkel und ihrer sp\u00e4ten Betroffenheit in Sachen NSA: Ihr Handy ist ihre Schaltzentrale: Ein Angriff auf das Telefon Angela Merkels w\u00e4re eine Attacke auf ihr politisches Herz. Falls die US-Geheimdienste sie tats\u00e4chlich abgeh\u00f6rt haben, bek\u00e4me die NSA-Aff\u00e4re eine neue Dimension. Doch die Kanzlerin muss sich auch [&hellip;]<\/p>\n","protected":false},"author":1,"featured_media":0,"comment_status":"open","ping_status":"open","sticky":false,"template":"","format":"standard","meta":{"site-sidebar-layout":"default","site-content-layout":"","ast-site-content-layout":"default","site-content-style":"default","site-sidebar-style":"default","ast-global-header-display":"","ast-banner-title-visibility":"","ast-main-header-display":"","ast-hfb-above-header-display":"","ast-hfb-below-header-display":"","ast-hfb-mobile-header-display":"","site-post-title":"","ast-breadcrumbs-content":"","ast-featured-img":"","footer-sml-layout":"","theme-transparent-header-meta":"","adv-header-id-meta":"","stick-header-meta":"","header-above-stick-meta":"","header-main-stick-meta":"","header-below-stick-meta":"","astra-migrate-meta-layouts":"default","ast-page-background-enabled":"default","ast-page-background-meta":{"desktop":{"background-color":"var(--ast-global-color-4)","background-image":"","background-repeat":"repeat","background-position":"center center","background-size":"auto","background-attachment":"scroll","background-type":"","background-media":"","overlay-type":"","overlay-color":"","overlay-opacity":"","overlay-gradient":""},"tablet":{"background-color":"","background-image":"","background-repeat":"repeat","background-position":"center center","background-size":"auto","background-attachment":"scroll","background-type":"","background-media":"","overlay-type":"","overlay-color":"","overlay-opacity":"","overlay-gradient":""},"mobile":{"background-color":"","background-image":"","background-repeat":"repeat","background-position":"center center","background-size":"auto","background-attachment":"scroll","background-type":"","background-media":"","overlay-type":"","overlay-color":"","overlay-opacity":"","overlay-gradient":""}},"ast-content-background-meta":{"desktop":{"background-color":"var(--ast-global-color-5)","background-image":"","background-repeat":"repeat","background-position":"center center","background-size":"auto","background-attachment":"scroll","background-type":"","background-media":"","overlay-type":"","overlay-color":"","overlay-opacity":"","overlay-gradient":""},"tablet":{"background-color":"var(--ast-global-color-5)","background-image":"","background-repeat":"repeat","background-position":"center center","background-size":"auto","background-attachment":"scroll","background-type":"","background-media":"","overlay-type":"","overlay-color":"","overlay-opacity":"","overlay-gradient":""},"mobile":{"background-color":"var(--ast-global-color-5)","background-image":"","background-repeat":"repeat","background-position":"center center","background-size":"auto","background-attachment":"scroll","background-type":"","background-media":"","overlay-type":"","overlay-color":"","overlay-opacity":"","overlay-gradient":""}},"ngg_post_thumbnail":0,"jetpack_post_was_ever_published":false,"_jetpack_newsletter_access":"","_jetpack_dont_email_post_to_subs":false,"_jetpack_newsletter_tier_id":0,"_jetpack_memberships_contains_paywalled_content":false,"_jetpack_memberships_contains_paid_content":false,"footnotes":""},"categories":[5,9],"tags":[],"class_list":["post-5654","post","type-post","status-publish","format-standard","hentry","category-artikel","category-politik"],"jetpack_featured_media_url":"","jetpack_sharing_enabled":true,"jetpack_shortlink":"https:\/\/wp.me\/p4uzZ-1tc","jetpack-related-posts":[{"id":5697,"url":"https:\/\/textundblog.de\/?p=5697","url_meta":{"origin":5654,"position":0},"title":"Str\u00f6beles Bundestagsrede zur NSA und die Reaktion der devoten Ignoranten der Bundesregierung","author":"Markus","date":"19\/11\/2013","format":false,"excerpt":"http:\/\/youtu.be\/W6XLn1sBBDQ Die gestrige Rede von Christian Str\u00f6bele in der Bundestagsaussprache zum Abh\u00f6rskandal der NSA ist in zweifacher Hinsicht sehr aufschlussreich: einmal durch das, was Str\u00f6bele sagt (seine Forderung: Snowden Asyl gew\u00e4hren und ihn in Deutschland vor einem einzuberufenden Untersuchungsausschuss zu den Gesetzesbr\u00fcchen durch die NSA befragen) und andererseits durch die\u2026","rel":"","context":"In &quot;Politik&quot;","block_context":{"text":"Politik","link":"https:\/\/textundblog.de\/?cat=9"},"img":{"alt_text":"","src":"https:\/\/i0.wp.com\/img.youtube.com\/vi\/W6XLn1sBBDQ\/0.jpg?resize=350%2C200","width":350,"height":200},"classes":[]},{"id":6641,"url":"https:\/\/textundblog.de\/?p=6641","url_meta":{"origin":5654,"position":1},"title":"Merkel l\u00fcgt","author":"Markus","date":"13\/5\/2015","format":false,"excerpt":"\"Merkel war nicht grundehrlich\", analysiert Heribert Prantl. Eine nette Umschreibung f\u00fcr die Tatsache, dass Merkel gelogen hat. Aufkl\u00e4rung wurde versprochen. Der Einsatz f\u00fcr die Wahrung der Grundrechte, anl\u00e4sslich der von Snowden aufgedeckten Aussp\u00e4haktionen der NSA in Zusammenarbeit mit dem BND, war Merkels klare Ansage im Wahlkampf 2013. Gemacht wurde aber\u2026","rel":"","context":"In &quot;Artikel&quot;","block_context":{"text":"Artikel","link":"https:\/\/textundblog.de\/?cat=5"},"img":{"alt_text":"","src":"https:\/\/i0.wp.com\/img.youtube.com\/vi\/pQW9XfvrQSs\/0.jpg?resize=350%2C200","width":350,"height":200},"classes":[]},{"id":6643,"url":"https:\/\/textundblog.de\/?p=6643","url_meta":{"origin":5654,"position":2},"title":"Merkel im Vergleich zu Brandt \u2013 Lachen befreit","author":"Markus","date":"15\/5\/2015","format":false,"excerpt":"Was mich am meisten an der Aff\u00e4re um die L\u00fcgen der Kanzlerin im aktuellen NSA- und BND-Abh\u00f6rskandal wundert, ist, dass die Verfehlungen von Merkel nicht zu Konsequenzen f\u00fchren. Und dass es den Menschen auch offenbar vollkommen egal ist, dass sie gelogen hat. Ganz anders war das 1974, Brandts R\u00fccktritt erfolgte\u2026","rel":"","context":"In &quot;Literatur&quot;","block_context":{"text":"Literatur","link":"https:\/\/textundblog.de\/?cat=11"},"img":{"alt_text":"Tweet der Woche","src":"wp-images\/tweetderwoche2-200x96.jpg","width":350,"height":200},"classes":[]},{"id":6027,"url":"https:\/\/textundblog.de\/?p=6027","url_meta":{"origin":5654,"position":3},"title":"Mord in der Milit\u00e4rdiktatur &#038; NSA-Abh\u00f6rskandal &#8211; fortgesetzte Tatenlosigkeit deutscher Politik","author":"Markus","date":"6\/6\/2014","format":false,"excerpt":"Das M\u00e4dchen - Was geschah mit Elisabeth K.? | Video verf\u00fcgbar bis 12.06.2014 Update 2.9.2014: Durch die gestrige Wiederholung auf NDR ist der Film nun wieder eine Woche lang - bis zum 8.9.2014 - in der Mediathek des NDR zu sehen. Argentinien, 1977. Das Land wird von einer Milit\u00e4rdiktatur unterdr\u00fcckt.\u2026","rel":"","context":"In &quot;Politik&quot;","block_context":{"text":"Politik","link":"https:\/\/textundblog.de\/?cat=9"},"img":{"alt_text":"","src":"https:\/\/i0.wp.com\/textundblog.de\/wp-content\/dasmaedchen.jpg?resize=350%2C200&ssl=1","width":350,"height":200},"classes":[]},{"id":5500,"url":"https:\/\/textundblog.de\/?p=5500","url_meta":{"origin":5654,"position":4},"title":"Bisher bester Kommentar zu Prism: Amerika hat Angst","author":"Markus","date":"18\/7\/2013","format":false,"excerpt":"\u00abAmerikas Wahn\u00bb ist f\u00fcr mich einer der bisher besten Kommentare zum US-Abh\u00f6rskandal Prism, von Klaus @Brinkbaeumer, ver\u00f6ffentlicht im aktuellen Spiegel (29\/2013) und seit heute auf Spiegel Online: Eine politische Diskussion \u00fcber all das findet so gut wie nicht statt. Anschl\u00e4ge seien durch die Bespitzelung verhindert worden, das sagt Obama, das\u2026","rel":"","context":"In &quot;Artikel&quot;","block_context":{"text":"Artikel","link":"https:\/\/textundblog.de\/?cat=5"},"img":{"alt_text":"","src":"","width":0,"height":0},"classes":[]},{"id":3975,"url":"https:\/\/textundblog.de\/?p=3975","url_meta":{"origin":5654,"position":5},"title":"zu Guttenberg muss gehen \u2013 alternativlos!","author":"Markus","date":"21\/2\/2011","format":false,"excerpt":"Meine von mir verfasste Dissertation ist kein Plagiat. [\u2026] Es wurde allerdings zu keinem Zeitpunkt bewusst get\u00e4uscht oder bewusst die Urheberschaft nicht kenntlich gemacht. Diese Worte sind mit den Fakten nicht mehr in Einklang zu bringen. Wer ihn halten will, bringt Argumente zum Einsatz, die in keinster weise darauf eingehen,\u2026","rel":"","context":"In &quot;Politik&quot;","block_context":{"text":"Politik","link":"https:\/\/textundblog.de\/?cat=9"},"img":{"alt_text":"","src":"http:\/\/vg03.met.vgwort.de\/na\/27b4ca925492498fb02db36e463cf9d4","width":350,"height":200},"classes":[]}],"_links":{"self":[{"href":"https:\/\/textundblog.de\/index.php?rest_route=\/wp\/v2\/posts\/5654","targetHints":{"allow":["GET"]}}],"collection":[{"href":"https:\/\/textundblog.de\/index.php?rest_route=\/wp\/v2\/posts"}],"about":[{"href":"https:\/\/textundblog.de\/index.php?rest_route=\/wp\/v2\/types\/post"}],"author":[{"embeddable":true,"href":"https:\/\/textundblog.de\/index.php?rest_route=\/wp\/v2\/users\/1"}],"replies":[{"embeddable":true,"href":"https:\/\/textundblog.de\/index.php?rest_route=%2Fwp%2Fv2%2Fcomments&post=5654"}],"version-history":[{"count":0,"href":"https:\/\/textundblog.de\/index.php?rest_route=\/wp\/v2\/posts\/5654\/revisions"}],"wp:attachment":[{"href":"https:\/\/textundblog.de\/index.php?rest_route=%2Fwp%2Fv2%2Fmedia&parent=5654"}],"wp:term":[{"taxonomy":"category","embeddable":true,"href":"https:\/\/textundblog.de\/index.php?rest_route=%2Fwp%2Fv2%2Fcategories&post=5654"},{"taxonomy":"post_tag","embeddable":true,"href":"https:\/\/textundblog.de\/index.php?rest_route=%2Fwp%2Fv2%2Ftags&post=5654"}],"curies":[{"name":"wp","href":"https:\/\/api.w.org\/{rel}","templated":true}]}}