{"id":5623,"date":"2013-10-07T14:38:30","date_gmt":"2013-10-07T12:38:30","guid":{"rendered":"http:\/\/textundblog.de\/?p=5623"},"modified":"2013-10-07T15:01:55","modified_gmt":"2013-10-07T13:01:55","slug":"hudekamp-ein-heimatfilm","status":"publish","type":"post","link":"https:\/\/textundblog.de\/?p=5623","title":{"rendered":"Hudekamp &#8211; Ein Heimatfilm"},"content":{"rendered":"<p><a href=\"http:\/\/www.ndr.de\/fernsehen\/sendungen\/hudekamp133.html\"><img data-recalc-dims=\"1\" loading=\"lazy\" decoding=\"async\" data-attachment-id=\"5624\" data-permalink=\"https:\/\/textundblog.de\/?attachment_id=5624\" data-orig-file=\"https:\/\/i0.wp.com\/textundblog.de\/wp-content\/hudekamp-ndr.jpg?fit=500%2C283&amp;ssl=1\" data-orig-size=\"500,283\" data-comments-opened=\"1\" data-image-meta=\"{&quot;aperture&quot;:&quot;0&quot;,&quot;credit&quot;:&quot;&quot;,&quot;camera&quot;:&quot;&quot;,&quot;caption&quot;:&quot;&quot;,&quot;created_timestamp&quot;:&quot;0&quot;,&quot;copyright&quot;:&quot;&quot;,&quot;focal_length&quot;:&quot;0&quot;,&quot;iso&quot;:&quot;0&quot;,&quot;shutter_speed&quot;:&quot;0&quot;,&quot;title&quot;:&quot;&quot;}\" data-image-title=\"Hudekamp &amp;#8211; Ein Heimatfilm\" data-image-description=\"\" data-image-caption=\"\" data-large-file=\"https:\/\/i0.wp.com\/textundblog.de\/wp-content\/hudekamp-ndr.jpg?fit=500%2C283&amp;ssl=1\" title=\"Hudekamp - Ein Heimatfilm\"  src=\"https:\/\/i0.wp.com\/textundblog.de\/wp-content\/hudekamp-ndr.jpg?resize=500%2C283&#038;ssl=1\" alt=\"Hudekamp - Ein Heimatfilm\" width=\"500\" height=\"283\" class=\"alignnone size-full wp-image-5624\" srcset=\"https:\/\/i0.wp.com\/textundblog.de\/wp-content\/hudekamp-ndr.jpg?w=500&amp;ssl=1 500w, https:\/\/i0.wp.com\/textundblog.de\/wp-content\/hudekamp-ndr.jpg?resize=300%2C169&amp;ssl=1 300w\" sizes=\"auto, (max-width: 500px) 100vw, 500px\" \/><\/a><\/p>\n<blockquote><p>Familien, die seit Generationen von St\u00fctze leben, Jugendliche ohne Zukunftsperspektive, Drogen und Kriminalit\u00e4t: Die Hochh\u00e4user im L\u00fcbecker Stadtteil Hudekamp gelten als Heimat einer verlorenen Schicht. Hinter den meterhohen Betonfassaden des Blocks verbirgt sich ein fremder Kosmos. Wer hier landet, f\u00fcr den ist woanders kein Platz. Doch die Bewohner der Wohnblocks 1 bis 17 sagen, dass sie nirgendwo anders leben wollen. Warum ist das so? Die Autoren sind f\u00fcr mehrere Wochen selbst in das Viertel gezogen, um das herauszufinden. Sie haben die Menschen mit ihrer Kamera begleitet, Tag und Nacht, zwischen Entt\u00e4uschungen, Hoffnungen und Grenzsituationen. Ihr Film erz\u00e4hlt von sieben Leben. (Zitat <a href=\"http:\/\/www.ndr.de\/fernsehen\/epg\/epg1157_sid-1278023.html\">NDR<\/a>) <\/p><\/blockquote>\n<p>Sehr sehenswert und letzte Woche zurecht mit dem <a href=\"http:\/\/www.ndr.de\/unterhaltung\/fernsehpreis163.html\">Deutschen Fernsehpreis<\/a> als beste Dokumentation ausgezeichnet. Der einst\u00fcndige Film von von Christian von Brockhausen und Pia-Luisa Lenz kann online auf der <a href=\"http:\/\/www.ndr.de\/fernsehen\/sendungen\/hudekamp133.html\">Website des NDR<\/a> geschaut werden.<\/p>\n<p><a href=\"http:\/\/www.ndr.de\/fernsehen\/sendungen\/hudekamp133.html\"><img data-recalc-dims=\"1\" loading=\"lazy\" decoding=\"async\" title=\"Student Adnan\" src=\"https:\/\/i0.wp.com\/textundblog.de\/wp-content\/adnan-hudekamp.jpg?resize=300%2C145&#038;ssl=1\" alt=\"Student Adnan\" width=\"300\" height=\"145\" class=\"bildrechts\" \/><\/a> Als ich den 22-j\u00e4hrigen Studenten Adnan sah, der im sechsten Stock eines Blocks von Hudekamp lebt und in Hamburg Geschichte studiert, dachte ich, der kommt mir irgendwie bekannt vor. Bei dem, was er von 28:15 &#8211; 28:35 sagt, wird klar, woher ich ihn kenne. \ud83d\ude09<\/p>\n","protected":false},"excerpt":{"rendered":"<p>Familien, die seit Generationen von St\u00fctze leben, Jugendliche ohne Zukunftsperspektive, Drogen und Kriminalit\u00e4t: Die Hochh\u00e4user im L\u00fcbecker Stadtteil Hudekamp gelten als Heimat einer verlorenen Schicht. Hinter den meterhohen Betonfassaden des Blocks verbirgt sich ein fremder Kosmos. Wer hier landet, f\u00fcr den ist woanders kein Platz. Doch die Bewohner der Wohnblocks 1 bis 17 sagen, dass [&hellip;]<\/p>\n","protected":false},"author":1,"featured_media":0,"comment_status":"open","ping_status":"open","sticky":false,"template":"","format":"standard","meta":{"site-sidebar-layout":"default","site-content-layout":"","ast-site-content-layout":"default","site-content-style":"default","site-sidebar-style":"default","ast-global-header-display":"","ast-banner-title-visibility":"","ast-main-header-display":"","ast-hfb-above-header-display":"","ast-hfb-below-header-display":"","ast-hfb-mobile-header-display":"","site-post-title":"","ast-breadcrumbs-content":"","ast-featured-img":"","footer-sml-layout":"","theme-transparent-header-meta":"","adv-header-id-meta":"","stick-header-meta":"","header-above-stick-meta":"","header-main-stick-meta":"","header-below-stick-meta":"","astra-migrate-meta-layouts":"default","ast-page-background-enabled":"default","ast-page-background-meta":{"desktop":{"background-color":"var(--ast-global-color-4)","background-image":"","background-repeat":"repeat","background-position":"center center","background-size":"auto","background-attachment":"scroll","background-type":"","background-media":"","overlay-type":"","overlay-color":"","overlay-opacity":"","overlay-gradient":""},"tablet":{"background-color":"","background-image":"","background-repeat":"repeat","background-position":"center center","background-size":"auto","background-attachment":"scroll","background-type":"","background-media":"","overlay-type":"","overlay-color":"","overlay-opacity":"","overlay-gradient":""},"mobile":{"background-color":"","background-image":"","background-repeat":"repeat","background-position":"center center","background-size":"auto","background-attachment":"scroll","background-type":"","background-media":"","overlay-type":"","overlay-color":"","overlay-opacity":"","overlay-gradient":""}},"ast-content-background-meta":{"desktop":{"background-color":"var(--ast-global-color-5)","background-image":"","background-repeat":"repeat","background-position":"center center","background-size":"auto","background-attachment":"scroll","background-type":"","background-media":"","overlay-type":"","overlay-color":"","overlay-opacity":"","overlay-gradient":""},"tablet":{"background-color":"var(--ast-global-color-5)","background-image":"","background-repeat":"repeat","background-position":"center center","background-size":"auto","background-attachment":"scroll","background-type":"","background-media":"","overlay-type":"","overlay-color":"","overlay-opacity":"","overlay-gradient":""},"mobile":{"background-color":"var(--ast-global-color-5)","background-image":"","background-repeat":"repeat","background-position":"center center","background-size":"auto","background-attachment":"scroll","background-type":"","background-media":"","overlay-type":"","overlay-color":"","overlay-opacity":"","overlay-gradient":""}},"ngg_post_thumbnail":0,"jetpack_post_was_ever_published":false,"_jetpack_newsletter_access":"","_jetpack_dont_email_post_to_subs":false,"_jetpack_newsletter_tier_id":0,"_jetpack_memberships_contains_paywalled_content":false,"_jetpack_memberships_contains_paid_content":false,"footnotes":""},"categories":[15,3],"tags":[],"class_list":["post-5623","post","type-post","status-publish","format-standard","hentry","category-hamburg","category-tv"],"jetpack_featured_media_url":"","jetpack_sharing_enabled":true,"jetpack_shortlink":"https:\/\/wp.me\/p4uzZ-1sH","jetpack-related-posts":[{"id":1847,"url":"https:\/\/textundblog.de\/?p=1847","url_meta":{"origin":5623,"position":0},"title":"Carlos Linga: Zuckerrohr und B\u00fccherwelten","author":"Markus","date":"9\/10\/2007","format":false,"excerpt":"Momentan erstelle ich die Website (Edit: Link eingef\u00fcgt, denn mittlerweile ist die Seite online) f\u00fcr eine Ausstellung \u00fcber die Geschichte der Linga-Bibliothek, eine lateinamerikanische Spezialbibliothek, hervorgegangen aus der Stiftung des Hamburgers Carlos Linga. Ein emsig agierendes Kuratorenteam arbeitet bereits seit Wochen an der Ausstellung, die am 23. Oktober 2007 in\u2026","rel":"","context":"In &quot;Foto&quot;","block_context":{"text":"Foto","link":"https:\/\/textundblog.de\/?cat=10"},"img":{"alt_text":"Zuckerrohr und B\u00fccherwelten - Ausstellung \u00fcber 50 Jahre Linga-Bibliothek","src":"https:\/\/i0.wp.com\/textundblog.de\/wp-content\/lingaeinladung.jpg?resize=350%2C200&ssl=1","width":350,"height":200},"classes":[]},{"id":3859,"url":"https:\/\/textundblog.de\/?p=3859","url_meta":{"origin":5623,"position":1},"title":"El Sicaro \/ Der Auftragskiller &#8211; Zimmer 164","author":"Markus","date":"24\/11\/2010","format":false,"excerpt":"Direktlink YouTube [Update 17.3.2011: Leider ist der vormals hier eingebundene arte-Film nicht mehr online. Zur Zeit kann er noch in vier Teilen auf YouTube (1 - 2 - 3 - 4) gesehen werden. Gesamtdauer der Doku: 80 Min.] Ein ehemaliger Auftragskiller des mexikanischen Drogenkartells berichtet \u00fcber die letzten 20 Jahre\u2026","rel":"","context":"In &quot;Kino&quot;","block_context":{"text":"Kino","link":"https:\/\/textundblog.de\/?cat=2"},"img":{"alt_text":"Wie ein schwarzer Geist sitzt der Auftragskiller im Motel und unterst\u00fctzt seine Aussagen durch schematische Zeichnungen ","src":"https:\/\/i0.wp.com\/textundblog.de\/wp-content\/elsicario.jpg?resize=350%2C200&ssl=1","width":350,"height":200},"classes":[]},{"id":5543,"url":"https:\/\/textundblog.de\/?p=5543","url_meta":{"origin":5623,"position":2},"title":"The Human Scale &#8211; Wie leben Menschen in St\u00e4dten","author":"Markus","date":"5\/8\/2013","format":false,"excerpt":"The Human Scale Trailer 2013 from Final Cut for Real on Vimeo. Die H\u00e4lfte der Weltbev\u00f6lkerung lebt in St\u00e4dten. Bis 2050 werden 80% der Menschheit ihr Leben im urbanen Raum verbringen. Auf diesen Dokumentarfilm freue ich mich schon jetzt. Ab 10. (Update:) 31. Oktober 2013 wird es \u00abThe Human Scale\u00bb\u2026","rel":"","context":"In &quot;Internet&quot;","block_context":{"text":"Internet","link":"https:\/\/textundblog.de\/?cat=4"},"img":{"alt_text":"","src":"https:\/\/i0.wp.com\/textundblog.de\/wp-content\/thehumanscale.jpg?resize=350%2C200&ssl=1","width":350,"height":200},"classes":[]},{"id":4170,"url":"https:\/\/textundblog.de\/?p=4170","url_meta":{"origin":5623,"position":3},"title":"brandeins: Das Geheimnis hinter dem Erfolg des Argentinischen Kinos","author":"Markus","date":"15\/6\/2011","format":false,"excerpt":"Wer hier regelm\u00e4\u00dfig mit liest, wei\u00df, wie sehr ich das argentinische Kino mag. Alleine die Filme, die ich letztes Jahr in diesem Artikel vorgestellt hatte, sind es wert, dass man sich n\u00e4her mit dem argentinischen Film befasst. Bei der vergangen Ausgabe des Internationalen Filmfestivals in San Sebasti\u00e1n geh\u00f6rte auch ein\u2026","rel":"","context":"In &quot;Artikel&quot;","block_context":{"text":"Artikel","link":"https:\/\/textundblog.de\/?cat=5"},"img":{"alt_text":"Beispiel f\u00fcr gut gemachtes aktuelles Kino aus Argentinien: La Mirada Invisible","src":"https:\/\/i0.wp.com\/textundblog.de\/wp-content\/lamiradainvisible.jpg?resize=350%2C200&ssl=1","width":350,"height":200},"classes":[]},{"id":4194,"url":"https:\/\/textundblog.de\/?p=4194","url_meta":{"origin":5623,"position":4},"title":"Michelangelo Frammartino Film &#8222;Vier Leben&#8220;","author":"Markus","date":"26\/6\/2011","format":false,"excerpt":"Direktlink YouTube \u2013 Original-Ausschnitte Le Quattro Volte Direktlink YouTube \u2013 Deutscher Trailer Darauf wird man sich wohl freuen d\u00fcrfen: \u00abLe Quattro Volte\u00bb von Michelangelo Frammartino (1968 in Mailand geboren; Foto). Deutscher Kinostart unter dem Titel \u00abVier Leben\u00bb: 30.6.2011, nicht wie urspr\u00fcnglich vorgesehen am 7.7.2011. In der FAS, wo ich heute\u2026","rel":"","context":"In &quot;Kino&quot;","block_context":{"text":"Kino","link":"https:\/\/textundblog.de\/?cat=2"},"img":{"alt_text":"Vier Leben - Poster","src":"https:\/\/i0.wp.com\/textundblog.de\/wp-content\/vierleben-poster.jpg?resize=350%2C200&ssl=1","width":350,"height":200},"classes":[]},{"id":978,"url":"https:\/\/textundblog.de\/?p=978","url_meta":{"origin":5623,"position":5},"title":"LOve &amp; MOtion im Saarbr\u00fccker Filmhaus","author":"Markus","date":"1\/6\/2006","format":false,"excerpt":"\u00abLOve & MOtion\u00bb, der Dokumentarfilm \u00fcber die Lomographie von Christian Schmid-David l\u00e4uft ab heute auch im Saarbr\u00fccker Filmhaus. Premiere 01.06.06, 22 Uhr. F\u00fcr den Film hab ich ja mal die Website gemacht (die Christian danach selbst aktualisiert hat, und - wie mir gerade auff\u00e4llt -leider die Navigation etwas \"entstellt\" hat!)\u2026","rel":"","context":"In &quot;Kino&quot;","block_context":{"text":"Kino","link":"https:\/\/textundblog.de\/?cat=2"},"img":{"alt_text":"LOve & MOtion","src":".\/wp-content\/coverlomo.jpg","width":350,"height":200},"classes":[]}],"_links":{"self":[{"href":"https:\/\/textundblog.de\/index.php?rest_route=\/wp\/v2\/posts\/5623","targetHints":{"allow":["GET"]}}],"collection":[{"href":"https:\/\/textundblog.de\/index.php?rest_route=\/wp\/v2\/posts"}],"about":[{"href":"https:\/\/textundblog.de\/index.php?rest_route=\/wp\/v2\/types\/post"}],"author":[{"embeddable":true,"href":"https:\/\/textundblog.de\/index.php?rest_route=\/wp\/v2\/users\/1"}],"replies":[{"embeddable":true,"href":"https:\/\/textundblog.de\/index.php?rest_route=%2Fwp%2Fv2%2Fcomments&post=5623"}],"version-history":[{"count":0,"href":"https:\/\/textundblog.de\/index.php?rest_route=\/wp\/v2\/posts\/5623\/revisions"}],"wp:attachment":[{"href":"https:\/\/textundblog.de\/index.php?rest_route=%2Fwp%2Fv2%2Fmedia&parent=5623"}],"wp:term":[{"taxonomy":"category","embeddable":true,"href":"https:\/\/textundblog.de\/index.php?rest_route=%2Fwp%2Fv2%2Fcategories&post=5623"},{"taxonomy":"post_tag","embeddable":true,"href":"https:\/\/textundblog.de\/index.php?rest_route=%2Fwp%2Fv2%2Ftags&post=5623"}],"curies":[{"name":"wp","href":"https:\/\/api.w.org\/{rel}","templated":true}]}}