{"id":5621,"date":"2013-10-07T21:05:34","date_gmt":"2013-10-07T19:05:34","guid":{"rendered":"http:\/\/textundblog.de\/?p=5621"},"modified":"2013-10-10T15:22:57","modified_gmt":"2013-10-10T13:22:57","slug":"festivalbericht-san-sebastian-2013","status":"publish","type":"post","link":"https:\/\/textundblog.de\/?p=5621","title":{"rendered":"Festivalbericht San Sebasti\u00e1n 2013"},"content":{"rendered":"<p><a href=\"https:\/\/plus.google.com\/photos\/106765553443429973017\/albums\/5931613263641339057\"><img data-recalc-dims=\"1\" loading=\"lazy\" decoding=\"async\" data-attachment-id=\"5622\" data-permalink=\"https:\/\/textundblog.de\/?attachment_id=5622\" data-orig-file=\"https:\/\/i0.wp.com\/textundblog.de\/wp-content\/donostia-2013-fotos.jpg?fit=500%2C376&amp;ssl=1\" data-orig-size=\"500,376\" data-comments-opened=\"1\" data-image-meta=\"{&quot;aperture&quot;:&quot;0&quot;,&quot;credit&quot;:&quot;&quot;,&quot;camera&quot;:&quot;&quot;,&quot;caption&quot;:&quot;&quot;,&quot;created_timestamp&quot;:&quot;0&quot;,&quot;copyright&quot;:&quot;&quot;,&quot;focal_length&quot;:&quot;0&quot;,&quot;iso&quot;:&quot;0&quot;,&quot;shutter_speed&quot;:&quot;0&quot;,&quot;title&quot;:&quot;&quot;}\" data-image-title=\"San Sebasti\u00e1n 2013 \u2013 Fotoalbum auf G+\" data-image-description=\"\" data-image-caption=\"\" data-large-file=\"https:\/\/i0.wp.com\/textundblog.de\/wp-content\/donostia-2013-fotos.jpg?fit=500%2C376&amp;ssl=1\" title=\"San Sebasti\u00e1n 2013 \u2013 Fotoalbum auf G+\"  src=\"https:\/\/i0.wp.com\/textundblog.de\/wp-content\/donostia-2013-fotos.jpg?resize=500%2C378&#038;ssl=1\" alt=\"San Sebasti\u00e1n 2013 \u2013 Fotoalbum auf G+\" width=\"500\" height=\"378\" class=\"alignnone size-full wp-image-5622\" \/><\/a><br \/>\n<a href=\"https:\/\/plus.google.com\/photos\/106765553443429973017\/albums\/5931613263641339057\"><em>San Sebasti\u00e1n 2013 \u2013 Fotoalbum auf G+<\/em><\/a><\/p>\n<p>Das 61. Internationale Filmfestival (20.-28.9.2013) war gleichzeitig mein 19. Festival in Folge (bin ununterbrochen seit 1995 dort). Ich habe 49 Filme gesehen \u2013 und btw in der Mitte des Festivals schrecklich unter den Wahlergebnissen aus Deutschland gelitten. 10 der gesehenen Filme, die ich f\u00fcr besonders sehenswert halte, sollen hier &#8211; wie immer &#8211; kurz vorgestellt werden. Res\u00fcmee vorneweg: Das Festival hat sich wieder einmal gelohnt. Mein Schwerpunkt liegt immer auf den spanischsprachigen Filmen, das entspricht auch dem Gro\u00dfteil der auf dem Festival gezeigten Filmen, von daher sollte der hohe Anteil des Cine aus Espa\u00f1a und aus Latinoam\u00e9rica also hier nicht verwundern. Aber selbstverst\u00e4ndlich schaue ich auch immer fast den kompletten Internationalen Wettbewerb und einige Filme aus den Nebenreihen (dieses Jahr waren die Reihen z.B.: Neue Regisseure, Perlen anderer Festivals, Animationsfilme, Abenteuer Kino, japanisches Kino, siehe \u00ab<a href=\"http:\/\/www.sansebastianfestival.com\/in\/index.php\">Sections and Films<\/a>\u00bb auf der Website). Das Programm ist so voll gepackt, man kann gar nicht alles sehen, selbst wenn man es wollte. Ich schaue &#8211; wie langj\u00e4hrige LeserInnen dieses Blogs schon wissen &#8211; immer 5-6 Filme pro Tag, das ist f\u00fcr die Dauer von 9 Tagen das Maximum an Aufnehmbarem und au\u00dferdem recht anstrengend. So viel zu den Zahlen. <\/p>\n<p>Ich fange an mit dem verdienten Gewinner, ausgezeichnet mit der <em>Concha de Oro<\/em>, der goldenen Muschel, als bester Film (Filmbeschreibungen aus dem Festival jeweils in den Titeln auf spanisch und englisch verlinkt):<\/p>\n<h3>1. <a href=\"http:\/\/www.sansebastianfestival.com\/es\/pelicula.php?ano=2013&#038;codigo=611322\">Pelo malo<\/a>  \u2013 <a href=\"http:\/\/www.sansebastianfestival.com\/in\/pelicula.php?ano=2013&#038;codigo=611322\">Bad Hair<\/a><\/h3>\n<p>von Mariana Rond\u00f3n aus Venezuela.<\/p>\n<p><span class=\"embed-youtube\" style=\"text-align:center; display: block;\"><iframe loading=\"lazy\" class=\"youtube-player\" width=\"640\" height=\"360\" src=\"https:\/\/www.youtube.com\/embed\/lxOZtOyNkTQ?version=3&#038;rel=1&#038;showsearch=0&#038;showinfo=1&#038;iv_load_policy=1&#038;fs=1&#038;hl=de-DE&#038;autohide=2&#038;wmode=transparent\" allowfullscreen=\"true\" style=\"border:0;\" sandbox=\"allow-scripts allow-same-origin allow-popups allow-presentation allow-popups-to-escape-sandbox\"><\/iframe><\/span><\/p>\n<p>In diesem wunderbaren Sozialdrama geht es um einen kleinen Jungen (9) und seinen ganz besonderen Blick auf die Realit\u00e4t. Und um die Angst seiner alleinerziehenden Mutter, das Junge k\u00f6nne &#8222;kein richtiger Mann&#8220; werden &#8211; oder am Ende sogar schwul sein. Denn, wenn er bei der Gro\u00dfmutter ist, singt und tanzt er, zieht einen von der Oma geschneiderten K\u00fcnstler-Anzug (wie den in untigem Video des Vorbildes zu sehenden) an und gelt sich das Haar. Das &#8222;schlechte&#8220;, da krause, Haar (<em>pelo malo<\/em> \u2013 so der Filmtitel) missf\u00e4llt ihm am meisten. Er m\u00f6chte glattes Haar haben. Daf\u00fcr schmiert er sich sogar Mayonnaise rein. Und das Lied, dessen Text er nach Einweisung durch die Oma lernt, ist ein Ende der sechziger Jahre in Venezuela sehr polul\u00e4rer Song von <a href=\"http:\/\/en.wikipedia.org\/wiki\/Henry_Stephen_%28musician%29\">Henry Stephen<\/a>, dem ersten Rock&#8217;n-Roller des Landes (Vorsicht: Ohrwurm-Charakter):<br \/>\n<!--more--><br \/>\n<span class=\"embed-youtube\" style=\"text-align:center; display: block;\"><iframe loading=\"lazy\" class=\"youtube-player\" width=\"640\" height=\"360\" src=\"https:\/\/www.youtube.com\/embed\/-Nnh6gIRHy4?version=3&#038;rel=1&#038;showsearch=0&#038;showinfo=1&#038;iv_load_policy=1&#038;fs=1&#038;hl=de-DE&#038;autohide=2&#038;wmode=transparent\" allowfullscreen=\"true\" style=\"border:0;\" sandbox=\"allow-scripts allow-same-origin allow-popups allow-presentation allow-popups-to-escape-sandbox\"><\/iframe><\/span><\/p>\n<p>Die Botschaft des Filmes, subtil vermittelt, ohne jeden Zeigefinger: \u00ab<em>Ser diferente no es un problema, es lo mas hermosa que tiene el ser humano<\/em>\u00bb. Zu deutsch: \u00abAnders sein ist kein Problem, es ist das wunderbarste, was uns Menschen passieren kann\u00bb, sagt die Regisseurin Mariana Rond\u00f3n, noch tief bewegt von der Preis\u00fcbergabe durch Jury-Pr\u00e4sident <a href=\"http:\/\/de.wikipedia.org\/wiki\/Todd_Haynes\">Todd Haynes<\/a> der das einstimmige Votum der Jury betont hat:<\/p>\n<p><span class=\"embed-youtube\" style=\"text-align:center; display: block;\"><iframe loading=\"lazy\" class=\"youtube-player\" width=\"640\" height=\"360\" src=\"https:\/\/www.youtube.com\/embed\/I5fhUqrVzPY?version=3&#038;rel=1&#038;showsearch=0&#038;showinfo=1&#038;iv_load_policy=1&#038;fs=1&#038;hl=de-DE&#038;autohide=2&#038;wmode=transparent\" allowfullscreen=\"true\" style=\"border:0;\" sandbox=\"allow-scripts allow-same-origin allow-popups allow-presentation allow-popups-to-escape-sandbox\"><\/iframe><\/span><\/p>\n<h3>2. <a href=\"http:\/\/www.sansebastianfestival.com\/es\/pelicula.php?ano=2013&#038;codigo=610043\">Sigo Siendo (Kachkaniraqmi)<\/a> \u2013 <a href=\"http:\/\/www.sansebastianfestival.com\/in\/pelicula.php?ano=2013&#038;codigo=610043\">I\u00b4m Still<\/a><\/h3>\n<p>von Javier Corcuera aus Peru.<\/p>\n<p><span class=\"embed-youtube\" style=\"text-align:center; display: block;\"><iframe loading=\"lazy\" class=\"youtube-player\" width=\"640\" height=\"360\" src=\"https:\/\/www.youtube.com\/embed\/O07NXc6-BzM?version=3&#038;rel=1&#038;showsearch=0&#038;showinfo=1&#038;iv_load_policy=1&#038;fs=1&#038;hl=de-DE&#038;autohide=2&#038;wmode=transparent\" allowfullscreen=\"true\" style=\"border:0;\" sandbox=\"allow-scripts allow-same-origin allow-popups allow-presentation allow-popups-to-escape-sandbox\"><\/iframe><\/span><\/p>\n<p>\u00dcber diesen Dokumentar-Film hab ich ja schon von San Sebasti\u00e1n aus gebloggt, weil wir das Gl\u00fcck hatten, ein Live-Konzert in einer baskischen Bar mit den beiden S\u00e4ngerinnen aus dem Film zu erleben. Vor allem die unverwechselbare Stimme von Sara Van hat es mir angetan, zu h\u00f6ren in meinem <a href=\"https:\/\/textundblog.de\/?p=5604\">Blogartikel<\/a>). Dort hatte ich ja auch den wunderbaren Filmtitel Sigo siendo (zu deutsch: \u00abIch bin noch da\u00bb oder \u00abWir sind noch da\u00bb) erkl\u00e4rt. Der in seiner Art an \u00abBuena Vista Social Club\u00bb erinnernde Film hat nicht nur die Musik zum zentralen Inhalt, sondern auch die Situation der indigenen Bev\u00f6lkerung &#8211; etwa den Kampf ums Wasser &#8211; im aktuellen Peru. <\/p>\n<p><a name=\"film3\"> <\/a><\/p>\n<h3>3. <a href=\"http:\/\/www.sansebastianfestival.com\/in\/pelicula.php?ano=2013&#038;codigo=610088\">Prisoners<\/a>  \u2013 <a href=\"http:\/\/www.sansebastianfestival.com\/es\/pelicula.php?ano=2013&#038;codigo=610088\">Prisineros<\/a><\/h3>\n<p>von Denis Villeneuve aus USA.<\/p>\n<p><span class=\"embed-youtube\" style=\"text-align:center; display: block;\"><iframe loading=\"lazy\" class=\"youtube-player\" width=\"640\" height=\"360\" src=\"https:\/\/www.youtube.com\/embed\/bpXfcTF6iVk?version=3&#038;rel=1&#038;showsearch=0&#038;showinfo=1&#038;iv_load_policy=1&#038;fs=1&#038;hl=de-DE&#038;autohide=2&#038;wmode=transparent\" allowfullscreen=\"true\" style=\"border:0;\" sandbox=\"allow-scripts allow-same-origin allow-popups allow-presentation allow-popups-to-escape-sandbox\"><\/iframe><\/span><\/p>\n<p>Hugh Jackman war auch da, er bekam schlie\u00dflich den Ehrenpreis f\u00fcr sein Lebenswerk. Die Teenager in den Stra\u00dfen Donostias kreischten ganz gewaltig, wenn er zu sehen war. Ich finde \u2013 genau wie bei der Berlinale \u2013 des Gehabe um die Hollywood-Stars ja mehr als affig. Aber den Film, in dem er spielte, fand ich sehr gut gemacht. <em>Prisoners<\/em> dauert 146 Minuten. Das sind zweieinhalb Stunden. Und der Film um die verzweifelte Suche nach zwei verschwundenen kleinen M\u00e4dchen ist keine Minute zu lang. Gut gemachtes Hollywood-Kino mit extrem guten Darstellern, nicht nur Hugh Jackman und Jake Gyllenhaal. Und, wenn ich ehrlich bin, tut das manchmal auch ganz gut so einen Film zu sehen, in einem Filmfestival, das ansonsten doch oft sehr viele schwierige, langsame, dem Zuschauer viel abfordernde Filme zeigt, da ist so was ganz erholsam. Und wie gesagt, sehr spannend. Das Ende ist brilliant. Ich deute nat\u00fcrlich nichts an, um nicht zu spoilern. Filmstart in Deutschland unter dem Titel \u00abSpurlos verschwunden\u00bb n\u00e4chsten Donnerstag, 10. Oktober (hier der <a href=\"http:\/\/youtu.be\/ILd__arR_DE\">deutsche Trailer<\/a>). Unbedingt reingehen. Lohnt.<\/p>\n<h3>4. <a href=\"http:\/\/www.sansebastianfestival.com\/es\/pelicula.php?ano=2013&#038;codigo=610204\">El m\u00e9dico alem\u00e1n<\/a>  \u2013 <a href=\"http:\/\/www.sansebastianfestival.com\/in\/pelicula.php?ano=2013&#038;codigo=610204\">Wakolda<\/a><\/h3>\n<p>von Luc\u00eda Puenzo aus Argentinien.<\/p>\n<p><span class=\"embed-youtube\" style=\"text-align:center; display: block;\"><iframe loading=\"lazy\" class=\"youtube-player\" width=\"640\" height=\"360\" src=\"https:\/\/www.youtube.com\/embed\/eTTVLQ-lpcw?version=3&#038;rel=1&#038;showsearch=0&#038;showinfo=1&#038;iv_load_policy=1&#038;fs=1&#038;hl=de-DE&#038;autohide=2&#038;wmode=transparent\" allowfullscreen=\"true\" style=\"border:0;\" sandbox=\"allow-scripts allow-same-origin allow-popups allow-presentation allow-popups-to-escape-sandbox\"><\/iframe><\/span><\/p>\n<p>Der in Katalonien aufgewachsene Schauspieler Alex Brendem\u00fchl hat einen deutschen Vater und eine spanische Mutter. Und eine gewisse \u00c4hnlichkeit mit dem Nazi Joseph Mengele, den er in dem Film spielt. Er \u00e4u\u00dfert sich zu seiner Rolle in diesem Interview w\u00e4hrend des Festivals: <a href=\"http:\/\/www.youtube.com\/watch?v=aPFxpsCXk-k\">Desayunos Horizontes<\/a>. <a href=\"http:\/\/de.wikipedia.org\/wiki\/Luc%C3%ADa_Puenzo\">Luc\u00eda Puenzo<\/a>, die wieder Mal auch das Buch zu ihrem Film geschrieben hat, hat ihm eine Mail geschrieben, mit seinem Foto neben dem des nach Argentinien geflohenen Nazis. Zu dem wirklich gut gemachten Film, in dem auch die junge Schauspielerin <a href=\"http:\/\/www.larazon.com.ar\/show\/Pequena-inmensa_0_495300029.html\">Florencia Bado<\/a> brilliert. Sie spielt die 12-j\u00e4hrige Lilith, die f\u00fcr ihr Alter zu klein ist und die noch wachsen m\u00f6chte und deshalb mit Zustimmung der Mutter in die medizinischen Experimente des <em>m\u00e9dico alem\u00e1n<\/em> eingebunden wird.<\/p>\n<h3>5. <a href=\"http:\/\/www.sansebastianfestival.com\/es\/pelicula.php?ano=2013&#038;codigo=614227\">Heli<\/a>  \u2013 <a href=\"http:\/\/www.sansebastianfestival.com\/in\/pelicula.php?ano=2013&#038;codigo=614227\">Heli<\/a><\/h3>\n<p>von Amat Escalante aus Mexiko.<\/p>\n<p><span class=\"embed-youtube\" style=\"text-align:center; display: block;\"><iframe loading=\"lazy\" class=\"youtube-player\" width=\"640\" height=\"360\" src=\"https:\/\/www.youtube.com\/embed\/tUY5kZmgxpc?version=3&#038;rel=1&#038;showsearch=0&#038;showinfo=1&#038;iv_load_policy=1&#038;fs=1&#038;hl=de-DE&#038;autohide=2&#038;wmode=transparent\" allowfullscreen=\"true\" style=\"border:0;\" sandbox=\"allow-scripts allow-same-origin allow-popups allow-presentation allow-popups-to-escape-sandbox\"><\/iframe><\/span><\/p>\n<p>Der sicherlich h\u00e4rteste Film des Festivals, und trotzdem auch einer der besten, ist Mexikos Kandidat f\u00fcr den Oscar als bester nicht englischsprachiger Film. Die Gewalt in Mexiko ist ein Thema, von dem ich ja auch fortlaufend hier im Blog berichte. Dieser Film zeigt sie schonungslos und doch noch so angemessen, dass man es gerade aushalten kann. Hier ein deutschsprachiger <a href=\"http:\/\/youtu.be\/ZMHF-GFgrDI\">Arte-Beitrag<\/a> zum Film anl\u00e4sslich seiner Teilnahme in Cannes, wo er im Mai mit der Goldenen Palme ausgezeichnet wurde. Der in Barcelona geborene Mexikaner <a href=\"http:\/\/en.wikipedia.org\/wiki\/Amat_Escalante\">Amat Escalante<\/a> wurde zus\u00e4tzlich in Cannes mit dem Preis als bester Regisseur bedacht. <a href=\"http:\/\/www.imdb.com\/name\/nm5637345\/\">Andrea Vergara<\/a>, in der Rolle der 12-j\u00e4hrigen Schwester von Heli, hat eine Pr\u00e4senz auf der Leinwand, die man so schnell nicht vergisst, wenn man sie einmal erlebt hat. W\u00e4hrend des Festivals in San Sebasti\u00e1n habe ich geh\u00f6rt, dass ein deutscher Verleiher dabei ist, diesen au\u00dfergew\u00f6hnlich guten Film auch bei uns ins Kino zu bringen. Ich dr\u00fccke euch die Daumen, dass dem so sein wird, damit ihr in sehen k\u00f6nnt.<\/p>\n<h3>6. <a href=\"http:\/\/www.sansebastianfestival.com\/es\/pelicula.php?ano=2013&#038;codigo=611911\">Le Week-End<\/a>  \u2013 <a href=\"http:\/\/www.sansebastianfestival.com\/in\/pelicula.php?ano=2013&#038;codigo=611911\">Le Week-End<\/a><\/h3>\n<p>von Roger Michell aus UK.<\/p>\n<p><span class=\"embed-youtube\" style=\"text-align:center; display: block;\"><iframe loading=\"lazy\" class=\"youtube-player\" width=\"640\" height=\"360\" src=\"https:\/\/www.youtube.com\/embed\/lmbbrIe80Fs?version=3&#038;rel=1&#038;showsearch=0&#038;showinfo=1&#038;iv_load_policy=1&#038;fs=1&#038;hl=de-DE&#038;autohide=2&#038;wmode=transparent\" allowfullscreen=\"true\" style=\"border:0;\" sandbox=\"allow-scripts allow-same-origin allow-popups allow-presentation allow-popups-to-escape-sandbox\"><\/iframe><\/span><\/p>\n<p>Was Woody Allen mit \u00abMidnight in Paris\u00bb nicht geschafft hat, ist <em>Notting Hill<\/em>-Regisseur Roger Michell und Drehbuch-Autor Hanif Kureishi (&#8222;Mein wunderbarer Waschsalon&#8220;) gelungen: einen wunderbaren Film \u00fcber Paris zu machen. Doch, noch viel mehr als von Paris handelt er von einer in die Jahre gekommenen Liebe zwischen zwei Menschen, die 30 Jahre nach ihrer Hochzeitsreise nach Paris eine Art zweiter Flitterwochen in die Stadt der Liebe machen. Jeff Goldblum spielt auch mit, doch das ist nicht so wichtig. Das gro\u00dfartige Paar Lindsay Duncan und Jim Broadbent spielen ihn an die Wand und sich in unsere Herzen. Bis zum Filmstart in Deutschland m\u00fcsst ihr euch noch ein Weilchen gedulden: 30. Januar 2014.<\/p>\n<h3>7. <a href=\"http:\/\/www.sansebastianfestival.com\/in\/pelicula.php?ano=2013&#038;codigo=610029\">Like Father Like Son<\/a>  \u2013 <a href=\"http:\/\/www.sansebastianfestival.com\/es\/pelicula.php?ano=2013&#038;codigo=610029\">Soshite chichi ni naru<\/a><\/h3>\n<p>von Hirokazu Kore-eda aus Japan.<\/p>\n<p><span class=\"embed-youtube\" style=\"text-align:center; display: block;\"><iframe loading=\"lazy\" class=\"youtube-player\" width=\"640\" height=\"360\" src=\"https:\/\/www.youtube.com\/embed\/BZDtukH-Wks?version=3&#038;rel=1&#038;showsearch=0&#038;showinfo=1&#038;iv_load_policy=1&#038;fs=1&#038;hl=de-DE&#038;autohide=2&#038;wmode=transparent\" allowfullscreen=\"true\" style=\"border:0;\" sandbox=\"allow-scripts allow-same-origin allow-popups allow-presentation allow-popups-to-escape-sandbox\"><\/iframe><\/span><\/p>\n<p>Das Publikum irrt selten, so auch in diesem Fall. \u00abLike Father Like Son\u00bb hat in San Sebasti\u00e1n den Publikumspreis gewonnen. Behandelt wird ein sicher jede Familie ersch\u00fctterndes Thema: nach 6 Jahren erfahren zwei Elternpaare, dass ihre Kinder kurz nach der Geburt vertauscht wurden. Neben der universellen Problematik, wie man mit so einer Erfahrung wohl selbst umgehen w\u00fcrde, gibt der Film Einblick in das Alltagsleben zweier sehr unterschiedlicher Familien. Und das soziale Gef\u00e4lle macht den Film letztlich auch zu einem politischen Film. Zur\u00fcck zum Privaten: Was z\u00e4hlt mehr, was macht eine Familie aus: gemeinsam verbrachte Zeit oder die Blutsbande? Von dieser spannenden Frage lebt der Film. Der Zuschauer kann sie sich beim Betrachten beantworten. Hirokazu Kore-edas Verdienst ist es, daraus kein sentimentales R\u00fchrst\u00fcck gemacht zu haben. Deutscher Beitrag zum Film auf <a href=\"http:\/\/youtu.be\/vhNGMHqPMs4\">Arte<\/a>.<\/p>\n<h3>8. <a href=\"http:\/\/www.sansebastianfestival.com\/es\/pelicula.php?ano=2013&#038;codigo=612056\">Las Horas Muertas<\/a>  \u2013 <a href=\"http:\/\/www.sansebastianfestival.com\/in\/pelicula.php?ano=2013&#038;codigo=612056\">The Empty Hours<\/a><\/h3>\n<p>von Aar\u00f3n Fern\u00e1ndez aus Mexiko.<\/p>\n<p><span class=\"embed-youtube\" style=\"text-align:center; display: block;\"><iframe loading=\"lazy\" class=\"youtube-player\" width=\"640\" height=\"360\" src=\"https:\/\/www.youtube.com\/embed\/8wDsjxzhFmo?version=3&#038;rel=1&#038;showsearch=0&#038;showinfo=1&#038;iv_load_policy=1&#038;fs=1&#038;hl=de-DE&#038;autohide=2&#038;wmode=transparent\" allowfullscreen=\"true\" style=\"border:0;\" sandbox=\"allow-scripts allow-same-origin allow-popups allow-presentation allow-popups-to-escape-sandbox\"><\/iframe><\/span><\/p>\n<p>F\u00fcr mich <em>die<\/em> Entdeckung aus der Reihe <em>Nuevos Directores<\/em> (Neue Regisseure). Und das wohltuende Beispiel daf\u00fcr, dass ein langsamer Film keineswegs langweilig sein muss. Sebasti\u00e1n, 17, springt f\u00fcr seinen Onkel ein und k\u00fcmmert sich w\u00e4hrend dessen Abwesenheit um ein Motel an der K\u00fcste von Veracruz. Miranda, 35, trifft sich dort von Zeit zu Zeit mit ihrem Liebhaber. Zeit ist das Stichwort, denn die vergeht oft sehr langsam, wenn der Lover Miranda warten oder gar sitzen l\u00e4sst. Eine interessante Ann\u00e4herung zwischen dem jugendlichen Aushilfsmanager und der attraktiven Mittdrei\u00dfigerin, deren Zug nach eigener Aussage schon abgefahren ist, bahnt sich an. In der Hauptrolle toll gespielt von <a href=\"http:\/\/www.imdb.com\/name\/nm2946712\/\">Kristyan Ferrer<\/a>, den man vor ein paar Jahren (2009) schon in dem preisgekr\u00f6nten Film <em><a href=\"http:\/\/de.wikipedia.org\/wiki\/Sin_nombre\">Sin Nombre<\/a><\/em> sehen konnte (<a href=\"http:\/\/www.youtube.com\/watch?v=HY5TJ36hoNc\">hier<\/a> spricht er im Interview \u00fcber seine damalige Rolle als <em>El Smiley<\/em>).<\/p>\n<h3>9. <a href=\"http:\/\/www.sansebastianfestival.com\/es\/pelicula.php?ano=2013&#038;codigo=610844\">La vie d&#8217;Ad\u00e8le<\/a>  \u2013 <a href=\"http:\/\/www.sansebastianfestival.com\/in\/pelicula.php?ano=2013&#038;codigo=610844\">Blue is the Warmest Colour<\/a><\/h3>\n<p>von Abdellatif Kechiche aus Frankreich.<\/p>\n<p><span class=\"embed-youtube\" style=\"text-align:center; display: block;\"><iframe loading=\"lazy\" class=\"youtube-player\" width=\"640\" height=\"360\" src=\"https:\/\/www.youtube.com\/embed\/mEx5SAiONkQ?version=3&#038;rel=1&#038;showsearch=0&#038;showinfo=1&#038;iv_load_policy=1&#038;fs=1&#038;hl=de-DE&#038;autohide=2&#038;wmode=transparent\" allowfullscreen=\"true\" style=\"border:0;\" sandbox=\"allow-scripts allow-same-origin allow-popups allow-presentation allow-popups-to-escape-sandbox\"><\/iframe><\/span><\/p>\n<p>Auf diesen in Cannes so hoch gelobten &#8211; und mit der Goldenen Palme pr\u00e4mierten &#8211; Film war ich sehr gespannt, obwohl skeptisch, ob ich die drei Stunden (!) aushalten w\u00fcrde. Und ja, ich habe sie ausgehalten. Und ja, es ist ein ganz hervorragender Film. Auch hier gibt es dank Cannes-Teilnahme schon einen deutschsprachigen <a href=\"http:\/\/youtu.be\/IJs5WJQ5SW0\">Arte-Beitrag zum Film<\/a>, der unter dem Titel \u00abBlau ist eine warme Farbe\u00bb am 19.12.2013 bei uns in die Kinos kommt. Es geht um Ad\u00e8le und Emma, die eine 15-j\u00e4hrigen Sch\u00fclerin die andere  Kunststudentin. Zwei junge Frauen aus unterschiedlichen sozialen Schichten und ihre leidenschaftliche, lesbische Beziehung. Getragen wird der Film von der wirklich herausragenden Darstellung der beiden Hauptdarstellerinnen L\u00e9a Seydoux und Ad\u00e8le Exarchopoulos. Kein Wunder, dass der Hauptpreis in Cannes erstmals nicht nur f\u00fcr den Film, sondern ganz bewusst auch f\u00fcr die Hauptdarstellerinnen galt.<\/p>\n<h3>10. <a href=\"http:\/\/www.sansebastianfestival.com\/in\/pelicula.php?ano=2013&#038;codigo=610270\">Twenty Feet From Stardom<\/a>  \u2013 <a href=\"http:\/\/www.sansebastianfestival.com\/es\/pelicula.php?ano=2013&#038;codigo=610270\">(span. Filminfo)<\/a><\/h3>\n<p>von Morgan Neville aus USA.<\/p>\n<p><span class=\"embed-youtube\" style=\"text-align:center; display: block;\"><iframe loading=\"lazy\" class=\"youtube-player\" width=\"640\" height=\"360\" src=\"https:\/\/www.youtube.com\/embed\/tWyUJcA8Zfo?version=3&#038;rel=1&#038;showsearch=0&#038;showinfo=1&#038;iv_load_policy=1&#038;fs=1&#038;hl=de-DE&#038;autohide=2&#038;wmode=transparent\" allowfullscreen=\"true\" style=\"border:0;\" sandbox=\"allow-scripts allow-same-origin allow-popups allow-presentation allow-popups-to-escape-sandbox\"><\/iframe><\/span><\/p>\n<p>Last but not least ein Dokumentarfilm ganz besonderer Art. <a href=\"http:\/\/twentyfeetfromstardom.com\/\">Twenty Feet From Stardom<\/a> ist ein Gl\u00fccksfall. Er zeigt einem Stimmen, die man h\u00e4ufig schon kennt, die man aber nicht mit einem Gesicht verbindet. Der Einsatz dieser Stimmen, das Hauptkapital der S\u00e4ngerinnen aus dem Backgroundchor, liegt lange zur\u00fcck. Was ist aus diesen Frauen geworden? Wollten sie eine Solokarriere schaffen, oder haben sie diese &#8211; also den Schritt <em>20 feet<\/em> in Richtung <em>stardom<\/em> \u2013 sogar geschafft? F\u00fcr mich die Entdeckung des Films: <a href=\"http:\/\/de.wikipedia.org\/wiki\/Lisa_Fischer\">Lisa Fischer<\/a>, was f\u00fcr eine Stimme. Hier ganz gro\u00df: <a href=\"http:\/\/www.youtube.com\/watch?v=rLx4xJdCcZ4\">The Rolling Stones Feat Lisa Fischer &#8211; Gimme Shelter<\/a>. Sehr toll, wie diese Frauen hier in den verdienten Fokus ger\u00fcckt werden. Die Interviews mit Bruce Springsteen, Stevie Wonder, Mick Jagger oder Sting, die Profis genug sind, ganz klar auszusprechen, dass sie immer wussten, was sie an ihren Background-Stimmen hatten, zeigen nur um so deutlicher, dass die wahren Stars nicht immer nur ganz vorne auf der B\u00fchne stehen.<\/p>\n","protected":false},"excerpt":{"rendered":"<p>San Sebasti\u00e1n 2013 \u2013 Fotoalbum auf G+ Das 61. Internationale Filmfestival (20.-28.9.2013) war gleichzeitig mein 19. Festival in Folge (bin ununterbrochen seit 1995 dort). Ich habe 49 Filme gesehen \u2013 und btw in der Mitte des Festivals schrecklich unter den Wahlergebnissen aus Deutschland gelitten. 10 der gesehenen Filme, die ich f\u00fcr besonders sehenswert halte, sollen [&hellip;]<\/p>\n","protected":false},"author":1,"featured_media":0,"comment_status":"open","ping_status":"open","sticky":false,"template":"","format":"standard","meta":{"site-sidebar-layout":"default","site-content-layout":"","ast-site-content-layout":"default","site-content-style":"default","site-sidebar-style":"default","ast-global-header-display":"","ast-banner-title-visibility":"","ast-main-header-display":"","ast-hfb-above-header-display":"","ast-hfb-below-header-display":"","ast-hfb-mobile-header-display":"","site-post-title":"","ast-breadcrumbs-content":"","ast-featured-img":"","footer-sml-layout":"","theme-transparent-header-meta":"","adv-header-id-meta":"","stick-header-meta":"","header-above-stick-meta":"","header-main-stick-meta":"","header-below-stick-meta":"","astra-migrate-meta-layouts":"default","ast-page-background-enabled":"default","ast-page-background-meta":{"desktop":{"background-color":"var(--ast-global-color-4)","background-image":"","background-repeat":"repeat","background-position":"center center","background-size":"auto","background-attachment":"scroll","background-type":"","background-media":"","overlay-type":"","overlay-color":"","overlay-opacity":"","overlay-gradient":""},"tablet":{"background-color":"","background-image":"","background-repeat":"repeat","background-position":"center center","background-size":"auto","background-attachment":"scroll","background-type":"","background-media":"","overlay-type":"","overlay-color":"","overlay-opacity":"","overlay-gradient":""},"mobile":{"background-color":"","background-image":"","background-repeat":"repeat","background-position":"center center","background-size":"auto","background-attachment":"scroll","background-type":"","background-media":"","overlay-type":"","overlay-color":"","overlay-opacity":"","overlay-gradient":""}},"ast-content-background-meta":{"desktop":{"background-color":"var(--ast-global-color-5)","background-image":"","background-repeat":"repeat","background-position":"center center","background-size":"auto","background-attachment":"scroll","background-type":"","background-media":"","overlay-type":"","overlay-color":"","overlay-opacity":"","overlay-gradient":""},"tablet":{"background-color":"var(--ast-global-color-5)","background-image":"","background-repeat":"repeat","background-position":"center center","background-size":"auto","background-attachment":"scroll","background-type":"","background-media":"","overlay-type":"","overlay-color":"","overlay-opacity":"","overlay-gradient":""},"mobile":{"background-color":"var(--ast-global-color-5)","background-image":"","background-repeat":"repeat","background-position":"center center","background-size":"auto","background-attachment":"scroll","background-type":"","background-media":"","overlay-type":"","overlay-color":"","overlay-opacity":"","overlay-gradient":""}},"ngg_post_thumbnail":0,"jetpack_post_was_ever_published":false,"_jetpack_newsletter_access":"","_jetpack_dont_email_post_to_subs":false,"_jetpack_newsletter_tier_id":0,"_jetpack_memberships_contains_paywalled_content":false,"_jetpack_memberships_contains_paid_content":false,"footnotes":""},"categories":[10,2,8],"tags":[],"class_list":["post-5621","post","type-post","status-publish","format-standard","hentry","category-foto","category-kino","category-spanisch"],"jetpack_featured_media_url":"","jetpack_sharing_enabled":true,"jetpack_shortlink":"https:\/\/wp.me\/p4uzZ-1sF","jetpack-related-posts":[{"id":6750,"url":"https:\/\/textundblog.de\/?p=6750","url_meta":{"origin":5621,"position":0},"title":"Zwischenmeldung aus San Sebasti\u00e1n","author":"Markus","date":"23\/9\/2015","format":false,"excerpt":"Ein kurzer Gru\u00df aus San Sebasti\u00e1n mit einem Foto von der Puente Kursaal, der Br\u00fccke, die \u00fcber den R\u00edo Urumea hin zum Festivalpalast Kursaal f\u00fchrt. Auch in seiner 63. Ausgabe hat das Internationale Filmfestival von San Sebasti\u00e1n wieder jede Menge gute Filme zu bieten, von denen ich bereits 29 in\u2026","rel":"","context":"In &quot;Foto&quot;","block_context":{"text":"Foto","link":"https:\/\/textundblog.de\/?cat=10"},"img":{"alt_text":"Puente Kursaal","src":"https:\/\/i0.wp.com\/textundblog.de\/wp-content\/image5-1024x768.jpg?resize=350%2C200&ssl=1","width":350,"height":200,"srcset":"https:\/\/i0.wp.com\/textundblog.de\/wp-content\/image5-1024x768.jpg?resize=350%2C200&ssl=1 1x, https:\/\/i0.wp.com\/textundblog.de\/wp-content\/image5-1024x768.jpg?resize=525%2C300&ssl=1 1.5x, https:\/\/i0.wp.com\/textundblog.de\/wp-content\/image5-1024x768.jpg?resize=700%2C400&ssl=1 2x"},"classes":[]},{"id":3759,"url":"https:\/\/textundblog.de\/?p=3759","url_meta":{"origin":5621,"position":1},"title":"Impressionen aus San Sebasti\u00e1n bei Nacht","author":"Markus","date":"21\/9\/2010","format":false,"excerpt":"Ein kurzes Zwischenfazit vom Filmfestival aus San Sebasti\u00e1n: ich habe bis dato 23 Filme gesehen. Noch nichts unbedingt Herausragendes dabei, aber einige sehr gute Filme gab es schon. Leider reicht die knappe Zeit zwischen den Filmen nicht aus, hier die guten Streifen vorzustellen. Wird wie immer nach dem Festival nachgeholt.\u2026","rel":"","context":"In &quot;Foto&quot;","block_context":{"text":"Foto","link":"https:\/\/textundblog.de\/?cat=10"},"img":{"alt_text":"Der Festivalpalast Kursaal bei Nacht","src":"https:\/\/i0.wp.com\/textundblog.de\/wp-content\/donostianoche-300x225.png?resize=350%2C200&ssl=1","width":350,"height":200},"classes":[]},{"id":3165,"url":"https:\/\/textundblog.de\/?p=3165","url_meta":{"origin":5621,"position":2},"title":"Zur\u00fcck aus San Sebasti\u00e1n","author":"Markus","date":"28\/9\/2009","format":false,"excerpt":"Rolf (li.) & Markus (re.) gegen Ende des Festivals. Bin gestern Abend aus San Sebasti\u00e1n zur\u00fcckgekommen. Die Augen erholen sich zur Zeit noch von der Fixierung aufs Leinwandformat. Meine Fotos vom Festival gibt's auf Flickr (ich habe das Album eben mit den neusten Aufnahmen aktualisiert). Habe sechs Filme pro Tag\u2026","rel":"","context":"In &quot;Foto&quot;","block_context":{"text":"Foto","link":"https:\/\/textundblog.de\/?cat=10"},"img":{"alt_text":"IMG_7858","src":"https:\/\/i0.wp.com\/farm3.static.flickr.com\/2432\/3962689858_17c6c8c7b8.jpg?resize=350%2C200","width":350,"height":200},"classes":[]},{"id":6340,"url":"https:\/\/textundblog.de\/?p=6340","url_meta":{"origin":5621,"position":3},"title":"Zwei Fotogalerien zu San Sebasti\u00e1n 2014","author":"Markus","date":"5\/10\/2014","format":false,"excerpt":"Wenn man auf einem kleinen Reise- und Dienstreisemarathon unterwegs war \u2013 San Sebasti\u00e1n, London und K\u00f6ln in 14 Tagen \u2013 und ein so voll gepacktes Programm hatte, dass man von unterwegs nur twittern aber nicht bloggen konnte, gebietet es die Chronistenpflicht nach R\u00fcckkehr alles nach zu berichten. Was London (29.\/30.10.)\u2026","rel":"","context":"In &quot;Foto&quot;","block_context":{"text":"Foto","link":"https:\/\/textundblog.de\/?cat=10"},"img":{"alt_text":"","src":"https:\/\/i0.wp.com\/textundblog.de\/wp-content\/sanseb2014-gplus1.jpg?resize=350%2C200&ssl=1","width":350,"height":200,"srcset":"https:\/\/i0.wp.com\/textundblog.de\/wp-content\/sanseb2014-gplus1.jpg?resize=350%2C200&ssl=1 1x, https:\/\/i0.wp.com\/textundblog.de\/wp-content\/sanseb2014-gplus1.jpg?resize=525%2C300&ssl=1 1.5x, https:\/\/i0.wp.com\/textundblog.de\/wp-content\/sanseb2014-gplus1.jpg?resize=700%2C400&ssl=1 2x"},"classes":[]},{"id":6753,"url":"https:\/\/textundblog.de\/?p=6753","url_meta":{"origin":5621,"position":4},"title":"Bei der Arbeit in der Bibliothek","author":"Markus","date":"30\/9\/2015","format":false,"excerpt":"Bin seit Sonntag-Nacht wieder von meinen beiden Reisen (Bibliothekartag Wien, Filmfestival San\u00a0Sebasti\u00e1n) zur\u00fcck. Den Festivalbericht mit der gewohnten Vorstellung der besten zehn Filme wird es innerhalb der n\u00e4chsten Woche geben. Die in neun Tagen gesehenen 50 (!) Filme m\u00fcssen erst noch im Kopf fertig verarbeitet werden. ;) Derweil bin ich,\u2026","rel":"","context":"In &quot;Foto&quot;","block_context":{"text":"Foto","link":"https:\/\/textundblog.de\/?cat=10"},"img":{"alt_text":"","src":"https:\/\/i0.wp.com\/textundblog.de\/wp-content\/markus-buero.jpg?resize=350%2C200&ssl=1","width":350,"height":200,"srcset":"https:\/\/i0.wp.com\/textundblog.de\/wp-content\/markus-buero.jpg?resize=350%2C200&ssl=1 1x, https:\/\/i0.wp.com\/textundblog.de\/wp-content\/markus-buero.jpg?resize=525%2C300&ssl=1 1.5x, https:\/\/i0.wp.com\/textundblog.de\/wp-content\/markus-buero.jpg?resize=700%2C400&ssl=1 2x"},"classes":[]},{"id":7330,"url":"https:\/\/textundblog.de\/?p=7330","url_meta":{"origin":5621,"position":5},"title":"Nachdenken \u00fcber 50 Filme","author":"Markus","date":"26\/9\/2016","format":false,"excerpt":"Ich bin seit gestern Abend wieder zur\u00fcck aus San Sebasti\u00e1n. Es war auch beim 22. Mal ein gro\u00dfartiges Festival. Ich muss noch, wie auf dem Foto zu sehen, nachdenken \u00fcber die 50 Filme, die ich in den neun Tagen gesehen habe. Festival-Bericht folgt, wie immer, sp\u00e4testens in einer Woche. ;-)","rel":"","context":"In &quot;Foto&quot;","block_context":{"text":"Foto","link":"https:\/\/textundblog.de\/?cat=10"},"img":{"alt_text":"Markus beim Nachdenken auf dem Monte Urgull in San Sebasti\u00e1n","src":"https:\/\/i0.wp.com\/textundblog.de\/wp-content\/IMG_1196-1024x768.jpg?resize=350%2C200&ssl=1","width":350,"height":200,"srcset":"https:\/\/i0.wp.com\/textundblog.de\/wp-content\/IMG_1196-1024x768.jpg?resize=350%2C200&ssl=1 1x, https:\/\/i0.wp.com\/textundblog.de\/wp-content\/IMG_1196-1024x768.jpg?resize=525%2C300&ssl=1 1.5x, https:\/\/i0.wp.com\/textundblog.de\/wp-content\/IMG_1196-1024x768.jpg?resize=700%2C400&ssl=1 2x"},"classes":[]}],"_links":{"self":[{"href":"https:\/\/textundblog.de\/index.php?rest_route=\/wp\/v2\/posts\/5621","targetHints":{"allow":["GET"]}}],"collection":[{"href":"https:\/\/textundblog.de\/index.php?rest_route=\/wp\/v2\/posts"}],"about":[{"href":"https:\/\/textundblog.de\/index.php?rest_route=\/wp\/v2\/types\/post"}],"author":[{"embeddable":true,"href":"https:\/\/textundblog.de\/index.php?rest_route=\/wp\/v2\/users\/1"}],"replies":[{"embeddable":true,"href":"https:\/\/textundblog.de\/index.php?rest_route=%2Fwp%2Fv2%2Fcomments&post=5621"}],"version-history":[{"count":0,"href":"https:\/\/textundblog.de\/index.php?rest_route=\/wp\/v2\/posts\/5621\/revisions"}],"wp:attachment":[{"href":"https:\/\/textundblog.de\/index.php?rest_route=%2Fwp%2Fv2%2Fmedia&parent=5621"}],"wp:term":[{"taxonomy":"category","embeddable":true,"href":"https:\/\/textundblog.de\/index.php?rest_route=%2Fwp%2Fv2%2Fcategories&post=5621"},{"taxonomy":"post_tag","embeddable":true,"href":"https:\/\/textundblog.de\/index.php?rest_route=%2Fwp%2Fv2%2Ftags&post=5621"}],"curies":[{"name":"wp","href":"https:\/\/api.w.org\/{rel}","templated":true}]}}