{"id":5619,"date":"2013-10-06T13:17:37","date_gmt":"2013-10-06T11:17:37","guid":{"rendered":"http:\/\/textundblog.de\/?p=5619"},"modified":"2013-10-06T13:39:27","modified_gmt":"2013-10-06T11:39:27","slug":"der-hundertjaehrige-der-aus-dem-fenster-stieg-und-verschwand-hr2-hoerspiel","status":"publish","type":"post","link":"https:\/\/textundblog.de\/?p=5619","title":{"rendered":"Der Hundertj\u00e4hrige, der aus dem Fenster stieg und verschwand &#8211; hr2 H\u00f6rspiel"},"content":{"rendered":"<p><span class=\"embed-youtube\" style=\"text-align:center; display: block;\"><iframe loading=\"lazy\" class=\"youtube-player\" width=\"640\" height=\"360\" src=\"https:\/\/www.youtube.com\/embed\/7sMtx81QV_o?version=3&#038;rel=1&#038;showsearch=0&#038;showinfo=1&#038;iv_load_policy=1&#038;fs=1&#038;hl=de-DE&#038;autohide=2&#038;wmode=transparent\" allowfullscreen=\"true\" style=\"border:0;\" sandbox=\"allow-scripts allow-same-origin allow-popups allow-presentation allow-popups-to-escape-sandbox\"><\/iframe><\/span><\/p>\n<p>Wer mir auf Twitter folgt, wei\u00df es schon: Zur Zeit \u00fcbertr\u00e4gt hr2 das H\u00f6rspiel \u00abDer Hundertj\u00e4hrige, der aus dem Fenster stieg und verschwand\u00bb nach dem Roman von Jonas Jonasson. hr2 verspricht zurecht: <a href=\"http:\/\/www.hr-online.de\/website\/specials\/buchmesse2013\/index.jsp?rubrik=80309&#038;key=standard_rezension_49641061&#038;type=d&#038;xtcr=7&#038;xtmc=hundertj%FDhrige\">Gro\u00dfes Kopfkino<\/a>. <\/p>\n<p>Am <a href=\"https:\/\/twitter.com\/textundblog\/status\/385734090408091648\">Donnerstag<\/a> kam der erste Teil, <a href=\"http:\/\/www.hr-online.de\/website\/radio\/hr2\/index.jsp?rubrik=53545&#038;key=standard_document_49764397\">heute<\/a> von 14:05-15:35 Uhr, wird der zweite Teil ausgestrahlt (Livestream <a href=\"http:\/\/www.hr-online.de\/website\/radio\/hr2\/index.jsp?rubrik=23746\">hr2<\/a>). Obiges Making Of gibt einen guten Einblick in die aufwendige Produktion. <\/p>\n","protected":false},"excerpt":{"rendered":"<p>Wer mir auf Twitter folgt, wei\u00df es schon: Zur Zeit \u00fcbertr\u00e4gt hr2 das H\u00f6rspiel \u00abDer Hundertj\u00e4hrige, der aus dem Fenster stieg und verschwand\u00bb nach dem Roman von Jonas Jonasson. hr2 verspricht zurecht: Gro\u00dfes Kopfkino. Am Donnerstag kam der erste Teil, heute von 14:05-15:35 Uhr, wird der zweite Teil ausgestrahlt (Livestream hr2). Obiges Making Of gibt [&hellip;]<\/p>\n","protected":false},"author":1,"featured_media":0,"comment_status":"open","ping_status":"open","sticky":false,"template":"","format":"standard","meta":{"site-sidebar-layout":"default","site-content-layout":"","ast-site-content-layout":"default","site-content-style":"default","site-sidebar-style":"default","ast-global-header-display":"","ast-banner-title-visibility":"","ast-main-header-display":"","ast-hfb-above-header-display":"","ast-hfb-below-header-display":"","ast-hfb-mobile-header-display":"","site-post-title":"","ast-breadcrumbs-content":"","ast-featured-img":"","footer-sml-layout":"","theme-transparent-header-meta":"","adv-header-id-meta":"","stick-header-meta":"","header-above-stick-meta":"","header-main-stick-meta":"","header-below-stick-meta":"","astra-migrate-meta-layouts":"default","ast-page-background-enabled":"default","ast-page-background-meta":{"desktop":{"background-color":"var(--ast-global-color-4)","background-image":"","background-repeat":"repeat","background-position":"center center","background-size":"auto","background-attachment":"scroll","background-type":"","background-media":"","overlay-type":"","overlay-color":"","overlay-opacity":"","overlay-gradient":""},"tablet":{"background-color":"","background-image":"","background-repeat":"repeat","background-position":"center center","background-size":"auto","background-attachment":"scroll","background-type":"","background-media":"","overlay-type":"","overlay-color":"","overlay-opacity":"","overlay-gradient":""},"mobile":{"background-color":"","background-image":"","background-repeat":"repeat","background-position":"center center","background-size":"auto","background-attachment":"scroll","background-type":"","background-media":"","overlay-type":"","overlay-color":"","overlay-opacity":"","overlay-gradient":""}},"ast-content-background-meta":{"desktop":{"background-color":"var(--ast-global-color-5)","background-image":"","background-repeat":"repeat","background-position":"center center","background-size":"auto","background-attachment":"scroll","background-type":"","background-media":"","overlay-type":"","overlay-color":"","overlay-opacity":"","overlay-gradient":""},"tablet":{"background-color":"var(--ast-global-color-5)","background-image":"","background-repeat":"repeat","background-position":"center center","background-size":"auto","background-attachment":"scroll","background-type":"","background-media":"","overlay-type":"","overlay-color":"","overlay-opacity":"","overlay-gradient":""},"mobile":{"background-color":"var(--ast-global-color-5)","background-image":"","background-repeat":"repeat","background-position":"center center","background-size":"auto","background-attachment":"scroll","background-type":"","background-media":"","overlay-type":"","overlay-color":"","overlay-opacity":"","overlay-gradient":""}},"ngg_post_thumbnail":0,"jetpack_post_was_ever_published":false,"_jetpack_newsletter_access":"","_jetpack_dont_email_post_to_subs":false,"_jetpack_newsletter_tier_id":0,"_jetpack_memberships_contains_paywalled_content":false,"_jetpack_memberships_contains_paid_content":false,"footnotes":""},"categories":[11,19],"tags":[],"class_list":["post-5619","post","type-post","status-publish","format-standard","hentry","category-literatur","category-radio"],"jetpack_featured_media_url":"","jetpack_sharing_enabled":true,"jetpack_shortlink":"https:\/\/wp.me\/p4uzZ-1sD","jetpack-related-posts":[{"id":1087,"url":"https:\/\/textundblog.de\/?p=1087","url_meta":{"origin":5619,"position":0},"title":"hr2 &#8211; Der Tag: Der Libanon &#8211; das ewige Schlachtfeld","author":"Markus","date":"24\/7\/2006","format":false,"excerpt":"Foto: photocase.com Wieder mal ein gutes Radio-Feature von hr2 - Der Tag: \u00abDer Libanon - das ewige Schlachtfeld\u00bb. Der Libanon ist ein verfluchtes Land \u2013 das sagen nicht wir, das sagt niemand geringeres als der aktuelle Ministerpr\u00e4sident dieses 4 Millionen-Staates \u2013 und der wei\u00df nat\u00fcrlich wovon er spricht. Der Libanon\u2026","rel":"","context":"In &quot;Politik&quot;","block_context":{"text":"Politik","link":"https:\/\/textundblog.de\/?cat=9"},"img":{"alt_text":"hr2 Der Tag","src":"https:\/\/i0.wp.com\/www.textundblog.de\/wp-content\/hr2dertag.jpg?resize=350%2C200","width":350,"height":200},"classes":[]},{"id":4762,"url":"https:\/\/textundblog.de\/?p=4762","url_meta":{"origin":5619,"position":1},"title":"hr2 \u2013 Der Tag: Beim Schlaf kommt&#8217;s auf die Dosis an","author":"Markus","date":"25\/6\/2012","format":false,"excerpt":"Mit einer der am meisten gelesenen Artikel dieses Blogs ist \u00abWie viel Schlaf braucht der Mensch?\u00bb. Eine Frage, die offenbar Viele besch\u00e4ftigt, und wozu der Artikel in den Kommentaren durch zahlreiche pers\u00f6nliche Antworten Ratsuchenden Orientierung bietet. Heute bin ich beim H\u00f6ren von hr2 \u2013 Der Tag wieder auf das Thema\u2026","rel":"","context":"In &quot;Radio&quot;","block_context":{"text":"Radio","link":"https:\/\/textundblog.de\/?cat=19"},"img":{"alt_text":"hr2 Der Tag","src":"https:\/\/i0.wp.com\/www.textundblog.de\/wp-content\/hr2dertag.jpg?resize=350%2C200","width":350,"height":200},"classes":[]},{"id":903,"url":"https:\/\/textundblog.de\/?p=903","url_meta":{"origin":5619,"position":2},"title":"hr2 lobt Becketts Schweigen","author":"Markus","date":"12\/4\/2006","format":false,"excerpt":"Every word is like an unnecessary stain on silence dt.:Jedes Wort ist wie ein unn\u00f6tiger Fleck auf dem Schweigen Dieser Satz stammt von Samuel Beckett (1906 - 1989) und der w\u00e4re morgen, am 13. April, 100 Jahre alt geworden. Aus diesem Anla\u00df widmet sich die Radiosendung \u00abhr2 Der Tag\u00bb bereits\u2026","rel":"","context":"In &quot;Literatur&quot;","block_context":{"text":"Literatur","link":"https:\/\/textundblog.de\/?cat=11"},"img":{"alt_text":"Samuel Beckett","src":"https:\/\/i0.wp.com\/www.textundblog.de\/wp-content\/beckett.jpg?resize=350%2C200","width":350,"height":200},"classes":[]},{"id":3907,"url":"https:\/\/textundblog.de\/?p=3907","url_meta":{"origin":5619,"position":3},"title":"\u00abhr2 \u2013 Der Tag\u00bb \u00fcber das Saarland &#8211; Von wegen klein, aber l\u00e4stig","author":"Markus","date":"23\/12\/2010","format":false,"excerpt":"Seit heute bin ich \u00fcber Weihnachten und Neujahr in meiner saarl\u00e4ndischen Heimat. Gestern Abend beim Kofferpacken kam von @mattsches der prima Tipp, mir doch den \u00abhr2 \u2013 Der Tag\u00bb-Podcast zum Saarland f\u00fcr die Zugreise aufzunehmen. Gesagt getan, habe die 55 Minuten heute im Zug geh\u00f6rt und fand das viel besser,\u2026","rel":"","context":"In &quot;Radio&quot;","block_context":{"text":"Radio","link":"https:\/\/textundblog.de\/?cat=19"},"img":{"alt_text":"hr2 Der Tag","src":"https:\/\/i0.wp.com\/www.textundblog.de\/wp-content\/hr2dertag.jpg?resize=350%2C200","width":350,"height":200},"classes":[]},{"id":828,"url":"https:\/\/textundblog.de\/?p=828","url_meta":{"origin":5619,"position":4},"title":"hr2 \u00fcber Capote, New Journalism und Blogs","author":"Markus","date":"3\/3\/2006","format":false,"excerpt":"Gestern gab es wieder einmal ein ganz fantastisches Feature auf hr2, Der Tag: \u00abCapotes Erben - Was ist vom New Journalism geblieben?\u00bb (Noch eine Woche online, Dauer: 55min, extrem h\u00f6renswert!). Wir kennen sie alle, die Master of the Universe und die Schreiber des New Journalism. Ohne Schn\u00f6rkel , respektlos penetrierend,\u2026","rel":"","context":"In &quot;Internet&quot;","block_context":{"text":"Internet","link":"https:\/\/textundblog.de\/?cat=4"},"img":{"alt_text":"hr2 Der Tag","src":"https:\/\/i0.wp.com\/www.textundblog.de\/wp-content\/hr2dertag.jpg?resize=350%2C200","width":350,"height":200},"classes":[]},{"id":990,"url":"https:\/\/textundblog.de\/?p=990","url_meta":{"origin":5619,"position":5},"title":"hr2 &#8211; Der Tag: Frauen im Iran","author":"Markus","date":"7\/6\/2006","format":false,"excerpt":"Last-Minute-Online-H\u00f6rfunk-Tipp: Gleich, oder - wie ich sp\u00e4ter - reinh\u00f6ren bei hr2 - Der Tag: Heimliche Opposition - Die listigen Weiber von Teheran Der Iran - daran muss man dieser Tage wohl doch mal wieder erinnern - ist mehr als Mullahs, Machtwahn und Bedrohung des Weltfriedens. Im Iran gibt es -\u2026","rel":"","context":"In &quot;Internet&quot;","block_context":{"text":"Internet","link":"https:\/\/textundblog.de\/?cat=4"},"img":{"alt_text":"hr2 Der Tag","src":"https:\/\/i0.wp.com\/www.textundblog.de\/wp-content\/hr2dertag.jpg?resize=350%2C200","width":350,"height":200},"classes":[]}],"_links":{"self":[{"href":"https:\/\/textundblog.de\/index.php?rest_route=\/wp\/v2\/posts\/5619","targetHints":{"allow":["GET"]}}],"collection":[{"href":"https:\/\/textundblog.de\/index.php?rest_route=\/wp\/v2\/posts"}],"about":[{"href":"https:\/\/textundblog.de\/index.php?rest_route=\/wp\/v2\/types\/post"}],"author":[{"embeddable":true,"href":"https:\/\/textundblog.de\/index.php?rest_route=\/wp\/v2\/users\/1"}],"replies":[{"embeddable":true,"href":"https:\/\/textundblog.de\/index.php?rest_route=%2Fwp%2Fv2%2Fcomments&post=5619"}],"version-history":[{"count":0,"href":"https:\/\/textundblog.de\/index.php?rest_route=\/wp\/v2\/posts\/5619\/revisions"}],"wp:attachment":[{"href":"https:\/\/textundblog.de\/index.php?rest_route=%2Fwp%2Fv2%2Fmedia&parent=5619"}],"wp:term":[{"taxonomy":"category","embeddable":true,"href":"https:\/\/textundblog.de\/index.php?rest_route=%2Fwp%2Fv2%2Fcategories&post=5619"},{"taxonomy":"post_tag","embeddable":true,"href":"https:\/\/textundblog.de\/index.php?rest_route=%2Fwp%2Fv2%2Ftags&post=5619"}],"curies":[{"name":"wp","href":"https:\/\/api.w.org\/{rel}","templated":true}]}}