{"id":5615,"date":"2013-10-05T18:43:00","date_gmt":"2013-10-05T16:43:00","guid":{"rendered":"http:\/\/textundblog.de\/?p=5615"},"modified":"2013-10-05T18:46:33","modified_gmt":"2013-10-05T16:46:33","slug":"alin-coen-festhalten","status":"publish","type":"post","link":"https:\/\/textundblog.de\/?p=5615","title":{"rendered":"Alin Coen \u2013 Festhalten"},"content":{"rendered":"<p><span class=\"embed-youtube\" style=\"text-align:center; display: block;\"><iframe loading=\"lazy\" class=\"youtube-player\" width=\"640\" height=\"360\" src=\"https:\/\/www.youtube.com\/embed\/ZnqKICVvvD8?version=3&#038;rel=1&#038;showsearch=0&#038;showinfo=1&#038;iv_load_policy=1&#038;fs=1&#038;hl=de-DE&#038;autohide=2&#038;wmode=transparent\" allowfullscreen=\"true\" style=\"border:0;\" sandbox=\"allow-scripts allow-same-origin allow-popups allow-presentation allow-popups-to-escape-sandbox\"><\/iframe><\/span><\/p>\n<p><a href=\"http:\/\/www.alincoen.com\/\">Alin Coen<\/a> ist f\u00fcr mich <em>die<\/em> Entdeckung der gestrigen <em>aspekte<\/em>-Sendung. Wie konnte diese Songwriter-Band, deren Leads\u00e4ngerin aus Hamburg ist, und deren Musiker aus Weimar und Hamburg kommen (siehe <a href=\"http:\/\/de.wikipedia.org\/wiki\/Alin_Coen_Band\">Wikipedia<\/a>), bisher nur an mir vorbei gehen? Den aspekte-Beitrag kann man in der ZDF-Mediathek nachschauen: \u00ab<a href=\"http:\/\/www.zdf.de\/ZDFmediathek\/beitrag\/video\/1998888\/Alin-Coen-Band-Erfolg-ohne-Major-Label\">Alin Coen Band \u2013 Erfolg ohne Major Label<\/a>\u00bb.<\/p>\n<p><a href=\"http:\/\/www.zdf.de\/ZDFmediathek\/beitrag\/video\/1998888\/Alin-Coen-Band-Erfolg-ohne-Major-Label\"><img data-recalc-dims=\"1\" loading=\"lazy\" decoding=\"async\" data-attachment-id=\"5616\" data-permalink=\"https:\/\/textundblog.de\/?attachment_id=5616\" data-orig-file=\"https:\/\/i0.wp.com\/textundblog.de\/wp-content\/alincoen.jpg?fit=500%2C281&amp;ssl=1\" data-orig-size=\"500,281\" data-comments-opened=\"1\" data-image-meta=\"{&quot;aperture&quot;:&quot;0&quot;,&quot;credit&quot;:&quot;&quot;,&quot;camera&quot;:&quot;&quot;,&quot;caption&quot;:&quot;&quot;,&quot;created_timestamp&quot;:&quot;0&quot;,&quot;copyright&quot;:&quot;&quot;,&quot;focal_length&quot;:&quot;0&quot;,&quot;iso&quot;:&quot;0&quot;,&quot;shutter_speed&quot;:&quot;0&quot;,&quot;title&quot;:&quot;&quot;}\" data-image-title=\"Alin Coen (aspekte ZDF, 4.10.2013)\" data-image-description=\"\" data-image-caption=\"\" data-large-file=\"https:\/\/i0.wp.com\/textundblog.de\/wp-content\/alincoen.jpg?fit=500%2C281&amp;ssl=1\" title=\"Alin Coen (aspekte ZDF, 4.10.2013)\"  src=\"https:\/\/i0.wp.com\/textundblog.de\/wp-content\/alincoen.jpg?resize=500%2C281&#038;ssl=1\" alt=\"Alin Coen (aspekte ZDF, 4.10.2013)\" width=\"500\" height=\"281\" class=\"alignnone size-full wp-image-5616\" srcset=\"https:\/\/i0.wp.com\/textundblog.de\/wp-content\/alincoen.jpg?w=500&amp;ssl=1 500w, https:\/\/i0.wp.com\/textundblog.de\/wp-content\/alincoen.jpg?resize=300%2C168&amp;ssl=1 300w\" sizes=\"auto, (max-width: 500px) 100vw, 500px\" \/><\/a><\/p>\n<blockquote><p>Die Band um Singer-Songwriterin Alin Coen hat ihr zweites Album fertiggestellt &#8211; und mit einem kleinen Label produziert: &#8222;We&#8217;re Not The Ones We Thought We Were&#8220;.<\/p><\/blockquote>\n","protected":false},"excerpt":{"rendered":"<p>Alin Coen ist f\u00fcr mich die Entdeckung der gestrigen aspekte-Sendung. Wie konnte diese Songwriter-Band, deren Leads\u00e4ngerin aus Hamburg ist, und deren Musiker aus Weimar und Hamburg kommen (siehe Wikipedia), bisher nur an mir vorbei gehen? Den aspekte-Beitrag kann man in der ZDF-Mediathek nachschauen: \u00abAlin Coen Band \u2013 Erfolg ohne Major Label\u00bb. Die Band um Singer-Songwriterin [&hellip;]<\/p>\n","protected":false},"author":1,"featured_media":0,"comment_status":"open","ping_status":"open","sticky":false,"template":"","format":"standard","meta":{"site-sidebar-layout":"default","site-content-layout":"","ast-site-content-layout":"default","site-content-style":"default","site-sidebar-style":"default","ast-global-header-display":"","ast-banner-title-visibility":"","ast-main-header-display":"","ast-hfb-above-header-display":"","ast-hfb-below-header-display":"","ast-hfb-mobile-header-display":"","site-post-title":"","ast-breadcrumbs-content":"","ast-featured-img":"","footer-sml-layout":"","theme-transparent-header-meta":"","adv-header-id-meta":"","stick-header-meta":"","header-above-stick-meta":"","header-main-stick-meta":"","header-below-stick-meta":"","astra-migrate-meta-layouts":"default","ast-page-background-enabled":"default","ast-page-background-meta":{"desktop":{"background-color":"var(--ast-global-color-4)","background-image":"","background-repeat":"repeat","background-position":"center center","background-size":"auto","background-attachment":"scroll","background-type":"","background-media":"","overlay-type":"","overlay-color":"","overlay-opacity":"","overlay-gradient":""},"tablet":{"background-color":"","background-image":"","background-repeat":"repeat","background-position":"center center","background-size":"auto","background-attachment":"scroll","background-type":"","background-media":"","overlay-type":"","overlay-color":"","overlay-opacity":"","overlay-gradient":""},"mobile":{"background-color":"","background-image":"","background-repeat":"repeat","background-position":"center center","background-size":"auto","background-attachment":"scroll","background-type":"","background-media":"","overlay-type":"","overlay-color":"","overlay-opacity":"","overlay-gradient":""}},"ast-content-background-meta":{"desktop":{"background-color":"var(--ast-global-color-5)","background-image":"","background-repeat":"repeat","background-position":"center center","background-size":"auto","background-attachment":"scroll","background-type":"","background-media":"","overlay-type":"","overlay-color":"","overlay-opacity":"","overlay-gradient":""},"tablet":{"background-color":"var(--ast-global-color-5)","background-image":"","background-repeat":"repeat","background-position":"center center","background-size":"auto","background-attachment":"scroll","background-type":"","background-media":"","overlay-type":"","overlay-color":"","overlay-opacity":"","overlay-gradient":""},"mobile":{"background-color":"var(--ast-global-color-5)","background-image":"","background-repeat":"repeat","background-position":"center center","background-size":"auto","background-attachment":"scroll","background-type":"","background-media":"","overlay-type":"","overlay-color":"","overlay-opacity":"","overlay-gradient":""}},"ngg_post_thumbnail":0,"jetpack_post_was_ever_published":false,"_jetpack_newsletter_access":"","_jetpack_dont_email_post_to_subs":false,"_jetpack_newsletter_tier_id":0,"_jetpack_memberships_contains_paywalled_content":false,"_jetpack_memberships_contains_paid_content":false,"footnotes":""},"categories":[15,7,3],"tags":[],"class_list":["post-5615","post","type-post","status-publish","format-standard","hentry","category-hamburg","category-musik","category-tv"],"jetpack_featured_media_url":"","jetpack_sharing_enabled":true,"jetpack_shortlink":"https:\/\/wp.me\/p4uzZ-1sz","jetpack-related-posts":[{"id":1061,"url":"https:\/\/textundblog.de\/?p=1061","url_meta":{"origin":5615,"position":0},"title":"Webdesign ohne DIV","author":"Markus","date":"11\/7\/2006","format":false,"excerpt":"Alin Radulescu macht einen interessanten Test: Kann man Websites ohne Tabellen und ohne Divs gestalten? Es gelingt. Er sagt wie: \u00abWebdesign ohne DIV\u00bb Diese Seite besitzt weder DIV noch Tabellen zur Strukturierung des Designs. Ich bin auf die Idee gekommen, als ich \u00fcber den bestm\u00f6glichen Aufbau eines Artikelverzeichnis bzw. Blogstartseite,\u2026","rel":"","context":"In &quot;Webdesign&quot;","block_context":{"text":"Webdesign","link":"https:\/\/textundblog.de\/?cat=13"},"img":{"alt_text":"Webdesign ohne DIV","src":"https:\/\/i0.wp.com\/www.textundblog.de\/wp-content\/webdesignohnediv.gif?resize=350%2C200","width":350,"height":200},"classes":[]},{"id":1562,"url":"https:\/\/textundblog.de\/?p=1562","url_meta":{"origin":5615,"position":1},"title":"Le Figaro pr\u00e4sentiert franz\u00f6sische \u00dcbersetzer","author":"Markus","date":"16\/4\/2007","format":false,"excerpt":"Vor ein paar Tagen hat das Magazin von \"Le Figaro\" \u00fcber das \u00dcbersetzen berichtet. Es kommen ber\u00fchmte franz\u00f6sische \u00dcbersetzer zu Wort und berichten von ihrer Arbeit. Aline Schulman (die den Quijote ins Franz\u00f6sische \u00fcbersetzt hat), Brice Matthieussent (u.a. \u00dcbersetzer von Charles Bukowski und John Updike) und Anouk Neuhoff (\u00dcbersetzerin von\u2026","rel":"","context":"In &quot;Artikel&quot;","block_context":{"text":"Artikel","link":"https:\/\/textundblog.de\/?cat=5"},"img":{"alt_text":"","src":"","width":0,"height":0},"classes":[]},{"id":2522,"url":"https:\/\/textundblog.de\/?p=2522","url_meta":{"origin":5615,"position":2},"title":"Perro con peri\u00f3dico &#8211; Hund liest Zeitung","author":"Markus","date":"27\/9\/2008","format":false,"excerpt":"Wie politisiert das Baskenland ist, kann man hier auch an der Informationsbereitschaft der vierbeinigen Freunde in San Sebasti\u00e1n sehen. Sie starten in den Tag mit der morgendlichen Zeitungslekt\u00fcre im Caf\u00e9. Die politische Situation ist auch sehr angespannt, nach der Ablehnung des Referendums und des Verbots baskischer Organisationen und Parteien. Das\u2026","rel":"","context":"In &quot;Foto&quot;","block_context":{"text":"Foto","link":"https:\/\/textundblog.de\/?cat=10"},"img":{"alt_text":"Perro con peri\u00f3dico - Hund liest Zeitung","src":"https:\/\/i0.wp.com\/textundblog.de\/wp-content\/perroperiodico.jpg?resize=350%2C200&ssl=1","width":350,"height":200},"classes":[]},{"id":852,"url":"https:\/\/textundblog.de\/?p=852","url_meta":{"origin":5615,"position":3},"title":"Marlango und die Landkarte der Musik","author":"Markus","date":"11\/3\/2006","format":false,"excerpt":"Leonor Watling, die Hauptdarstellerin aus \u00abMy Life Without Me\u00bb von Isabel Coixet oder Almod\u00f3var's \u00abHable con ella\u00bb \u00fcberzeugt neben der Darstellung auch durch ihre Stimme: Ihre Band hei\u00dft Marlango, ihr letztes Album tr\u00e4gt den Titel \u00abAutomatic Imperfection\u00bb und die neueste Singelauskopplung ist \u00abShake the Moon\u00bb, zu h\u00f6ren auf dem argentinischen\u2026","rel":"","context":"In &quot;Kino&quot;","block_context":{"text":"Kino","link":"https:\/\/textundblog.de\/?cat=2"},"img":{"alt_text":"Marlango","src":"https:\/\/i0.wp.com\/www.textundblog.de\/wp-content\/marlango.jpg?resize=350%2C200","width":350,"height":200},"classes":[]},{"id":7698,"url":"https:\/\/textundblog.de\/?p=7698","url_meta":{"origin":5615,"position":4},"title":"Joel &#038; Ethan Coen &#8211; Genial in Kino &#038; Serie","author":"Markus","date":"12\/1\/2017","format":false,"excerpt":"Wenn ich in Zukunft gefragt werde, warum ich die Filme der Coen Brothers so gut finde, werde ich nur noch auf dieses Tribute-Video hinweisen: Joel & Ethan Coen - A Tribute from Alexandre Gasulla on Vimeo. Gerade habe ich \u2013 bereits zum zweiten Mal! \u2013 die beiden Staffeln der genialen\u2026","rel":"","context":"In &quot;Kino&quot;","block_context":{"text":"Kino","link":"https:\/\/textundblog.de\/?cat=2"},"img":{"alt_text":"","src":"https:\/\/i0.wp.com\/textundblog.de\/wp-content\/coentribute.jpg?resize=350%2C200&ssl=1","width":350,"height":200,"srcset":"https:\/\/i0.wp.com\/textundblog.de\/wp-content\/coentribute.jpg?resize=350%2C200&ssl=1 1x, https:\/\/i0.wp.com\/textundblog.de\/wp-content\/coentribute.jpg?resize=525%2C300&ssl=1 1.5x, https:\/\/i0.wp.com\/textundblog.de\/wp-content\/coentribute.jpg?resize=700%2C400&ssl=1 2x"},"classes":[]},{"id":214,"url":"https:\/\/textundblog.de\/?p=214","url_meta":{"origin":5615,"position":5},"title":"Chili (con carne)","author":"Markus","date":"2\/2\/2005","format":false,"excerpt":"Michael Preidel kocht Chili (con carne) ... hmm, lecker!","rel":"","context":"In &quot;Allgemeines&quot;","block_context":{"text":"Allgemeines","link":"https:\/\/textundblog.de\/?cat=1"},"img":{"alt_text":"Chili con Carne - Michael Preidel","src":".\/wp-content\/peperoni.jpg","width":350,"height":200},"classes":[]}],"_links":{"self":[{"href":"https:\/\/textundblog.de\/index.php?rest_route=\/wp\/v2\/posts\/5615","targetHints":{"allow":["GET"]}}],"collection":[{"href":"https:\/\/textundblog.de\/index.php?rest_route=\/wp\/v2\/posts"}],"about":[{"href":"https:\/\/textundblog.de\/index.php?rest_route=\/wp\/v2\/types\/post"}],"author":[{"embeddable":true,"href":"https:\/\/textundblog.de\/index.php?rest_route=\/wp\/v2\/users\/1"}],"replies":[{"embeddable":true,"href":"https:\/\/textundblog.de\/index.php?rest_route=%2Fwp%2Fv2%2Fcomments&post=5615"}],"version-history":[{"count":0,"href":"https:\/\/textundblog.de\/index.php?rest_route=\/wp\/v2\/posts\/5615\/revisions"}],"wp:attachment":[{"href":"https:\/\/textundblog.de\/index.php?rest_route=%2Fwp%2Fv2%2Fmedia&parent=5615"}],"wp:term":[{"taxonomy":"category","embeddable":true,"href":"https:\/\/textundblog.de\/index.php?rest_route=%2Fwp%2Fv2%2Fcategories&post=5615"},{"taxonomy":"post_tag","embeddable":true,"href":"https:\/\/textundblog.de\/index.php?rest_route=%2Fwp%2Fv2%2Ftags&post=5615"}],"curies":[{"name":"wp","href":"https:\/\/api.w.org\/{rel}","templated":true}]}}