{"id":551,"date":"2005-08-30T00:24:44","date_gmt":"2005-08-29T22:24:44","guid":{"rendered":"http:\/\/textundblog.de\/?p=551"},"modified":"2006-10-16T21:44:42","modified_gmt":"2006-10-16T19:44:42","slug":"bibliometro","status":"publish","type":"post","link":"https:\/\/textundblog.de\/?p=551","title":{"rendered":"Bibliometro"},"content":{"rendered":"<p><a href=\"http:\/\/www.dradio.de\/dkultur\/sendungen\/fazit\/411664\/\"><img loading=\"lazy\" decoding=\"async\" src=\".\/wp-content\/metromadrid.jpg\" width=\"186\" height=\"140\" alt=\"Bibliometro\" title=\"Bibliometro\" \/><\/a><br \/>\nBibliometro ist eine ungew\u00f6hnliche Initiative zur Lesef\u00f6rderung in Madrid, vorgestellt von <a href=\"http:\/\/www.dradio.de\/dkultur\/sendungen\/fazit\/411664\/\">Deutschlandradio Kultur<\/a>.<\/p>\n<blockquote><p>Die B\u00fccher ziehen dorthin, wo die Leute sind &#8211; auf die Bahnh\u00f6fe der Metro. Bibliometro hei\u00dft das Projekt mit einem Gesamtetat von 4,5 Millionen Euro bis 2007.<\/p><\/blockquote>\n<p>[via <a href=\"http:\/\/jugendserver.spinnenwerk.de\/spinnix\/fever\/stories\/4835\/\">Lesefieber<\/a>]<br \/>\nInfos auf spanisch zu Bibliometro bei <a href=\"http:\/\/www.kiyoaki.com\/archivos\/2004\/09\/20\/bibliometro\/\">KiyoaKi<\/a>.<\/p>\n","protected":false},"excerpt":{"rendered":"<p>Bibliometro ist eine ungew\u00f6hnliche Initiative zur Lesef\u00f6rderung in Madrid, vorgestellt von Deutschlandradio Kultur. Die B\u00fccher ziehen dorthin, wo die Leute sind &#8211; auf die Bahnh\u00f6fe der Metro. Bibliometro hei\u00dft das Projekt mit einem Gesamtetat von 4,5 Millionen Euro bis 2007. [via Lesefieber] Infos auf spanisch zu Bibliometro bei KiyoaKi.<\/p>\n","protected":false},"author":1,"featured_media":0,"comment_status":"open","ping_status":"open","sticky":false,"template":"","format":"standard","meta":{"site-sidebar-layout":"default","site-content-layout":"","ast-site-content-layout":"default","site-content-style":"default","site-sidebar-style":"default","ast-global-header-display":"","ast-banner-title-visibility":"","ast-main-header-display":"","ast-hfb-above-header-display":"","ast-hfb-below-header-display":"","ast-hfb-mobile-header-display":"","site-post-title":"","ast-breadcrumbs-content":"","ast-featured-img":"","footer-sml-layout":"","theme-transparent-header-meta":"","adv-header-id-meta":"","stick-header-meta":"","header-above-stick-meta":"","header-main-stick-meta":"","header-below-stick-meta":"","astra-migrate-meta-layouts":"default","ast-page-background-enabled":"default","ast-page-background-meta":{"desktop":{"background-color":"var(--ast-global-color-4)","background-image":"","background-repeat":"repeat","background-position":"center center","background-size":"auto","background-attachment":"scroll","background-type":"","background-media":"","overlay-type":"","overlay-color":"","overlay-opacity":"","overlay-gradient":""},"tablet":{"background-color":"","background-image":"","background-repeat":"repeat","background-position":"center center","background-size":"auto","background-attachment":"scroll","background-type":"","background-media":"","overlay-type":"","overlay-color":"","overlay-opacity":"","overlay-gradient":""},"mobile":{"background-color":"","background-image":"","background-repeat":"repeat","background-position":"center center","background-size":"auto","background-attachment":"scroll","background-type":"","background-media":"","overlay-type":"","overlay-color":"","overlay-opacity":"","overlay-gradient":""}},"ast-content-background-meta":{"desktop":{"background-color":"var(--ast-global-color-5)","background-image":"","background-repeat":"repeat","background-position":"center center","background-size":"auto","background-attachment":"scroll","background-type":"","background-media":"","overlay-type":"","overlay-color":"","overlay-opacity":"","overlay-gradient":""},"tablet":{"background-color":"var(--ast-global-color-5)","background-image":"","background-repeat":"repeat","background-position":"center center","background-size":"auto","background-attachment":"scroll","background-type":"","background-media":"","overlay-type":"","overlay-color":"","overlay-opacity":"","overlay-gradient":""},"mobile":{"background-color":"var(--ast-global-color-5)","background-image":"","background-repeat":"repeat","background-position":"center center","background-size":"auto","background-attachment":"scroll","background-type":"","background-media":"","overlay-type":"","overlay-color":"","overlay-opacity":"","overlay-gradient":""}},"ngg_post_thumbnail":0,"jetpack_post_was_ever_published":false,"_jetpack_newsletter_access":"","_jetpack_dont_email_post_to_subs":false,"_jetpack_newsletter_tier_id":0,"_jetpack_memberships_contains_paywalled_content":false,"_jetpack_memberships_contains_paid_content":false,"footnotes":""},"categories":[11,19,8],"tags":[],"class_list":["post-551","post","type-post","status-publish","format-standard","hentry","category-literatur","category-radio","category-spanisch"],"jetpack_featured_media_url":"","jetpack_sharing_enabled":true,"jetpack_shortlink":"https:\/\/wp.me\/p4uzZ-8T","jetpack-related-posts":[{"id":4124,"url":"https:\/\/textundblog.de\/?p=4124","url_meta":{"origin":551,"position":0},"title":"Cristina fordert im Spanischen Radio Respekt f\u00fcr die Demonstranten","author":"Markus","date":"17\/5\/2011","format":false,"excerpt":"Einige Medienvertreter scheinen, ob absichtlich oder nicht, noch immer nicht verstanden zu haben, was sich momentan auf den Stra\u00dfen Spaniens abspielt. Ich habe gestern Abend die Spanischen Nachrichten, den Telediario um 21 Uhr auf TV1, geschaut und dort wurde fast f\u00fcnf Minuten lang \u00fcber zwei Eifersuchtsdramen berichtet, um dann in\u2026","rel":"","context":"In &quot;Politik&quot;","block_context":{"text":"Politik","link":"https:\/\/textundblog.de\/?cat=9"},"img":{"alt_text":"","src":"","width":0,"height":0},"classes":[]},{"id":471,"url":"https:\/\/textundblog.de\/?p=471","url_meta":{"origin":551,"position":1},"title":"Bibliothekarisches Radio","author":"Markus","date":"27\/7\/2005","format":false,"excerpt":"Spannendes bibliothekarisches Radioprojekt in Spanien: RKD - Radio Kiwi Documental. Die Domain radiokd.tk ist zwar momentan nicht erreichbar, aber \u00fcber radiokiwidocumental.blogspot.com wird man f\u00fcndig. Dahinter steckt El Documentalista Audaz (zu dt. etwa: \"Der k\u00fchne Dokumentalist\"). Wer des Spanischen m\u00e4chtig ist, und bereit ist, einen Download von 58 MB auf sich\u2026","rel":"","context":"In &quot;Literatur&quot;","block_context":{"text":"Literatur","link":"https:\/\/textundblog.de\/?cat=11"},"img":{"alt_text":"Radio Kiwi Documental","src":".\/wp-content\/radiokd.jpg","width":350,"height":200},"classes":[]},{"id":444,"url":"https:\/\/textundblog.de\/?p=444","url_meta":{"origin":551,"position":2},"title":"Daniel Br\u00fchl spielt Salvador Puig Antich","author":"Markus","date":"6\/7\/2005","format":false,"excerpt":"Spanien tut sich mit seiner Vergangenheit nicht leicht - die Franco-Diktatur ist da ein Beispiel. In Barcelona beginnen n\u00e4chste Woche die Dreharbeiten zu einem Film \u00fcber den katalanischen Anarchisten Salvador Puig Antich, der als einer der letzten Spanier zum Tode verurteilt wurde. Diesen Anarchisten spielt Daniel Br\u00fchl. Warum ausgerechnet er?\u2026","rel":"","context":"In &quot;Kino&quot;","block_context":{"text":"Kino","link":"https:\/\/textundblog.de\/?cat=2"},"img":{"alt_text":"","src":"","width":0,"height":0},"classes":[]},{"id":1344,"url":"https:\/\/textundblog.de\/?p=1344","url_meta":{"origin":551,"position":3},"title":"Podcasts von Radio Nacional de Espa\u00f1a","author":"Markus","date":"11\/12\/2006","format":false,"excerpt":"Das spanische staatliche Radio, Radio Nacional de Espa\u00f1a, entdeckt die Podcasts und bietet seit Neuestem seinen H\u00f6rern verschiedene Podcast-Feeds zu den Sendern RN1, RN3, RN5 und Radio Exterior de Espa\u00f1a an. Im Prinzip sind solche Podcasts ja nichts anderes als Radio \u00fcber das Internet. Aber durch die M\u00f6glichkeit zu bestimmten\u2026","rel":"","context":"In &quot;Radio&quot;","block_context":{"text":"Radio","link":"https:\/\/textundblog.de\/?cat=19"},"img":{"alt_text":"Podcast Radio Nacional de Espa\u00f1a","src":".\/wp-content\/rnepodcast.jpg","width":350,"height":200},"classes":[]},{"id":270,"url":"https:\/\/textundblog.de\/?p=270","url_meta":{"origin":551,"position":4},"title":"Radio Universidad de Guadalajara","author":"Markus","date":"6\/3\/2005","format":false,"excerpt":"Lust auf mexikanisches Radio? -> Radio Universidad de Guadalajara. Auf der Webseite oben links das gew\u00fcnschte \u00dcbertragungsformat ausw\u00e4hlen. Ich mag das Jingle \"M\u00fauuuuuuusica para despertar!\" (dt.: Musik zum Wachwerden)","rel":"","context":"In &quot;Internet&quot;","block_context":{"text":"Internet","link":"https:\/\/textundblog.de\/?cat=4"},"img":{"alt_text":"Radio Universidad de Guadalajara","src":".\/wp-content\/radioguadalajara.jpg","width":350,"height":200},"classes":[]},{"id":1508,"url":"https:\/\/textundblog.de\/?p=1508","url_meta":{"origin":551,"position":5},"title":"Blogspiel-Interview zu Twitter","author":"Markus","date":"17\/3\/2007","format":false,"excerpt":"In der Radiosendung Blogspiel (Deutschlandradio Kultur) erkl\u00e4rt Johannes Kleske (Blog: tautoko.info) die Faszination von Twitter. Twitter ist der n\u00e4chste gro\u00dfe Hype - mehr als ein neues Web 2.0-Spielzeug? Johannes Kleske, Media System Designer und Macher von Tautoko \u00fcber Twitter, Spaghetti kochen und das Ende der Blogger als Avantgarde. http:\/\/www.blogspiel.de\/fileadmin\/blogspiel\/Audios\/interview_johannes-kleske.mp3 Johannes\u2026","rel":"","context":"In &quot;Bluesky&quot;","block_context":{"text":"Bluesky","link":"https:\/\/textundblog.de\/?cat=33"},"img":{"alt_text":"twitter","src":"wp-content\/twitter.jpg","width":350,"height":200},"classes":[]}],"_links":{"self":[{"href":"https:\/\/textundblog.de\/index.php?rest_route=\/wp\/v2\/posts\/551","targetHints":{"allow":["GET"]}}],"collection":[{"href":"https:\/\/textundblog.de\/index.php?rest_route=\/wp\/v2\/posts"}],"about":[{"href":"https:\/\/textundblog.de\/index.php?rest_route=\/wp\/v2\/types\/post"}],"author":[{"embeddable":true,"href":"https:\/\/textundblog.de\/index.php?rest_route=\/wp\/v2\/users\/1"}],"replies":[{"embeddable":true,"href":"https:\/\/textundblog.de\/index.php?rest_route=%2Fwp%2Fv2%2Fcomments&post=551"}],"version-history":[{"count":0,"href":"https:\/\/textundblog.de\/index.php?rest_route=\/wp\/v2\/posts\/551\/revisions"}],"wp:attachment":[{"href":"https:\/\/textundblog.de\/index.php?rest_route=%2Fwp%2Fv2%2Fmedia&parent=551"}],"wp:term":[{"taxonomy":"category","embeddable":true,"href":"https:\/\/textundblog.de\/index.php?rest_route=%2Fwp%2Fv2%2Fcategories&post=551"},{"taxonomy":"post_tag","embeddable":true,"href":"https:\/\/textundblog.de\/index.php?rest_route=%2Fwp%2Fv2%2Ftags&post=551"}],"curies":[{"name":"wp","href":"https:\/\/api.w.org\/{rel}","templated":true}]}}