{"id":537,"date":"2005-08-23T16:40:55","date_gmt":"2005-08-23T14:40:55","guid":{"rendered":"http:\/\/textundblog.de\/?p=537"},"modified":"2005-08-23T16:41:08","modified_gmt":"2005-08-23T14:41:08","slug":"aktionstag-gefahrdung-des-nationalen-kulturguts","status":"publish","type":"post","link":"https:\/\/textundblog.de\/?p=537","title":{"rendered":"Aktionstag \u00abGef\u00e4hrdung des nationalen Kulturguts\u00bb"},"content":{"rendered":"<p>\u00bb<a href=\"http:\/\/www.netzeitung.de\/kultur\/354435.html\">Rund 60 Millionen Schriften droht Verfall<\/a>\u00ab meldet die netzeitung.<\/p>\n<blockquote><p>Nach Sch\u00e4tzungen sind rund 60 Millionen Schriften vom Verfall bedroht, nationales Kulturgut sei demnach gef\u00e4hrdet, so [Kulturstaatsministerin] Weiss. Am Aktionstag werden 70 Bibliotheken und Archive teilnehmen<\/p><\/blockquote>\n","protected":false},"excerpt":{"rendered":"<p>\u00bbRund 60 Millionen Schriften droht Verfall\u00ab meldet die netzeitung. Nach Sch\u00e4tzungen sind rund 60 Millionen Schriften vom Verfall bedroht, nationales Kulturgut sei demnach gef\u00e4hrdet, so [Kulturstaatsministerin] Weiss. Am Aktionstag werden 70 Bibliotheken und Archive teilnehmen<\/p>\n","protected":false},"author":1,"featured_media":0,"comment_status":"open","ping_status":"open","sticky":false,"template":"","format":"standard","meta":{"site-sidebar-layout":"default","site-content-layout":"","ast-site-content-layout":"default","site-content-style":"default","site-sidebar-style":"default","ast-global-header-display":"","ast-banner-title-visibility":"","ast-main-header-display":"","ast-hfb-above-header-display":"","ast-hfb-below-header-display":"","ast-hfb-mobile-header-display":"","site-post-title":"","ast-breadcrumbs-content":"","ast-featured-img":"","footer-sml-layout":"","theme-transparent-header-meta":"","adv-header-id-meta":"","stick-header-meta":"","header-above-stick-meta":"","header-main-stick-meta":"","header-below-stick-meta":"","astra-migrate-meta-layouts":"default","ast-page-background-enabled":"default","ast-page-background-meta":{"desktop":{"background-color":"var(--ast-global-color-4)","background-image":"","background-repeat":"repeat","background-position":"center center","background-size":"auto","background-attachment":"scroll","background-type":"","background-media":"","overlay-type":"","overlay-color":"","overlay-opacity":"","overlay-gradient":""},"tablet":{"background-color":"","background-image":"","background-repeat":"repeat","background-position":"center center","background-size":"auto","background-attachment":"scroll","background-type":"","background-media":"","overlay-type":"","overlay-color":"","overlay-opacity":"","overlay-gradient":""},"mobile":{"background-color":"","background-image":"","background-repeat":"repeat","background-position":"center center","background-size":"auto","background-attachment":"scroll","background-type":"","background-media":"","overlay-type":"","overlay-color":"","overlay-opacity":"","overlay-gradient":""}},"ast-content-background-meta":{"desktop":{"background-color":"var(--ast-global-color-5)","background-image":"","background-repeat":"repeat","background-position":"center center","background-size":"auto","background-attachment":"scroll","background-type":"","background-media":"","overlay-type":"","overlay-color":"","overlay-opacity":"","overlay-gradient":""},"tablet":{"background-color":"var(--ast-global-color-5)","background-image":"","background-repeat":"repeat","background-position":"center center","background-size":"auto","background-attachment":"scroll","background-type":"","background-media":"","overlay-type":"","overlay-color":"","overlay-opacity":"","overlay-gradient":""},"mobile":{"background-color":"var(--ast-global-color-5)","background-image":"","background-repeat":"repeat","background-position":"center center","background-size":"auto","background-attachment":"scroll","background-type":"","background-media":"","overlay-type":"","overlay-color":"","overlay-opacity":"","overlay-gradient":""}},"ngg_post_thumbnail":0,"jetpack_post_was_ever_published":false,"_jetpack_newsletter_access":"","_jetpack_dont_email_post_to_subs":false,"_jetpack_newsletter_tier_id":0,"_jetpack_memberships_contains_paywalled_content":false,"_jetpack_memberships_contains_paid_content":false,"footnotes":""},"categories":[11,9],"tags":[],"class_list":["post-537","post","type-post","status-publish","format-standard","hentry","category-literatur","category-politik"],"jetpack_featured_media_url":"","jetpack_sharing_enabled":true,"jetpack_shortlink":"https:\/\/wp.me\/p4uzZ-8F","jetpack-related-posts":[{"id":552,"url":"https:\/\/textundblog.de\/?p=552","url_meta":{"origin":537,"position":0},"title":"Aktion Lesezeichen &#8211; Bestandserhaltung Stabi Hamburg","author":"Markus","date":"30\/8\/2005","format":false,"excerpt":"Aktion Lesezeichen - Bestandsschutz in der Stabi 2.9.2005 - 1.10.2005 Foyer der Staats- und Universit\u00e4tsbibliothek Hamburg Mit der Ausstellung \"Aktion Lesezeichen: Schriftliches Kulturerbe sch\u00fctzen und bewahren - Bestandsschutz in der Staats- und Universit\u00e4tsbibliothek Hamburg Carl von Ossietzky\" beteiligt sich die Stabi an einem Aktionstag deutscher Bibliotheken und Archive, der anl\u00e4sslich\u2026","rel":"","context":"In &quot;Hamburg&quot;","block_context":{"text":"Hamburg","link":"https:\/\/textundblog.de\/?cat=15"},"img":{"alt_text":"Aktion Lesezeichen","src":".\/wp-content\/aktionlesezeichen.jpg","width":350,"height":200},"classes":[]},{"id":629,"url":"https:\/\/textundblog.de\/?p=629","url_meta":{"origin":537,"position":1},"title":"Dezentrales Netz f\u00fcr digitale EU-Kultur","author":"Markus","date":"10\/11\/2005","format":false,"excerpt":"Das Fraunhofer Institut f\u00fcr Integrierte Publikations- und Informationssyteme (IPSI) entwickelt ein dezentralisiertes Netzwerk f\u00fcr den Zugriff auf digitale Kulturg\u00fcter in Europa: Die Bewahrung nationalen und internationalen Kulturbesitzes wird durch die Digitalisierung von Werken und Werksverzeichnissen nicht automatisch sicherer. Was mit dem verheerenden Gro\u00dfbrand in der (konventionellen) Anna-Amalia-Bibliothek in Weimar im\u2026","rel":"","context":"In &quot;Artikel&quot;","block_context":{"text":"Artikel","link":"https:\/\/textundblog.de\/?cat=5"},"img":{"alt_text":"","src":"","width":0,"height":0},"classes":[]},{"id":571,"url":"https:\/\/textundblog.de\/?p=571","url_meta":{"origin":537,"position":2},"title":"Stabi Hamburg weist auf S\u00e4urefra\u00df hin","author":"Markus","date":"4\/10\/2005","format":false,"excerpt":"\u00abS\u00e4urefra\u00df bedroht Hamburger Kulturgut\u00bb, Artikel in DIE WELT. Acht Millionen B\u00fccher in den wissenschaftlichen Bibliotheken betroffen - Die Stabi f\u00fcrchtet um jeden dritten Band. [...] Betroffen sind nicht etwa die alten B\u00fccher aus dem 17. oder 18. Jahrhundert. Die Krankheitsgeschichte beginnt vielmehr mit der industriellen Produktion um 1840.","rel":"","context":"In &quot;Artikel&quot;","block_context":{"text":"Artikel","link":"https:\/\/textundblog.de\/?cat=5"},"img":{"alt_text":"","src":"","width":0,"height":0},"classes":[]},{"id":1510,"url":"https:\/\/textundblog.de\/?p=1510","url_meta":{"origin":537,"position":3},"title":"Aktionstag der Literatur\u00fcbersetzer auf der Leipziger Buchmesse","author":"Markus","date":"18\/3\/2007","format":false,"excerpt":"Wenn Verleger in der uns\u00e4glichen Debatte, ob denn \u00dcbersetzer ausreichend und gerecht f\u00fcr ihre Arbeit entlohnt werden, davon ausgehen, dass \u00dcbersetzungen f\u00fcr 'n Appel und 'n Ei zu haben sind, dann muss dieses Men\u00fc einmal deutlich thematisiert werden. Der Verband der deutschsprachigen Literatur\u00fcbersetzer (Vd\u00dc) tut dies, und zwar im Rahmen\u2026","rel":"","context":"In &quot;Literatur&quot;","block_context":{"text":"Literatur","link":"https:\/\/textundblog.de\/?cat=11"},"img":{"alt_text":"Aktionstag Leipziger Buchmesse","src":"https:\/\/i0.wp.com\/textundblog.de\/wp-content\/aktionstagbuchmesse.jpg?resize=350%2C200&ssl=1","width":350,"height":200,"srcset":"https:\/\/i0.wp.com\/textundblog.de\/wp-content\/aktionstagbuchmesse.jpg?resize=350%2C200&ssl=1 1x, https:\/\/i0.wp.com\/textundblog.de\/wp-content\/aktionstagbuchmesse.jpg?resize=525%2C300&ssl=1 1.5x"},"classes":[]},{"id":1874,"url":"https:\/\/textundblog.de\/?p=1874","url_meta":{"origin":537,"position":4},"title":"Stabi Hamburg k\u00e4mpft gegen Buchverfall","author":"Markus","date":"25\/10\/2007","format":false,"excerpt":"Gestern war auf arte bereits eindrucksvoll zu sehen (s. TV-Tipp), welche unwiederbringlichen Sch\u00e4den an wertvollem historischem Buchbestand das fruchtbare furchtbare (Update: danke Matthias f\u00fcr den Hinweis!) Feuer in der Anna-Amalia-Bibliothek in Weimar angerichtet hatte und was akribisch arbeitende Buchrestaurateure tun, um Sch\u00e4den an den aus dem Feuer geretteten B\u00fcchern wieder\u2026","rel":"","context":"In &quot;Hamburg&quot;","block_context":{"text":"Hamburg","link":"https:\/\/textundblog.de\/?cat=15"},"img":{"alt_text":"Auftaktbild aus dem Hamburg1-Beitrag 'Die Staatsbibliothek sucht Buchpaten'","src":"https:\/\/i0.wp.com\/textundblog.de\/wp-content\/buchpaten-scr-hh1.jpg?resize=350%2C200&ssl=1","width":350,"height":200},"classes":[]},{"id":3413,"url":"https:\/\/textundblog.de\/?p=3413","url_meta":{"origin":537,"position":5},"title":"Martin zeigt das Marteniza","author":"Markus","date":"2\/3\/2010","format":false,"excerpt":"Liebe Freunde (ein deutsch-bulgarisches Paar) haben mir zum 1. M\u00e4rz, getreu eines bulgarischen Brauches, ein Marteniza geschenkt - verbunden mit Gl\u00fcckw\u00fcnschen zu meiner Stelle in der Stabi. Ich bin hellauf begeistert. Martin, mein B\u00e4r mit dem passenden Namen zu diesem bulgarischen Kulturgut, h\u00e4lt es hier freundlicherweise in die Kamera, damit\u2026","rel":"","context":"In &quot;Foto&quot;","block_context":{"text":"Foto","link":"https:\/\/textundblog.de\/?cat=10"},"img":{"alt_text":"Martin zeigt das Marteniza","src":"https:\/\/i0.wp.com\/textundblog.de\/wp-content\/marteniza.jpg?resize=350%2C200&ssl=1","width":350,"height":200},"classes":[]}],"_links":{"self":[{"href":"https:\/\/textundblog.de\/index.php?rest_route=\/wp\/v2\/posts\/537","targetHints":{"allow":["GET"]}}],"collection":[{"href":"https:\/\/textundblog.de\/index.php?rest_route=\/wp\/v2\/posts"}],"about":[{"href":"https:\/\/textundblog.de\/index.php?rest_route=\/wp\/v2\/types\/post"}],"author":[{"embeddable":true,"href":"https:\/\/textundblog.de\/index.php?rest_route=\/wp\/v2\/users\/1"}],"replies":[{"embeddable":true,"href":"https:\/\/textundblog.de\/index.php?rest_route=%2Fwp%2Fv2%2Fcomments&post=537"}],"version-history":[{"count":0,"href":"https:\/\/textundblog.de\/index.php?rest_route=\/wp\/v2\/posts\/537\/revisions"}],"wp:attachment":[{"href":"https:\/\/textundblog.de\/index.php?rest_route=%2Fwp%2Fv2%2Fmedia&parent=537"}],"wp:term":[{"taxonomy":"category","embeddable":true,"href":"https:\/\/textundblog.de\/index.php?rest_route=%2Fwp%2Fv2%2Fcategories&post=537"},{"taxonomy":"post_tag","embeddable":true,"href":"https:\/\/textundblog.de\/index.php?rest_route=%2Fwp%2Fv2%2Ftags&post=537"}],"curies":[{"name":"wp","href":"https:\/\/api.w.org\/{rel}","templated":true}]}}