{"id":5091,"date":"2012-11-06T13:26:33","date_gmt":"2012-11-06T12:26:33","guid":{"rendered":"http:\/\/textundblog.de\/?p=5091"},"modified":"2012-11-07T19:50:50","modified_gmt":"2012-11-07T18:50:50","slug":"michael-stephens-learning-everywhere","status":"publish","type":"post","link":"https:\/\/textundblog.de\/?p=5091","title":{"rendered":"Michael Stephens: \u00abLearning Everywhere\u00bb (Vortrag &#038; Folien)"},"content":{"rendered":"<p><iframe loading=\"lazy\" src=\"http:\/\/player.vimeo.com\/video\/52883259?portrait=0&amp;badge=0&amp;color=ffffff\" width=\"500\" height=\"375\" frameborder=\"0\" webkitAllowFullScreen mozallowfullscreen allowFullScreen><\/iframe> <\/p>\n<p><a href=\"http:\/\/vimeo.com\/52883259\">Michael Stephens &#8222;Learning Everywhere&#8220;<\/a> from <a href=\"http:\/\/vimeo.com\/user5597583\">Zukunftswerkstatt<\/a> on <a href=\"http:\/\/vimeo.com\">Vimeo<\/a>.<\/p>\n<p>Wer <a href=\"http:\/\/tametheweb.com\/\">Michael Stephens<\/a> &#8211; so wie ich &#8211; bei seinem Vortrag am 26.10.2012 an der <a href=\"http:\/\/www.tub.tu-harburg.de\/blog\/2012\/10\/03\/michael-stephens-an-der-tuhh\/\">TU Hamburg Harburg<\/a> verpasst hat, kann es hier nachholen und seinen auf- und ausgezeichneten Vortrag <em>Learning everywhere<\/em> nachschauen.<\/p>\n<p>Hier noch die Folien:<\/p>\n<p><iframe loading=\"lazy\" src=\"http:\/\/de.slideshare.net\/slideshow\/embed_code\/14946932\" width=\"500\" height=\"416\" frameborder=\"0\" marginwidth=\"0\" marginheight=\"0\" scrolling=\"no\" style=\"border:1px solid #CCC;border-width:1px 1px 0;margin-bottom:5px\" allowfullscreen webkitallowfullscreen mozallowfullscreen> <\/iframe> <\/p>\n<div style=\"margin-bottom:5px\"> <strong> <a href=\"http:\/\/de.slideshare.net\/mstephens7\/learning-everywhere-germany\" title=\"Learning Everywhere (Germany)\" target=\"_blank\">Learning Everywhere (Germany)<\/a> <\/strong> from <strong><a href=\"http:\/\/de.slideshare.net\/mstephens7\" target=\"_blank\">Michael Stephens<\/a><\/strong> <\/div>\n<p>Von Michael Stephens, dessen Arbeit ich sehr sch\u00e4tze, war hier schon einmal die Rede und zwar anl\u00e4sslich seines Besuches in der Stabi: <a href=\"https:\/\/textundblog.de\/?p=3430\">Michael Stephens: Bibliotheksangebote nutz(bar mach)en<\/a>.<\/p>\n","protected":false},"excerpt":{"rendered":"<p>Michael Stephens &#8222;Learning Everywhere&#8220; from Zukunftswerkstatt on Vimeo. Wer Michael Stephens &#8211; so wie ich &#8211; bei seinem Vortrag am 26.10.2012 an der TU Hamburg Harburg verpasst hat, kann es hier nachholen und seinen auf- und ausgezeichneten Vortrag Learning everywhere nachschauen. Hier noch die Folien: Learning Everywhere (Germany) from Michael Stephens Von Michael Stephens, dessen [&hellip;]<\/p>\n","protected":false},"author":1,"featured_media":0,"comment_status":"open","ping_status":"open","sticky":false,"template":"","format":"standard","meta":{"site-sidebar-layout":"default","site-content-layout":"","ast-site-content-layout":"default","site-content-style":"default","site-sidebar-style":"default","ast-global-header-display":"","ast-banner-title-visibility":"","ast-main-header-display":"","ast-hfb-above-header-display":"","ast-hfb-below-header-display":"","ast-hfb-mobile-header-display":"","site-post-title":"","ast-breadcrumbs-content":"","ast-featured-img":"","footer-sml-layout":"","theme-transparent-header-meta":"","adv-header-id-meta":"","stick-header-meta":"","header-above-stick-meta":"","header-main-stick-meta":"","header-below-stick-meta":"","astra-migrate-meta-layouts":"default","ast-page-background-enabled":"default","ast-page-background-meta":{"desktop":{"background-color":"var(--ast-global-color-4)","background-image":"","background-repeat":"repeat","background-position":"center center","background-size":"auto","background-attachment":"scroll","background-type":"","background-media":"","overlay-type":"","overlay-color":"","overlay-opacity":"","overlay-gradient":""},"tablet":{"background-color":"","background-image":"","background-repeat":"repeat","background-position":"center center","background-size":"auto","background-attachment":"scroll","background-type":"","background-media":"","overlay-type":"","overlay-color":"","overlay-opacity":"","overlay-gradient":""},"mobile":{"background-color":"","background-image":"","background-repeat":"repeat","background-position":"center center","background-size":"auto","background-attachment":"scroll","background-type":"","background-media":"","overlay-type":"","overlay-color":"","overlay-opacity":"","overlay-gradient":""}},"ast-content-background-meta":{"desktop":{"background-color":"var(--ast-global-color-5)","background-image":"","background-repeat":"repeat","background-position":"center center","background-size":"auto","background-attachment":"scroll","background-type":"","background-media":"","overlay-type":"","overlay-color":"","overlay-opacity":"","overlay-gradient":""},"tablet":{"background-color":"var(--ast-global-color-5)","background-image":"","background-repeat":"repeat","background-position":"center center","background-size":"auto","background-attachment":"scroll","background-type":"","background-media":"","overlay-type":"","overlay-color":"","overlay-opacity":"","overlay-gradient":""},"mobile":{"background-color":"var(--ast-global-color-5)","background-image":"","background-repeat":"repeat","background-position":"center center","background-size":"auto","background-attachment":"scroll","background-type":"","background-media":"","overlay-type":"","overlay-color":"","overlay-opacity":"","overlay-gradient":""}},"ngg_post_thumbnail":0,"jetpack_post_was_ever_published":false,"_jetpack_newsletter_access":"","_jetpack_dont_email_post_to_subs":false,"_jetpack_newsletter_tier_id":0,"_jetpack_memberships_contains_paywalled_content":false,"_jetpack_memberships_contains_paid_content":false,"footnotes":""},"categories":[16,11],"tags":[],"class_list":["post-5091","post","type-post","status-publish","format-standard","hentry","category-informationskompetenz","category-literatur"],"jetpack_featured_media_url":"","jetpack_sharing_enabled":true,"jetpack_shortlink":"https:\/\/wp.me\/p4uzZ-1k7","jetpack-related-posts":[{"id":3430,"url":"https:\/\/textundblog.de\/?p=3430","url_meta":{"origin":5091,"position":0},"title":"Michael Stephens: Bibliotheksangebote nutz(bar mach)en","author":"Markus","date":"12\/3\/2010","format":false,"excerpt":"The Hyperlinked Community LibraryView more presentations from Michael Stephens. Im Rahmen einer Mitarbeiter-Fortbildung hatten wir vor zwei Tagen Michael Stephens an der Stabi Hamburg zu Gast. Michael ist nicht nur ein brillanter Redner (selten so eine gute Kombi aus Information & Entertainment gesehen), sondern ein ausgewiesener Experte f\u00fcr modernes Bibliothekswesen,\u2026","rel":"","context":"In &quot;Hamburg&quot;","block_context":{"text":"Hamburg","link":"https:\/\/textundblog.de\/?cat=15"},"img":{"alt_text":"Michael Stephens beim Vortrag in der Stabi Hamburg: Connect. Collaborate. Create.","src":"https:\/\/i0.wp.com\/textundblog.de\/wp-content\/mstephensconnect.jpg?resize=350%2C200&ssl=1","width":350,"height":200},"classes":[]},{"id":6336,"url":"https:\/\/textundblog.de\/?p=6336","url_meta":{"origin":5091,"position":1},"title":"Mein Vortrag in K\u00f6ln: Weltbrand 1914 \u2013 App der Stabi Hamburg zum 1. Weltkrieg","author":"Markus","date":"2\/10\/2014","format":false,"excerpt":"Weltbrand 1914 \u2013 App der Stabi Hamburg zum 1. Weltkrieg from Markus Trapp Bin gerade aus K\u00f6ln von der Jahrestagung der Spezialbibliotheken der Bundeswehr zur\u00fcckgekommen, wo ich gestern die App der Stabi Hamburg zum Ersten Weltkrieg und die \u00d6ffentlichkeitsarbeit zu \u00abWeltbrand 1914\u00bb vor 70 TeilnehmerInnen (Leitungspersonal der deutschen Spezialbibliotheken der\u2026","rel":"","context":"In &quot;Literatur&quot;","block_context":{"text":"Literatur","link":"https:\/\/textundblog.de\/?cat=11"},"img":{"alt_text":"","src":"https:\/\/i0.wp.com\/textundblog.de\/wp-content\/weltbrand-vortrag.jpg?resize=350%2C200&ssl=1","width":350,"height":200,"srcset":"https:\/\/i0.wp.com\/textundblog.de\/wp-content\/weltbrand-vortrag.jpg?resize=350%2C200&ssl=1 1x, https:\/\/i0.wp.com\/textundblog.de\/wp-content\/weltbrand-vortrag.jpg?resize=525%2C300&ssl=1 1.5x"},"classes":[]},{"id":5218,"url":"https:\/\/textundblog.de\/?p=5218","url_meta":{"origin":5091,"position":2},"title":"Neben Social Media jetzt auch Fachreferent in der Stabi","author":"Markus","date":"13\/1\/2013","format":false,"excerpt":"Ich werde oft gefragt \u00abWas machst Du eigentlich genau in der Bibliothek?\u00bb. Ich nehme diese Frage und ein paar aktuelle Ver\u00e4nderungen in meinem Job mal zum Anlass, eine neu hinzugekommene Aufgabe kurz vorzustellen und \u2013 keine Angst: ebenfalls kurz \u2013 einen \u00dcberblick zu geben, was ich sonst noch so alles\u2026","rel":"","context":"In &quot;Hamburg&quot;","block_context":{"text":"Hamburg","link":"https:\/\/textundblog.de\/?cat=15"},"img":{"alt_text":"","src":"https:\/\/i0.wp.com\/textundblog.de\/wp-content\/fi-paedagogik.jpg?resize=350%2C200&ssl=1","width":350,"height":200},"classes":[]},{"id":2146,"url":"https:\/\/textundblog.de\/?p=2146","url_meta":{"origin":5091,"position":3},"title":"Michael Batz im Lichthof der Stabi","author":"Markus","date":"15\/4\/2008","format":false,"excerpt":"Erinnert ihr euch noch an die Blue Goals? Die blauen Tore, mit denen die Hansestadt w\u00e4hrend der letzten WM \u00fcberstrahlt wurde? Aufgestellt hatte sie der Lichtk\u00fcnstler Michael Batz. Und kein Geringerer kommt morgen in den Lichthof der Stabi, um diesen mit einem inszenierten Festvortrag feierlich zu er\u00f6ffnen. Ich bin ja\u2026","rel":"","context":"In &quot;Hamburg&quot;","block_context":{"text":"Hamburg","link":"https:\/\/textundblog.de\/?cat=15"},"img":{"alt_text":"Michael Batz: Abendkleid und Nachtgestalt","src":"https:\/\/i0.wp.com\/textundblog.de\/wp-content\/michaelbatzstabi.jpg?resize=350%2C200&ssl=1","width":350,"height":200},"classes":[]},{"id":6655,"url":"https:\/\/textundblog.de\/?p=6655","url_meta":{"origin":5091,"position":4},"title":"Bibliothekartag in N\u00fcrnberg &#8211; Von Geeks, Freaks und Change in Bibliotheken","author":"Markus","date":"30\/5\/2015","format":false,"excerpt":"Gestern aus N\u00fcrnberg zur\u00fcckgekommen. Das Fazit des 104. Bibliothekartages, an dem in der Zeit vom 26. - 29 Mai 3.815 \u00fcberwiegend als Bibliothekswesen einzuordnende Menschen teilgenommen haben (Quelle), habe ich noch im ICE auf der R\u00fcckfahrt in einem Tweet zum Ausdruck gebracht: https:\/\/twitter.com\/textundblog\/status\/604248793480056832 Mein pers\u00f6nliches Highlight war der Vortrag des\u2026","rel":"","context":"In &quot;Bluesky&quot;","block_context":{"text":"Bluesky","link":"https:\/\/textundblog.de\/?cat=33"},"img":{"alt_text":"Top 10 der Twitterer in N\u00fcrnberg","src":"https:\/\/i0.wp.com\/textundblog.de\/wp-content\/twitterer-nuernberg.jpg?resize=350%2C200&ssl=1","width":350,"height":200},"classes":[]},{"id":8672,"url":"https:\/\/textundblog.de\/?p=8672","url_meta":{"origin":5091,"position":5},"title":"Bibliotheken im Zeitalter der Digitalisierung &#8211; Mein Vortrag in M\u00fcnster","author":"Markus","date":"21\/7\/2018","format":false,"excerpt":"Diese Woche habe ich auf Einladung von Prof. Strosetzki am Romanischen Seminar der Universit\u00e4t M\u00fcnster einen Vortrag gehalten \u00fcber das Thema \"Bibliotheken im Zeitalter der Digitalisierung\". \"Ein weites Feld!\" w\u00fcrde der Vater von Effie Briest (Quelle) sagen, und nicht nur der. Nat\u00fcrlich konnte ich nur auf einige wenige Aspekte eingehen\u2026","rel":"","context":"In &quot;Hamburg&quot;","block_context":{"text":"Hamburg","link":"https:\/\/textundblog.de\/?cat=15"},"img":{"alt_text":"","src":"https:\/\/i0.wp.com\/textundblog.de\/wp-content\/digitalisierung-bibliotheken-startfolie-1024x768.jpg?resize=350%2C200&ssl=1","width":350,"height":200,"srcset":"https:\/\/i0.wp.com\/textundblog.de\/wp-content\/digitalisierung-bibliotheken-startfolie-1024x768.jpg?resize=350%2C200&ssl=1 1x, https:\/\/i0.wp.com\/textundblog.de\/wp-content\/digitalisierung-bibliotheken-startfolie-1024x768.jpg?resize=525%2C300&ssl=1 1.5x, https:\/\/i0.wp.com\/textundblog.de\/wp-content\/digitalisierung-bibliotheken-startfolie-1024x768.jpg?resize=700%2C400&ssl=1 2x"},"classes":[]}],"_links":{"self":[{"href":"https:\/\/textundblog.de\/index.php?rest_route=\/wp\/v2\/posts\/5091","targetHints":{"allow":["GET"]}}],"collection":[{"href":"https:\/\/textundblog.de\/index.php?rest_route=\/wp\/v2\/posts"}],"about":[{"href":"https:\/\/textundblog.de\/index.php?rest_route=\/wp\/v2\/types\/post"}],"author":[{"embeddable":true,"href":"https:\/\/textundblog.de\/index.php?rest_route=\/wp\/v2\/users\/1"}],"replies":[{"embeddable":true,"href":"https:\/\/textundblog.de\/index.php?rest_route=%2Fwp%2Fv2%2Fcomments&post=5091"}],"version-history":[{"count":0,"href":"https:\/\/textundblog.de\/index.php?rest_route=\/wp\/v2\/posts\/5091\/revisions"}],"wp:attachment":[{"href":"https:\/\/textundblog.de\/index.php?rest_route=%2Fwp%2Fv2%2Fmedia&parent=5091"}],"wp:term":[{"taxonomy":"category","embeddable":true,"href":"https:\/\/textundblog.de\/index.php?rest_route=%2Fwp%2Fv2%2Fcategories&post=5091"},{"taxonomy":"post_tag","embeddable":true,"href":"https:\/\/textundblog.de\/index.php?rest_route=%2Fwp%2Fv2%2Ftags&post=5091"}],"curies":[{"name":"wp","href":"https:\/\/api.w.org\/{rel}","templated":true}]}}