{"id":4929,"date":"2012-09-05T11:33:43","date_gmt":"2012-09-05T09:33:43","guid":{"rendered":"http:\/\/textundblog.de\/?p=4929"},"modified":"2012-09-12T11:28:36","modified_gmt":"2012-09-12T09:28:36","slug":"joachim-jungius-der-zellelkasten-des-doktors-ausstellung-uber-einen-vordenker","status":"publish","type":"post","link":"https:\/\/textundblog.de\/?p=4929","title":{"rendered":"Joachim Jungius &#8211; Der Zettelkasten des Doktors &#8211; Ausstellung \u00fcber einen Vordenker"},"content":{"rendered":"<p><a href=\"https:\/\/i0.wp.com\/textundblog.de\/wp-content\/jungius-nachlass-gr.jpg?ssl=1\"><img data-recalc-dims=\"1\" loading=\"lazy\" decoding=\"async\" data-attachment-id=\"4930\" data-permalink=\"https:\/\/textundblog.de\/?attachment_id=4930\" data-orig-file=\"https:\/\/i0.wp.com\/textundblog.de\/wp-content\/jungius-nachlass.jpg?fit=500%2C375&amp;ssl=1\" data-orig-size=\"500,375\" data-comments-opened=\"1\" data-image-meta=\"{&quot;aperture&quot;:&quot;0&quot;,&quot;credit&quot;:&quot;&quot;,&quot;camera&quot;:&quot;&quot;,&quot;caption&quot;:&quot;&quot;,&quot;created_timestamp&quot;:&quot;0&quot;,&quot;copyright&quot;:&quot;&quot;,&quot;focal_length&quot;:&quot;0&quot;,&quot;iso&quot;:&quot;0&quot;,&quot;shutter_speed&quot;:&quot;0&quot;,&quot;title&quot;:&quot;&quot;}\" data-image-title=\"Vitrine mit einem Teil des Nachlasses von Jungius\" data-image-description=\"\" data-image-caption=\"\" data-large-file=\"https:\/\/i0.wp.com\/textundblog.de\/wp-content\/jungius-nachlass.jpg?fit=500%2C375&amp;ssl=1\" src=\"https:\/\/i0.wp.com\/textundblog.de\/wp-content\/jungius-nachlass.jpg?resize=500%2C375&#038;ssl=1\" alt=\"Vitrine mit einem Teil des Nachlasses von Jungius\" title=\"Vitrine mit einem Teil des Nachlasses von Jungius\" width=\"500\" height=\"375\" class=\"alignnone size-full wp-image-4930\" srcset=\"https:\/\/i0.wp.com\/textundblog.de\/wp-content\/jungius-nachlass.jpg?w=500&amp;ssl=1 500w, https:\/\/i0.wp.com\/textundblog.de\/wp-content\/jungius-nachlass.jpg?resize=300%2C225&amp;ssl=1 300w\" sizes=\"auto, (max-width: 500px) 100vw, 500px\" \/><\/a><\/p>\n<p>Heute er\u00f6ffnen wir in der Stabi die lange und <a href=\"https:\/\/textundblog.de\/?p=4833\">mit Spannung<\/a> erwartete Jungius-Ausstellung. Eben beim Aufbau habe ich obiges Foto geschossen. Finde es h\u00f6chst beeindruckend, was die Stabi da mit dem Nachlass<footnote>Meinel, Christoph (1992): Die Bibliothek des Joachim Jungius: ein Beitrag zur Historia litteraria der fr\u00fchen Neuzeit. Auch <a href=\"http:\/\/epub.uni-regensburg.de\/13313\/\">online<\/a> zug\u00e4nglich.<\/footnote> von Joachim Jungius f\u00fcr einen Schatz hat. 50.000 einzelne Dokumente sind von dem, was der Wissenschaftler in seinem Leben (1587 \u2013 1657) angesammelt hat, erhalten. Ein wahrer Zettelkasten voller Gedanken zur Wissenschaft und zur Didaktik. Deshalb hei\u00dft die Ausstellung auch \u00ab<a href=\"http:\/\/blog.sub.uni-hamburg.de\/?p=8736\">Joachim Jungius: Der Zettelkasten des Doktors<\/a>\u00bb (zu sehen ab heute Abend bis zum 28.10.2012).<\/p>\n<p>Was mich an diesem gro\u00dfartigen Bestand, der \u00fcbrigens in einem gro\u00df angelegten Digitalisierungsprojekt der \u00d6ffentlichkeit zug\u00e4nglich gemacht werden wird, am meisten fasziniert: wie aktuell die Gedanken Jungius&#8216; waren, und wie er mit seinen Schriften heutige Diskussionen im Netz quasi vorweg genommen hat. <!--more-->Man nehme nur <a href=\"http:\/\/www.spiegel.de\/netzwelt\/web\/sascha-lobo-das-internet-ist-nicht-schuld-a-853752.html\">Sascha Lobos Hinweis<\/a>, dass wir alle in der Pflicht sind, den digitalen Graben zwischen Netznutzern und Netzverweigerern nicht gr\u00f6\u00dfer werden zu lassen, oder das wunderbare Zitat aus dem Text von Biochem Belle (The expanding multiverse of the scientific community: new media for communication, <a href=\"http:\/\/www.asbmb.org\/asbmbtoday\/asbmbtoday_article.aspx?id=17900\">ASBMB today<\/a>):<\/p>\n<blockquote><p>The way scientists are sharing via social media is not so different from what scientists have been doing for centuries.<\/p><\/blockquote>\n<p>\u2026 und vergleiche dies mit einem in der Ausstellung aufgeh\u00e4ngten Zitat von Jungius:<\/p>\n<p><a href=\"https:\/\/i0.wp.com\/textundblog.de\/wp-content\/zitat-jungius.jpg?ssl=1\"><img data-recalc-dims=\"1\" loading=\"lazy\" decoding=\"async\" data-attachment-id=\"4932\" data-permalink=\"https:\/\/textundblog.de\/?attachment_id=4932\" data-orig-file=\"https:\/\/i0.wp.com\/textundblog.de\/wp-content\/zitat-jungius.jpg?fit=500%2C375&amp;ssl=1\" data-orig-size=\"500,375\" data-comments-opened=\"1\" data-image-meta=\"{&quot;aperture&quot;:&quot;0&quot;,&quot;credit&quot;:&quot;&quot;,&quot;camera&quot;:&quot;&quot;,&quot;caption&quot;:&quot;&quot;,&quot;created_timestamp&quot;:&quot;0&quot;,&quot;copyright&quot;:&quot;&quot;,&quot;focal_length&quot;:&quot;0&quot;,&quot;iso&quot;:&quot;0&quot;,&quot;shutter_speed&quot;:&quot;0&quot;,&quot;title&quot;:&quot;&quot;}\" data-image-title=\"Zitat Jungius\" data-image-description=\"\" data-image-caption=\"\" data-large-file=\"https:\/\/i0.wp.com\/textundblog.de\/wp-content\/zitat-jungius.jpg?fit=500%2C375&amp;ssl=1\" src=\"https:\/\/i0.wp.com\/textundblog.de\/wp-content\/zitat-jungius.jpg?resize=500%2C375&#038;ssl=1\" alt=\"Zitat Jungius\" title=\"Zitat Jungius\" width=\"500\" height=\"375\" class=\"alignnone size-full wp-image-4932\" srcset=\"https:\/\/i0.wp.com\/textundblog.de\/wp-content\/zitat-jungius.jpg?w=500&amp;ssl=1 500w, https:\/\/i0.wp.com\/textundblog.de\/wp-content\/zitat-jungius.jpg?resize=300%2C225&amp;ssl=1 300w\" sizes=\"auto, (max-width: 500px) 100vw, 500px\" \/><\/a><\/p>\n<blockquote><p>Wir verdenken es niemandem, dass er unsere Mittel nicht versteht oder dass er noch etwas daran zweifelt, weil das Vorhaben so hoch und gro\u00df ist. Aber das strafen wir, dass sich wenig finden, die ernsthaft danach trachten, durch rechte Mittel zu unseren Lehrmitteln zu kommen.<\/p><\/blockquote>\n<p>Heute kommunizieren moderne Wissenschaftler ganz selbstverst\u00e4ndlich auch im Netz (per E-Mail, in Blogs, Wikis und via weiterer Social Media Tools), fr\u00fcher haben sie sich Briefe geschrieben. Gl\u00fccklicherweise sind auch zahlreiche Briefe von und an Jungius erhalten und in der Ausstellung dokumentiert und inhaltlich kommentiert (was gerade bei den lateinischen von Vorteil ist, damit sie sich auch den nicht des Lateinischen M\u00e4chtigen erschlie\u00dfen):<\/p>\n<p><a href=\"https:\/\/i0.wp.com\/textundblog.de\/wp-content\/jungius-brief-gr.jpg?ssl=1\"><img data-recalc-dims=\"1\" loading=\"lazy\" decoding=\"async\" data-attachment-id=\"4933\" data-permalink=\"https:\/\/textundblog.de\/?attachment_id=4933\" data-orig-file=\"https:\/\/i0.wp.com\/textundblog.de\/wp-content\/jungius-brief.jpg?fit=500%2C667&amp;ssl=1\" data-orig-size=\"500,667\" data-comments-opened=\"1\" data-image-meta=\"{&quot;aperture&quot;:&quot;0&quot;,&quot;credit&quot;:&quot;&quot;,&quot;camera&quot;:&quot;&quot;,&quot;caption&quot;:&quot;&quot;,&quot;created_timestamp&quot;:&quot;0&quot;,&quot;copyright&quot;:&quot;&quot;,&quot;focal_length&quot;:&quot;0&quot;,&quot;iso&quot;:&quot;0&quot;,&quot;shutter_speed&quot;:&quot;0&quot;,&quot;title&quot;:&quot;&quot;}\" data-image-title=\"Brief Jungius\" data-image-description=\"\" data-image-caption=\"\" data-large-file=\"https:\/\/i0.wp.com\/textundblog.de\/wp-content\/jungius-brief.jpg?fit=500%2C667&amp;ssl=1\" src=\"https:\/\/i0.wp.com\/textundblog.de\/wp-content\/jungius-brief.jpg?resize=500%2C667&#038;ssl=1\" alt=\"Brief Jungius\" title=\"Brief Jungius\" width=\"500\" height=\"667\" class=\"alignnone size-full wp-image-4933\" srcset=\"https:\/\/i0.wp.com\/textundblog.de\/wp-content\/jungius-brief.jpg?w=500&amp;ssl=1 500w, https:\/\/i0.wp.com\/textundblog.de\/wp-content\/jungius-brief.jpg?resize=224%2C300&amp;ssl=1 224w\" sizes=\"auto, (max-width: 500px) 100vw, 500px\" \/><\/a><\/p>\n<p>Also ich kann nur allen empfehlen, sich diese Ausstellung anzuschauen. Wer Zeit hat kommt am besten gleich heute Abend um 18h zur <a href=\"http:\/\/blog.sub.uni-hamburg.de\/?p=8736#er\">Er\u00f6ffnung<\/a>, oder schaut bis zum 28. Oktober in der Stabi (<a href=\"http:\/\/www.sub.uni-hamburg.de\/bibliotheken\/portrait\/organisation\/wegbeschreibung.html\">Wegbeschreibung<\/a>) vorbei. \u00d6ffnungszeiten: Mo-Fr 9-21 Uhr, Sa\/So 10-18h.<\/p>\n<p>Dann k\u00f6nnt ihr auch weitere Zitate von Jungius entdecken\u2026<\/p>\n<p><img data-recalc-dims=\"1\" loading=\"lazy\" decoding=\"async\" data-attachment-id=\"4931\" data-permalink=\"https:\/\/textundblog.de\/?attachment_id=4931\" data-orig-file=\"https:\/\/i0.wp.com\/textundblog.de\/wp-content\/jungius-didakt-ordnung.jpg?fit=500%2C375&amp;ssl=1\" data-orig-size=\"500,375\" data-comments-opened=\"1\" data-image-meta=\"{&quot;aperture&quot;:&quot;0&quot;,&quot;credit&quot;:&quot;&quot;,&quot;camera&quot;:&quot;&quot;,&quot;caption&quot;:&quot;&quot;,&quot;created_timestamp&quot;:&quot;0&quot;,&quot;copyright&quot;:&quot;&quot;,&quot;focal_length&quot;:&quot;0&quot;,&quot;iso&quot;:&quot;0&quot;,&quot;shutter_speed&quot;:&quot;0&quot;,&quot;title&quot;:&quot;&quot;}\" data-image-title=\"Jungius: H\u00f6chstes Gebot der didaktischen Ordnung\u2026\" data-image-description=\"\" data-image-caption=\"\" data-large-file=\"https:\/\/i0.wp.com\/textundblog.de\/wp-content\/jungius-didakt-ordnung.jpg?fit=500%2C375&amp;ssl=1\" src=\"https:\/\/i0.wp.com\/textundblog.de\/wp-content\/jungius-didakt-ordnung.jpg?resize=500%2C375&#038;ssl=1\" alt=\"Jungius: H\u00f6chstes Gebot der didaktischen Ordnung\u2026\" title=\"Jungius: H\u00f6chstes Gebot der didaktischen Ordnung\u2026\" width=\"500\" height=\"375\" class=\"alignnone size-full wp-image-4931\" srcset=\"https:\/\/i0.wp.com\/textundblog.de\/wp-content\/jungius-didakt-ordnung.jpg?w=500&amp;ssl=1 500w, https:\/\/i0.wp.com\/textundblog.de\/wp-content\/jungius-didakt-ordnung.jpg?resize=300%2C225&amp;ssl=1 300w\" sizes=\"auto, (max-width: 500px) 100vw, 500px\" \/><\/p>\n<p>\u2026 und dieses ganz besonders beeindruckende Schmuckst\u00fcck bestaunen: die mit Siegeln ausgestattete Doktor-Urkunde von Jungius:<\/p>\n<p><a href=\"https:\/\/i0.wp.com\/textundblog.de\/wp-content\/jungius-doktorarb-gr.jpg?ssl=1\"><img data-recalc-dims=\"1\" loading=\"lazy\" decoding=\"async\" data-attachment-id=\"4935\" data-permalink=\"https:\/\/textundblog.de\/?attachment_id=4935\" data-orig-file=\"https:\/\/i0.wp.com\/textundblog.de\/wp-content\/jungius-doktorarb.jpg?fit=500%2C667&amp;ssl=1\" data-orig-size=\"500,667\" data-comments-opened=\"1\" data-image-meta=\"{&quot;aperture&quot;:&quot;0&quot;,&quot;credit&quot;:&quot;&quot;,&quot;camera&quot;:&quot;&quot;,&quot;caption&quot;:&quot;&quot;,&quot;created_timestamp&quot;:&quot;0&quot;,&quot;copyright&quot;:&quot;&quot;,&quot;focal_length&quot;:&quot;0&quot;,&quot;iso&quot;:&quot;0&quot;,&quot;shutter_speed&quot;:&quot;0&quot;,&quot;title&quot;:&quot;&quot;}\" data-image-title=\"Doktorarbeit von Joachim Jungius (1619)\" data-image-description=\"\" data-image-caption=\"\" data-large-file=\"https:\/\/i0.wp.com\/textundblog.de\/wp-content\/jungius-doktorarb.jpg?fit=500%2C667&amp;ssl=1\" src=\"https:\/\/i0.wp.com\/textundblog.de\/wp-content\/jungius-doktorarb.jpg?resize=500%2C667&#038;ssl=1\" alt=\"Doktor-Urkunde von Joachim Jungius (1619)\" title=\"Doktor-Urkunde von Joachim Jungius (1619)\" width=\"500\" height=\"667\" class=\"alignnone size-full wp-image-4935\" srcset=\"https:\/\/i0.wp.com\/textundblog.de\/wp-content\/jungius-doktorarb.jpg?w=500&amp;ssl=1 500w, https:\/\/i0.wp.com\/textundblog.de\/wp-content\/jungius-doktorarb.jpg?resize=224%2C300&amp;ssl=1 224w\" sizes=\"auto, (max-width: 500px) 100vw, 500px\" \/><\/a><\/p>\n","protected":false},"excerpt":{"rendered":"<p>Heute er\u00f6ffnen wir in der Stabi die lange und mit Spannung erwartete Jungius-Ausstellung. Eben beim Aufbau habe ich obiges Foto geschossen. Finde es h\u00f6chst beeindruckend, was die Stabi da mit dem NachlassMeinel, Christoph (1992): Die Bibliothek des Joachim Jungius: ein Beitrag zur Historia litteraria der fr\u00fchen Neuzeit. Auch online zug\u00e4nglich. von Joachim Jungius f\u00fcr einen [&hellip;]<\/p>\n","protected":false},"author":1,"featured_media":0,"comment_status":"open","ping_status":"open","sticky":false,"template":"","format":"standard","meta":{"site-sidebar-layout":"default","site-content-layout":"","ast-site-content-layout":"default","site-content-style":"default","site-sidebar-style":"default","ast-global-header-display":"","ast-banner-title-visibility":"","ast-main-header-display":"","ast-hfb-above-header-display":"","ast-hfb-below-header-display":"","ast-hfb-mobile-header-display":"","site-post-title":"","ast-breadcrumbs-content":"","ast-featured-img":"","footer-sml-layout":"","theme-transparent-header-meta":"","adv-header-id-meta":"","stick-header-meta":"","header-above-stick-meta":"","header-main-stick-meta":"","header-below-stick-meta":"","astra-migrate-meta-layouts":"default","ast-page-background-enabled":"default","ast-page-background-meta":{"desktop":{"background-color":"var(--ast-global-color-4)","background-image":"","background-repeat":"repeat","background-position":"center center","background-size":"auto","background-attachment":"scroll","background-type":"","background-media":"","overlay-type":"","overlay-color":"","overlay-opacity":"","overlay-gradient":""},"tablet":{"background-color":"","background-image":"","background-repeat":"repeat","background-position":"center center","background-size":"auto","background-attachment":"scroll","background-type":"","background-media":"","overlay-type":"","overlay-color":"","overlay-opacity":"","overlay-gradient":""},"mobile":{"background-color":"","background-image":"","background-repeat":"repeat","background-position":"center center","background-size":"auto","background-attachment":"scroll","background-type":"","background-media":"","overlay-type":"","overlay-color":"","overlay-opacity":"","overlay-gradient":""}},"ast-content-background-meta":{"desktop":{"background-color":"var(--ast-global-color-5)","background-image":"","background-repeat":"repeat","background-position":"center center","background-size":"auto","background-attachment":"scroll","background-type":"","background-media":"","overlay-type":"","overlay-color":"","overlay-opacity":"","overlay-gradient":""},"tablet":{"background-color":"var(--ast-global-color-5)","background-image":"","background-repeat":"repeat","background-position":"center center","background-size":"auto","background-attachment":"scroll","background-type":"","background-media":"","overlay-type":"","overlay-color":"","overlay-opacity":"","overlay-gradient":""},"mobile":{"background-color":"var(--ast-global-color-5)","background-image":"","background-repeat":"repeat","background-position":"center center","background-size":"auto","background-attachment":"scroll","background-type":"","background-media":"","overlay-type":"","overlay-color":"","overlay-opacity":"","overlay-gradient":""}},"ngg_post_thumbnail":0,"jetpack_post_was_ever_published":false,"_jetpack_newsletter_access":"","_jetpack_dont_email_post_to_subs":false,"_jetpack_newsletter_tier_id":0,"_jetpack_memberships_contains_paywalled_content":false,"_jetpack_memberships_contains_paid_content":false,"footnotes":""},"categories":[15,11],"tags":[],"class_list":["post-4929","post","type-post","status-publish","format-standard","hentry","category-hamburg","category-literatur"],"jetpack_featured_media_url":"","jetpack_sharing_enabled":true,"jetpack_shortlink":"https:\/\/wp.me\/p4uzZ-1hv","jetpack-related-posts":[{"id":4833,"url":"https:\/\/textundblog.de\/?p=4833","url_meta":{"origin":4929,"position":0},"title":"Ein Buch aus Holz","author":"Markus","date":"5\/8\/2012","format":false,"excerpt":"B\u00fccher werden, wenn sie keine E-Books sind, aus Papier gemacht, das wiederum bekanntlich aus Holz gewonnen wird. Um so eindringlicher erscheint mir dieses um die 400 Jahre alte Buch, sieht es doch aus wie ein Holzscheit. Jene Aufnahme habe ich diese Woche mit meiner Olympus XZ1 im Handschriftensaal der Stabi\u2026","rel":"","context":"In &quot;Foto&quot;","block_context":{"text":"Foto","link":"https:\/\/textundblog.de\/?cat=10"},"img":{"alt_text":"Ein Buch aus Holz","src":"https:\/\/i0.wp.com\/textundblog.de\/wp-content\/buch-holz.jpg?resize=350%2C200&ssl=1","width":350,"height":200},"classes":[]},{"id":1868,"url":"https:\/\/textundblog.de\/?p=1868","url_meta":{"origin":4929,"position":1},"title":"Er\u00f6ffnung der Linga-Ausstellung","author":"Markus","date":"22\/10\/2007","format":false,"excerpt":"Morgen Abend wird die bereits erw\u00e4hnte Ausstellung \u00fcber die Linga-Bibliothek in der Stabi Hamburg er\u00f6ffnet. Hier seht ihr schon einmal ein Foto des damals siebzehnj\u00e4hrigen Carl Robert Linga, der sich in so jugendlichem Alter bereits von Altona nach Mexiko aufmachte, jahrzehntelang voller Leidenschaft wahre B\u00fcchersch\u00e4tze ansammelte, um sie dann im\u2026","rel":"","context":"In &quot;Foto&quot;","block_context":{"text":"Foto","link":"https:\/\/textundblog.de\/?cat=10"},"img":{"alt_text":"Carl Robert Linga als 17-J\u00e4hriger","src":"https:\/\/i0.wp.com\/textundblog.de\/wp-content\/carllinga17.jpg?resize=350%2C200&ssl=1","width":350,"height":200},"classes":[]},{"id":5143,"url":"https:\/\/textundblog.de\/?p=5143","url_meta":{"origin":4929,"position":2},"title":"beluga: Bibliothekskatalog sch\u00f6ner und mobiler","author":"Markus","date":"4\/12\/2012","format":false,"excerpt":"Bibliothekskataloge werden von vielen Nutzern als h\u00e4sslich empfunden. Und als wenig funktionial. In erster Linie kommt es nat\u00fcrlich immer darauf an, WAS man darin findet. Aber auch die Tatsache, WIE einem das Gefundene pr\u00e4sentiert wird, hat eine hohe Bedeutung. In einer Rechercheumgebung, die wenig ansprechend gestaltet ist, mag sich eine\u2026","rel":"","context":"In &quot;Informationskompetenz&quot;","block_context":{"text":"Informationskompetenz","link":"https:\/\/textundblog.de\/?cat=16"},"img":{"alt_text":"OPAC-Recherche nach Joachim Jungius","src":"https:\/\/i0.wp.com\/textundblog.de\/wp-content\/opac-jungius.jpg?resize=350%2C200&ssl=1","width":350,"height":200},"classes":[]},{"id":9034,"url":"https:\/\/textundblog.de\/?p=9034","url_meta":{"origin":4929,"position":3},"title":"Niklas Luhmanns Zettelk\u00e4sten online","author":"Markus","date":"13\/4\/2019","format":false,"excerpt":"Weil damit ein Wahnsinnsprojekt seinen Online-Gang verk\u00fcndet, geht der Tweet der Woche an das @LuhmannArchiv: https:\/\/twitter.com\/luhmannarchiv\/status\/1115148179517923328?s=21 Aus der im Tweet verlinkten Quelle Soziopolis: Zwar ist er [Niklas Luhmann] noch lange nicht vollst\u00e4ndig erschlossen, doch k\u00f6nnen die digitalisierten Anf\u00e4nge von Luhmanns Verzettelung der Welt jetzt von jedem Computerbildschirm der Welt aus\u2026","rel":"","context":"In &quot;Bluesky&quot;","block_context":{"text":"Bluesky","link":"https:\/\/textundblog.de\/?cat=33"},"img":{"alt_text":"Tweet der Woche","src":"wp-images\/tweetderwoche2-200x96.jpg","width":350,"height":200},"classes":[]},{"id":147,"url":"https:\/\/textundblog.de\/?p=147","url_meta":{"origin":4929,"position":4},"title":"Rahmenprogramm LOve &#038; MOtion","author":"Markus","date":"10\/1\/2005","format":false,"excerpt":"Wie bereits angek\u00fcndigt, findet n\u00e4chste Woche (19.01.05, 18 Uhr) die Urauff\u00fchrung von \"LOve & MOtion\" auf dem Max Oph\u00fcls Festival statt. Zum Dokumentarfilm \u00fcber die Entstehung der Lomographie gibt es auch ein Rahmenprogramm, das der Lomographische Botschafter aus Berlin, Joachim Trapp, organisiert. Im Foyer des Cinestar wird eine kleine Ausstellung\u2026","rel":"","context":"In &quot;Foto&quot;","block_context":{"text":"Foto","link":"https:\/\/textundblog.de\/?cat=10"},"img":{"alt_text":"LOve & MOtion","src":".\/wp-content\/panoramadrehk.jpg","width":350,"height":200,"srcset":".\/wp-content\/panoramadrehk.jpg 1x, .\/wp-content\/panoramadrehk.jpg 1.5x"},"classes":[]},{"id":5421,"url":"https:\/\/textundblog.de\/?p=5421","url_meta":{"origin":4929,"position":5},"title":"Vortragsabende Ausstellung B\u00fccherverbrennung","author":"Markus","date":"6\/6\/2013","format":false,"excerpt":"Zur im Mai bereits ausf\u00fchrlich vorgestellten Ausstellung \u00ab80 Jahre B\u00fccherverbrennung in Hamburg\u00bb gibt es ab morgen in der Stabi jeden Freitag im Juni um 19 Uhr einen interessanten Vortragsabend. Es wird jeweils ein Schicksal von AutorInnen, deren B\u00fccher von den Nazis verbrannt wurden, n\u00e4her vorgestellt. Eine gute Gelegenheit, \u00fcber die\u2026","rel":"","context":"In &quot;Hamburg&quot;","block_context":{"text":"Hamburg","link":"https:\/\/textundblog.de\/?cat=15"},"img":{"alt_text":"","src":"https:\/\/i0.wp.com\/textundblog.de\/wp-content\/bucherverbr-veranst-3er-kl.jpg?resize=350%2C200&ssl=1","width":350,"height":200},"classes":[]}],"_links":{"self":[{"href":"https:\/\/textundblog.de\/index.php?rest_route=\/wp\/v2\/posts\/4929","targetHints":{"allow":["GET"]}}],"collection":[{"href":"https:\/\/textundblog.de\/index.php?rest_route=\/wp\/v2\/posts"}],"about":[{"href":"https:\/\/textundblog.de\/index.php?rest_route=\/wp\/v2\/types\/post"}],"author":[{"embeddable":true,"href":"https:\/\/textundblog.de\/index.php?rest_route=\/wp\/v2\/users\/1"}],"replies":[{"embeddable":true,"href":"https:\/\/textundblog.de\/index.php?rest_route=%2Fwp%2Fv2%2Fcomments&post=4929"}],"version-history":[{"count":0,"href":"https:\/\/textundblog.de\/index.php?rest_route=\/wp\/v2\/posts\/4929\/revisions"}],"wp:attachment":[{"href":"https:\/\/textundblog.de\/index.php?rest_route=%2Fwp%2Fv2%2Fmedia&parent=4929"}],"wp:term":[{"taxonomy":"category","embeddable":true,"href":"https:\/\/textundblog.de\/index.php?rest_route=%2Fwp%2Fv2%2Fcategories&post=4929"},{"taxonomy":"post_tag","embeddable":true,"href":"https:\/\/textundblog.de\/index.php?rest_route=%2Fwp%2Fv2%2Ftags&post=4929"}],"curies":[{"name":"wp","href":"https:\/\/api.w.org\/{rel}","templated":true}]}}