{"id":456,"date":"2005-07-15T17:16:48","date_gmt":"2005-07-15T15:16:48","guid":{"rendered":"http:\/\/textundblog.de\/?p=456"},"modified":"2005-07-15T21:54:17","modified_gmt":"2005-07-15T19:54:17","slug":"456","status":"publish","type":"post","link":"https:\/\/textundblog.de\/?p=456","title":{"rendered":"Triunfo Digital"},"content":{"rendered":"<p><a href=\"http:\/\/www.triunfodigital.com\/mostrador.php?a%F1o=XVII&#038;num=1&#038;imagen=1&#038;fecha=1962-06-09\"><img loading=\"lazy\" decoding=\"async\" src=\".\/wp-content\/triunfo.jpg\" width=\"111\" height=\"140\" alt=\"Triunfo 1962 - Brigitte Bardot\" title=\"Triunfo 1962 - Brigitte Bardot\" \/><\/a><a href=\"http:\/\/www.triunfodigital.com\/mostrador.php?a%F1o=XVII&#038;num=4&#038;imagen=76&#038;fecha=1962-06-30\"><img loading=\"lazy\" decoding=\"async\" src=\".\/wp-content\/triunfo2.jpg\" width=\"111\" height=\"140\" alt=\"Triunfo 1962 - Kessler Zwillinge\" title=\"Triunfo 1962 - Kessler Zwillinge\" \/><\/a><\/p>\n<blockquote><p>Triunfo Digital es, de hecho, la reaparici\u00f3n p\u00fablica de la revista que en los a\u00f1os 60 y 70 represent\u00f3 las ideas y la cultura de la izquierda de nuestro pa\u00eds. Con Triunfo Digital regresa, pues, el s\u00edmbolo de la resistencia intelectual al franquismo.<\/p><\/blockquote>\n<p>&#8222;<a href=\"http:\/\/www.triunfodigital.com\/\">Triunfo Digital<\/a>&#8220; ist ein sich noch im Aufbau befindliches beachtenswertes Digitaliserungsprojekt in Zusammenarbeit mit der Universit\u00e4t Salamanca: Geleitet vom ehemaligen Herausgeber der Zeitschrift &#8222;Triunfo&#8220;, Jos\u00e9 \u00c1ngel Ezcurra, arbeitet ein flei\u00dfiges Team an der Digitalisierung aller 911 (!) Ausgaben der wichtigen Kulturzeitschrift, erschienen zw. Juni 1962 und Juli\/August 1982. Eine wahre Fundgrube, nicht nur was den Themenschwerpunkt Kino und Theater angeht, sondern auch eine Schatztruhe der Zeitgeschichte. Geniale Werbe- und Sittengeschichte der 60er und 70er Jahre.<br \/>\nDie enorme gesellschaftspolitische Bedeutung von &#8222;Triunfo&#8220; verdeutlichen auch die regelm\u00e4\u00dfigen Kolumnen von <a href=\"http:\/\/www.vespito.net\/mvm\/triunfo.html\">Manuel V\u00e1zquez Montalb\u00e1n<\/a>, die 1971 in dem Buch &#8222;Cr\u00f3nica sentimental de Espa\u00f1a&#8220; zusammengefasst wurden.<br \/>\nKuriosit\u00e4t am Rande aus der Ausgabe von Juni 1962 : Vorstellung der neuen Polydor-Platte der <a href=\"http:\/\/www.triunfodigital.com\/mostrador.php?a%F1o=XVII&#038;num=4&#038;imagen=76&#038;fecha=1962-06-30\">Gemelas Keissler<\/a>, gemeint sind die <a href=\"http:\/\/de.wikipedia.org\/wiki\/Kessler-Zwillinge\">Kessler-Zwillinge<\/a>.<br \/>\n[via <a href=\"http:\/\/jamillan.com\/lbblog6.htm\">blog de Libros y bitios<\/a>]<\/p>\n","protected":false},"excerpt":{"rendered":"<p>Triunfo Digital es, de hecho, la reaparici\u00f3n p\u00fablica de la revista que en los a\u00f1os 60 y 70 represent\u00f3 las ideas y la cultura de la izquierda de nuestro pa\u00eds. Con Triunfo Digital regresa, pues, el s\u00edmbolo de la resistencia intelectual al franquismo. &#8222;Triunfo Digital&#8220; ist ein sich noch im Aufbau befindliches beachtenswertes Digitaliserungsprojekt in [&hellip;]<\/p>\n","protected":false},"author":1,"featured_media":0,"comment_status":"open","ping_status":"open","sticky":false,"template":"","format":"standard","meta":{"site-sidebar-layout":"default","site-content-layout":"","ast-site-content-layout":"default","site-content-style":"default","site-sidebar-style":"default","ast-global-header-display":"","ast-banner-title-visibility":"","ast-main-header-display":"","ast-hfb-above-header-display":"","ast-hfb-below-header-display":"","ast-hfb-mobile-header-display":"","site-post-title":"","ast-breadcrumbs-content":"","ast-featured-img":"","footer-sml-layout":"","theme-transparent-header-meta":"","adv-header-id-meta":"","stick-header-meta":"","header-above-stick-meta":"","header-main-stick-meta":"","header-below-stick-meta":"","astra-migrate-meta-layouts":"default","ast-page-background-enabled":"default","ast-page-background-meta":{"desktop":{"background-color":"var(--ast-global-color-4)","background-image":"","background-repeat":"repeat","background-position":"center center","background-size":"auto","background-attachment":"scroll","background-type":"","background-media":"","overlay-type":"","overlay-color":"","overlay-opacity":"","overlay-gradient":""},"tablet":{"background-color":"","background-image":"","background-repeat":"repeat","background-position":"center center","background-size":"auto","background-attachment":"scroll","background-type":"","background-media":"","overlay-type":"","overlay-color":"","overlay-opacity":"","overlay-gradient":""},"mobile":{"background-color":"","background-image":"","background-repeat":"repeat","background-position":"center center","background-size":"auto","background-attachment":"scroll","background-type":"","background-media":"","overlay-type":"","overlay-color":"","overlay-opacity":"","overlay-gradient":""}},"ast-content-background-meta":{"desktop":{"background-color":"var(--ast-global-color-5)","background-image":"","background-repeat":"repeat","background-position":"center center","background-size":"auto","background-attachment":"scroll","background-type":"","background-media":"","overlay-type":"","overlay-color":"","overlay-opacity":"","overlay-gradient":""},"tablet":{"background-color":"var(--ast-global-color-5)","background-image":"","background-repeat":"repeat","background-position":"center center","background-size":"auto","background-attachment":"scroll","background-type":"","background-media":"","overlay-type":"","overlay-color":"","overlay-opacity":"","overlay-gradient":""},"mobile":{"background-color":"var(--ast-global-color-5)","background-image":"","background-repeat":"repeat","background-position":"center center","background-size":"auto","background-attachment":"scroll","background-type":"","background-media":"","overlay-type":"","overlay-color":"","overlay-opacity":"","overlay-gradient":""}},"ngg_post_thumbnail":0,"jetpack_post_was_ever_published":false,"_jetpack_newsletter_access":"","_jetpack_dont_email_post_to_subs":false,"_jetpack_newsletter_tier_id":0,"_jetpack_memberships_contains_paywalled_content":false,"_jetpack_memberships_contains_paid_content":false,"footnotes":""},"categories":[11,8],"tags":[],"class_list":["post-456","post","type-post","status-publish","format-standard","hentry","category-literatur","category-spanisch"],"jetpack_featured_media_url":"","jetpack_sharing_enabled":true,"jetpack_shortlink":"https:\/\/wp.me\/s4uzZ-456","jetpack-related-posts":[{"id":1014,"url":"https:\/\/textundblog.de\/?p=1014","url_meta":{"origin":456,"position":0},"title":"Wer soll unsere B\u00fccher digitalisieren?","author":"Markus","date":"23\/6\/2006","format":false,"excerpt":"Zwei spanische Tageszeitungen widmen sich in diesen Tagen dem Thema Digitalisierung von Literatur. La Vanguardia: \u00abGoogle quiere 'sacar del limbo' a los libros olvidados\u00bb. Hier \u00e4u\u00dfert sich Marco Marinucci von Google Book Search. La idea de Google Book es \"integrar y compartir el conocimiento de la humanidad\" al digitalizarlo y\u2026","rel":"","context":"In &quot;Literatur&quot;","block_context":{"text":"Literatur","link":"https:\/\/textundblog.de\/?cat=11"},"img":{"alt_text":"","src":"","width":0,"height":0},"classes":[]},{"id":1041,"url":"https:\/\/textundblog.de\/?p=1041","url_meta":{"origin":456,"position":1},"title":"Der Journalist als Informationskonsument","author":"Markus","date":"3\/7\/2006","format":false,"excerpt":"Foto: photocase.com Prof. Margarethe Steinberger von der brasilianischen Universit\u00e4t \u00abPontif\u00edcia Universidade Cat\u00f3lica de S\u00e3o Paulo\u00bb hat einen lesenswerten spanischsprachigen Artikel \u00fcber den modernen Journalismus ver\u00f6ffentlicht: \u00abEl periodista como consumidor de informaci\u00f3n en la econom\u00eda de las representaci\u00f3nes digitales\u00bb (dt: Der Journalist als Informationskonsument in Zeiten digitaler Wissensressourcen). Dort hei\u00dft es\u2026","rel":"","context":"In &quot;Artikel&quot;","block_context":{"text":"Artikel","link":"https:\/\/textundblog.de\/?cat=5"},"img":{"alt_text":"Symbolbild digitale Ressourcen","src":"https:\/\/i0.wp.com\/www.textundblog.de\/wp-content\/platine.jpg?resize=350%2C200","width":350,"height":200},"classes":[]},{"id":1324,"url":"https:\/\/textundblog.de\/?p=1324","url_meta":{"origin":456,"position":2},"title":"Triunfo Digital &#8211; Archiv zu Film und Politik","author":"Markus","date":"27\/11\/2006","format":false,"excerpt":"\u00dcber die Planungen zur Digitalisierung der spanischen Zeitschrift \u00abTriunfo\u00bb habe ich bereits vor \u00fcber einem Jahr auf \u00abText & Blog\u00bb berichtet. Heute stellt \u00abEl Pa\u00eds\u00bb (die leider immer noch nicht verlinken k\u00f6nnen !) seinen Online-Lesern das mittlerweile bis zum Jahrgang 1976 komplett digitalisierte Archiv der Filmzeitschrift vor, die in den\u2026","rel":"","context":"In &quot;Artikel&quot;","block_context":{"text":"Artikel","link":"https:\/\/textundblog.de\/?cat=5"},"img":{"alt_text":"Triunfo Digital: Tristana","src":".\/wp-content\/triunfodigitalbunuel.jpg","width":350,"height":200},"classes":[]},{"id":1297,"url":"https:\/\/textundblog.de\/?p=1297","url_meta":{"origin":456,"position":3},"title":"Spanische Studie zur Medienkonvergenz","author":"Markus","date":"16\/11\/2006","format":false,"excerpt":"Jos\u00e9 Luis Orihuela, profunder Kenner der spanischen Medien, und Autor des Blogs eCuaderno k\u00fcndigt eine umfassende Studie zur Medienkonvergenz in Spanien an: \u00abEstudiando la convergencia en los medios\u00bb: Un conjunto de grupos de investigaci\u00f3n de diversas universidades espa\u00f1olas estamos estudiando la \u00abConvergencia digital en los medios de comunicaci\u00f3n\u00bb en Espa\u00f1a.\u2026","rel":"","context":"In &quot;Internet&quot;","block_context":{"text":"Internet","link":"https:\/\/textundblog.de\/?cat=4"},"img":{"alt_text":"","src":"","width":0,"height":0},"classes":[]},{"id":707,"url":"https:\/\/textundblog.de\/?p=707","url_meta":{"origin":456,"position":4},"title":"6 Jahre Biblioteca Virtual Miguel de Cervantes","author":"Markus","date":"10\/1\/2006","format":false,"excerpt":"El Pa\u00eds-Interiew mit Juan Manuel Abascal, dem Direktor der \u00abBiblioteca Virtual Miguel de Cervantes\u00bb: \u00abLos autores perciben ya que las bibliotecas virtuales no son una amenaza\u00bb. Dort \u00e4u\u00dfert er sich \u00fcber die zur\u00fcckliegenden sechs Jahre der Virtuellen Bibliothek, \u00fcber aktuelle Digitalisierungsfortschritte, \u00fcber Urheberrechte und die erfolgreichsten Digitalisate der Biblioteca Virtual:\u2026","rel":"","context":"In &quot;Artikel&quot;","block_context":{"text":"Artikel","link":"https:\/\/textundblog.de\/?cat=5"},"img":{"alt_text":"","src":"","width":0,"height":0},"classes":[]},{"id":922,"url":"https:\/\/textundblog.de\/?p=922","url_meta":{"origin":456,"position":5},"title":"Buch \u00fcber die spanischsprachige Blogosph\u00e4re","author":"Markus","date":"25\/4\/2006","format":false,"excerpt":"B\u00fccher \u00fcber Blogs gibt es mittlerweile viele, nicht alle halten, was sie versprechen, dieses - \u00fcber die spanischsprachige Blogosph\u00e4re - verspricht viel, mal sehen, was es h\u00e4lt. So verk\u00fcndet die das Buch \u00abLa blogosfera hispana: pioneros de la cultura digital\u00bb (wow, was f\u00fcr ein Titel!) herausgebende Fundaci\u00f3n France Telecom Espa\u00f1a:\u2026","rel":"","context":"In &quot;Internet&quot;","block_context":{"text":"Internet","link":"https:\/\/textundblog.de\/?cat=4"},"img":{"alt_text":"La blogosfera hispana: pioneros de la cultura digital","src":"https:\/\/i0.wp.com\/www.textundblog.de\/wp-content\/blogosfera.jpg?resize=350%2C200","width":350,"height":200},"classes":[]}],"_links":{"self":[{"href":"https:\/\/textundblog.de\/index.php?rest_route=\/wp\/v2\/posts\/456","targetHints":{"allow":["GET"]}}],"collection":[{"href":"https:\/\/textundblog.de\/index.php?rest_route=\/wp\/v2\/posts"}],"about":[{"href":"https:\/\/textundblog.de\/index.php?rest_route=\/wp\/v2\/types\/post"}],"author":[{"embeddable":true,"href":"https:\/\/textundblog.de\/index.php?rest_route=\/wp\/v2\/users\/1"}],"replies":[{"embeddable":true,"href":"https:\/\/textundblog.de\/index.php?rest_route=%2Fwp%2Fv2%2Fcomments&post=456"}],"version-history":[{"count":0,"href":"https:\/\/textundblog.de\/index.php?rest_route=\/wp\/v2\/posts\/456\/revisions"}],"wp:attachment":[{"href":"https:\/\/textundblog.de\/index.php?rest_route=%2Fwp%2Fv2%2Fmedia&parent=456"}],"wp:term":[{"taxonomy":"category","embeddable":true,"href":"https:\/\/textundblog.de\/index.php?rest_route=%2Fwp%2Fv2%2Fcategories&post=456"},{"taxonomy":"post_tag","embeddable":true,"href":"https:\/\/textundblog.de\/index.php?rest_route=%2Fwp%2Fv2%2Ftags&post=456"}],"curies":[{"name":"wp","href":"https:\/\/api.w.org\/{rel}","templated":true}]}}