{"id":4460,"date":"2011-12-29T12:11:11","date_gmt":"2011-12-29T11:11:11","guid":{"rendered":"http:\/\/textundblog.de\/?p=4460"},"modified":"2011-12-29T12:17:33","modified_gmt":"2011-12-29T11:17:33","slug":"reportage-zum-aufstand-in-syrien-heimlich-in-homs","status":"publish","type":"post","link":"https:\/\/textundblog.de\/?p=4460","title":{"rendered":"ARD-Reportage zum Aufstand in Syrien: Heimlich in Homs"},"content":{"rendered":"<p>2011 wird als Jahr der Aufst\u00e4nde gegen dikatorische Regime in die Geschichte eingehen. Tunesiens Ben Ali, \u00c4ggyptens Mubarak und Libyens Muammar al-Gaddafi sind \u2013 zum Gl\u00fcck f\u00fcr ihr von ihnen befreites Volk \u2013 Geschichte. Die Frankfurter Rundschau spricht von <a href=\"http:\/\/www.fr-online.de\/panorama\/jahresrueckblick-2011-die-diktatorendaemmerung,1472782,11361926.html\">Diktatorend\u00e4mmerung<\/a>. Doch Syriens Diktator Assad geh\u00f6rt bisher noch nicht zu der Reihe der beseitigten Diktatoren. Mit unfassbarer Gewalt geht er mit dem Milit\u00e4r gegen sein eigenes Volk vor. <\/p>\n<p><a href=\"http:\/\/www.ardmediathek.de\/ard\/servlet\/content\/3517136?documentId=9135936\"><img data-recalc-dims=\"1\" loading=\"lazy\" decoding=\"async\" data-attachment-id=\"4461\" data-permalink=\"https:\/\/textundblog.de\/?attachment_id=4461\" data-orig-file=\"https:\/\/i0.wp.com\/textundblog.de\/wp-content\/homs-syrien2.jpg?fit=500%2C313&amp;ssl=1\" data-orig-size=\"500,313\" data-comments-opened=\"1\" data-image-meta=\"{&quot;aperture&quot;:&quot;0&quot;,&quot;credit&quot;:&quot;&quot;,&quot;camera&quot;:&quot;&quot;,&quot;caption&quot;:&quot;&quot;,&quot;created_timestamp&quot;:&quot;0&quot;,&quot;copyright&quot;:&quot;&quot;,&quot;focal_length&quot;:&quot;0&quot;,&quot;iso&quot;:&quot;0&quot;,&quot;shutter_speed&quot;:&quot;0&quot;,&quot;title&quot;:&quot;&quot;}\" data-image-title=\"homs-syrien2\" data-image-description=\"\" data-image-caption=\"\" data-large-file=\"https:\/\/i0.wp.com\/textundblog.de\/wp-content\/homs-syrien2.jpg?fit=500%2C313&amp;ssl=1\" src=\"https:\/\/i0.wp.com\/textundblog.de\/wp-content\/homs-syrien2.jpg?resize=500%2C313&#038;ssl=1\" alt=\"Desertierer Offizier in Homs\" title=\"Desertierer Offizier in Homs\" width=\"500\" height=\"313\" class=\"alignnone size-full wp-image-4461\" srcset=\"https:\/\/i0.wp.com\/textundblog.de\/wp-content\/homs-syrien2.jpg?w=500&amp;ssl=1 500w, https:\/\/i0.wp.com\/textundblog.de\/wp-content\/homs-syrien2.jpg?resize=300%2C187&amp;ssl=1 300w\" sizes=\"auto, (max-width: 500px) 100vw, 500px\" \/><\/a><\/p>\n<p>Die ARD hat gestern Abend eine Reportage gesendet, bei der sich Reporter des SWR und des NDR in die von den Aufst\u00e4ndischen bisher erfolgreich gegen die Scharfsch\u00fctzen der Regierung verteidigten Bezirke eingeschleust haben. Wer sieht, wie die Menschen sich mit einfachsten Mitteln und unter Einsatz ihres Lebens dem diktatorischen System zu Wehr setzen, ahnt, dass auch ein Ende des Systems Assad kommen wird. Hoffentlich folgen dem im Film desertieren Offizier (s. Abb. oben), der sich auf die Seite der Aufst\u00e4ndischen geschlagen hat, noch weitere. Ehe noch mehr unschuldige Menschen ihr Leben verlieren. Aus Syrien zu berichten wird f\u00fcr ausl\u00e4ndische Journalisten immer schwieriger. Daher ist die gezeigte Reportage um so wichtiger. Unbedingt anschauen:<br \/>\n<a href=\"http:\/\/www.ardmediathek.de\/ard\/servlet\/content\/3517136?documentId=9135936\">Heimlich in Homs &#8211; Im Herzen des syrischen Aufstands<\/a>:<\/p>\n<blockquote><p>\nUnerkannt gelangen wir in die syrische Stadt Homs und haben die Gelegenheit, uns &#8222;under cover&#8220; einige Tage lang ein Bild vom syrischen Aufstand zu machen. Aufst\u00e4ndische haben uns in die Stadt geschleust. Sie kontrollieren einige Viertel. In anderen haben die Regierungstruppen Scharfsch\u00fctzen auf den D\u00e4chern postiert. Wir erleben, wie sich beide Seiten Gefechte liefern. Die Rebellenk\u00e4mpfer werden von \u00fcbergelaufenen Soldaten angef\u00fchrt. Einige Deserteure erkl\u00e4ren uns ihre Beweggr\u00fcnde, erz\u00e4hlen den Aufstand aus ihrer Sicht.<\/p><\/blockquote>\n<p><a href=\"http:\/\/www.ardmediathek.de\/ard\/servlet\/content\/3517136?documentId=9135936\"><img data-recalc-dims=\"1\" loading=\"lazy\" decoding=\"async\" data-attachment-id=\"4462\" data-permalink=\"https:\/\/textundblog.de\/?attachment_id=4462\" data-orig-file=\"https:\/\/i0.wp.com\/textundblog.de\/wp-content\/homs-syrien.jpg?fit=500%2C288&amp;ssl=1\" data-orig-size=\"500,288\" data-comments-opened=\"1\" data-image-meta=\"{&quot;aperture&quot;:&quot;0&quot;,&quot;credit&quot;:&quot;&quot;,&quot;camera&quot;:&quot;&quot;,&quot;caption&quot;:&quot;&quot;,&quot;created_timestamp&quot;:&quot;0&quot;,&quot;copyright&quot;:&quot;&quot;,&quot;focal_length&quot;:&quot;0&quot;,&quot;iso&quot;:&quot;0&quot;,&quot;shutter_speed&quot;:&quot;0&quot;,&quot;title&quot;:&quot;&quot;}\" data-image-title=\"homs-syrien\" data-image-description=\"\" data-image-caption=\"\" data-large-file=\"https:\/\/i0.wp.com\/textundblog.de\/wp-content\/homs-syrien.jpg?fit=500%2C288&amp;ssl=1\" src=\"https:\/\/i0.wp.com\/textundblog.de\/wp-content\/homs-syrien.jpg?resize=500%2C288&#038;ssl=1\" alt=\"Mit Panzerfaust beschossene Wohnung in Homs\" title=\"Mit Panzerfaust beschossene Wohnung in Homs\" width=\"500\" height=\"288\" class=\"alignnone size-full wp-image-4462\" srcset=\"https:\/\/i0.wp.com\/textundblog.de\/wp-content\/homs-syrien.jpg?w=500&amp;ssl=1 500w, https:\/\/i0.wp.com\/textundblog.de\/wp-content\/homs-syrien.jpg?resize=300%2C172&amp;ssl=1 300w\" sizes=\"auto, (max-width: 500px) 100vw, 500px\" \/><\/a><\/p>\n<p>Wer keine Zeit f\u00fcr den knapp 14-min\u00fctigen heimlich gefilmten Bericht hat, kann alternativ den Kurzbeitrag aus den gestrigen <a href=\"http:\/\/www.tagesschau.de\/ausland\/syrien972.html\">Tagesthemen<\/a> (3,5 Minuten) nachschauen.<\/p>\n<p>[via <a href=\"https:\/\/twitter.com\/#!\/baranek\/statuses\/152333440635772929\">@baranek<\/a>]<\/p>\n","protected":false},"excerpt":{"rendered":"<p>2011 wird als Jahr der Aufst\u00e4nde gegen dikatorische Regime in die Geschichte eingehen. Tunesiens Ben Ali, \u00c4ggyptens Mubarak und Libyens Muammar al-Gaddafi sind \u2013 zum Gl\u00fcck f\u00fcr ihr von ihnen befreites Volk \u2013 Geschichte. Die Frankfurter Rundschau spricht von Diktatorend\u00e4mmerung. Doch Syriens Diktator Assad geh\u00f6rt bisher noch nicht zu der Reihe der beseitigten Diktatoren. Mit [&hellip;]<\/p>\n","protected":false},"author":1,"featured_media":0,"comment_status":"open","ping_status":"open","sticky":false,"template":"","format":"standard","meta":{"site-sidebar-layout":"default","site-content-layout":"","ast-site-content-layout":"default","site-content-style":"default","site-sidebar-style":"default","ast-global-header-display":"","ast-banner-title-visibility":"","ast-main-header-display":"","ast-hfb-above-header-display":"","ast-hfb-below-header-display":"","ast-hfb-mobile-header-display":"","site-post-title":"","ast-breadcrumbs-content":"","ast-featured-img":"","footer-sml-layout":"","theme-transparent-header-meta":"","adv-header-id-meta":"","stick-header-meta":"","header-above-stick-meta":"","header-main-stick-meta":"","header-below-stick-meta":"","astra-migrate-meta-layouts":"default","ast-page-background-enabled":"default","ast-page-background-meta":{"desktop":{"background-color":"var(--ast-global-color-4)","background-image":"","background-repeat":"repeat","background-position":"center center","background-size":"auto","background-attachment":"scroll","background-type":"","background-media":"","overlay-type":"","overlay-color":"","overlay-opacity":"","overlay-gradient":""},"tablet":{"background-color":"","background-image":"","background-repeat":"repeat","background-position":"center center","background-size":"auto","background-attachment":"scroll","background-type":"","background-media":"","overlay-type":"","overlay-color":"","overlay-opacity":"","overlay-gradient":""},"mobile":{"background-color":"","background-image":"","background-repeat":"repeat","background-position":"center center","background-size":"auto","background-attachment":"scroll","background-type":"","background-media":"","overlay-type":"","overlay-color":"","overlay-opacity":"","overlay-gradient":""}},"ast-content-background-meta":{"desktop":{"background-color":"var(--ast-global-color-5)","background-image":"","background-repeat":"repeat","background-position":"center center","background-size":"auto","background-attachment":"scroll","background-type":"","background-media":"","overlay-type":"","overlay-color":"","overlay-opacity":"","overlay-gradient":""},"tablet":{"background-color":"var(--ast-global-color-5)","background-image":"","background-repeat":"repeat","background-position":"center center","background-size":"auto","background-attachment":"scroll","background-type":"","background-media":"","overlay-type":"","overlay-color":"","overlay-opacity":"","overlay-gradient":""},"mobile":{"background-color":"var(--ast-global-color-5)","background-image":"","background-repeat":"repeat","background-position":"center center","background-size":"auto","background-attachment":"scroll","background-type":"","background-media":"","overlay-type":"","overlay-color":"","overlay-opacity":"","overlay-gradient":""}},"ngg_post_thumbnail":0,"jetpack_post_was_ever_published":false,"_jetpack_newsletter_access":"","_jetpack_dont_email_post_to_subs":false,"_jetpack_newsletter_tier_id":0,"_jetpack_memberships_contains_paywalled_content":false,"_jetpack_memberships_contains_paid_content":false,"footnotes":""},"categories":[9,3],"tags":[],"class_list":["post-4460","post","type-post","status-publish","format-standard","hentry","category-politik","category-tv"],"jetpack_featured_media_url":"","jetpack_sharing_enabled":true,"jetpack_shortlink":"https:\/\/wp.me\/p4uzZ-19W","jetpack-related-posts":[{"id":3346,"url":"https:\/\/textundblog.de\/?p=3346","url_meta":{"origin":4460,"position":0},"title":"Aufstand im Kiez &#8211; der Kampf ums Schanzenviertel","author":"Markus","date":"13\/1\/2010","format":false,"excerpt":"Direktlink YouTube Dieses Video zeigt die touristische Sicht auf das Schanzenviertel (eine bl\u00fcmerante Stadtteilf\u00fchrung in 4 Minuten). Doch den nun folgenden TV-Tipp f\u00fcr heute Abend m\u00f6chte ich Euch ans Herz legen, da er eine differenzierte Sicht auf die Schanze wirft (deren Ver\u00e4nderung zum alternativen \"K\u00fcnstler-Viertel\" vor ein paar Jahren auch\u2026","rel":"","context":"In &quot;Hamburg&quot;","block_context":{"text":"Hamburg","link":"https:\/\/textundblog.de\/?cat=15"},"img":{"alt_text":"Nachbar Ralf Becker wohnt gegen\u00fcber der Roten Flora","src":"https:\/\/i0.wp.com\/textundblog.de\/wp-content\/schanzedoku-ndr.jpg?resize=350%2C200&ssl=1","width":350,"height":200},"classes":[]},{"id":6897,"url":"https:\/\/textundblog.de\/?p=6897","url_meta":{"origin":4460,"position":1},"title":"Geschichten der Flucht \u2013 Naji aus Holms in Syrien","author":"Markus","date":"13\/12\/2015","format":false,"excerpt":"Wenn ihr mal 'ne halbe Stunde Zeit habt, schaut euch das an. Und zwar bis zum Ende. Naji aus Holms in Syrien erz\u00e4hlt die Geschichte seiner Flucht nach Deutschland. Wenn er am Ende (sinngem\u00e4\u00df) sagt: \u00abIch mag Hamburg, es ist eine sch\u00f6ne Stadt, hier gibt es Frieden\u00bb, musste ich schlucken.\u2026","rel":"","context":"In &quot;Politik&quot;","block_context":{"text":"Politik","link":"https:\/\/textundblog.de\/?cat=9"},"img":{"alt_text":"","src":"https:\/\/i0.wp.com\/textundblog.de\/wp-content\/Naji-Hizwani-Zarour.jpg?resize=350%2C200&ssl=1","width":350,"height":200,"srcset":"https:\/\/i0.wp.com\/textundblog.de\/wp-content\/Naji-Hizwani-Zarour.jpg?resize=350%2C200&ssl=1 1x, https:\/\/i0.wp.com\/textundblog.de\/wp-content\/Naji-Hizwani-Zarour.jpg?resize=525%2C300&ssl=1 1.5x"},"classes":[]},{"id":6827,"url":"https:\/\/textundblog.de\/?p=6827","url_meta":{"origin":4460,"position":2},"title":"Drei Lekt\u00fcreempfehlungen nach #ParisAttacks","author":"Markus","date":"15\/11\/2015","format":false,"excerpt":"Martin Chulov ist Nahost-Korrespondent des Guardian. Der Freitag hat einen Text von ihm von Holger Hutt ins Deutsche \u00fcbertragen lassen, den ich als ersten von drei guten Artikeln nach den Anschl\u00e4gen von Paris zur Lekt\u00fcre empfehlen m\u00f6chte. Weil er sehr gut den Wahnsinn hinter den Terroristen erkl\u00e4rt, die man \u00fcbrigens\u2026","rel":"","context":"In &quot;Internet&quot;","block_context":{"text":"Internet","link":"https:\/\/textundblog.de\/?cat=4"},"img":{"alt_text":"","src":"https:\/\/i0.wp.com\/textundblog.de\/wp-content\/dabiq-wordle.jpg?resize=350%2C200&ssl=1","width":350,"height":200,"srcset":"https:\/\/i0.wp.com\/textundblog.de\/wp-content\/dabiq-wordle.jpg?resize=350%2C200&ssl=1 1x, https:\/\/i0.wp.com\/textundblog.de\/wp-content\/dabiq-wordle.jpg?resize=525%2C300&ssl=1 1.5x, https:\/\/i0.wp.com\/textundblog.de\/wp-content\/dabiq-wordle.jpg?resize=700%2C400&ssl=1 2x"},"classes":[]},{"id":1475,"url":"https:\/\/textundblog.de\/?p=1475","url_meta":{"origin":4460,"position":3},"title":"Dieter Hildebrandt auf DRadio","author":"Markus","date":"3\/3\/2007","format":false,"excerpt":"Foto: ARD, Ausschnitt Dieter Hilderbrandt war heute im Interview auf Deutschlandradio Kultur zu h\u00f6ren. Dort erkl\u00e4rt er den Unterschied zwischen Flucht und Vertreibung. Anlass ist der morgen und \u00fcbermorgen Abend in der ARD ausgestrahlte Zweiteiler \u00abDie Flucht\u00bb, der gestern auch schon auf arte gezeigt wurde, den Hildebrandt aber noch nicht\u2026","rel":"","context":"In &quot;Radio&quot;","block_context":{"text":"Radio","link":"https:\/\/textundblog.de\/?cat=19"},"img":{"alt_text":"Maria Furtw\u00e4ngler in 'Die Flucht'","src":"wp-content\/dieflucht.jpg","width":350,"height":200},"classes":[]},{"id":3495,"url":"https:\/\/textundblog.de\/?p=3495","url_meta":{"origin":4460,"position":4},"title":"Dominik Graf: Im Angesicht des Verbrechens","author":"Markus","date":"27\/4\/2010","format":false,"excerpt":"Direktlink YouTube Nicht verpassen oder wenigstens aufzeichnen und zu gegebener Zeit schauen: Heute startet auf arte die Ausstrahlung von Dominik Grafs von allen in den Himmel gelobter TV-Serie \u00abIm Angesicht des Verbrechens\u00bb. Auf der Berlinale wurde das Mammutwerk ja in 2 Teilen gezeigt (2x5 Stunden, das hab ich mir aber\u2026","rel":"","context":"In &quot;Kino&quot;","block_context":{"text":"Kino","link":"https:\/\/textundblog.de\/?cat=2"},"img":{"alt_text":"Szenenfoto. \u00a9 ARD\/Julia von Vietinghoff","src":"https:\/\/i0.wp.com\/textundblog.de\/wp-content\/imangesichtdesverbrechens.jpg?resize=350%2C200&ssl=1","width":350,"height":200},"classes":[]},{"id":3918,"url":"https:\/\/textundblog.de\/?p=3918","url_meta":{"origin":4460,"position":5},"title":"ARD-Morgenmagazin zu Gast beim FC St. Pauli","author":"Markus","date":"3\/1\/2011","format":false,"excerpt":"In dieser Woche lohnt es sich f\u00fcr Fans des Magischen FCs von Montag bis Freitag morgens um 8:25 Uhr das ARD-Morgenmagazin (oder ab 11 Uhr den jeweiligen Beitrag in der ARD-Mediathek) zu schauen. Die MoMa-Redaktion ist beim FC St. Pauli zu Gast. Heute gab's zum Auftakt der Reihe ein Interview\u2026","rel":"","context":"In &quot;FC St. Pauli&quot;","block_context":{"text":"FC St. Pauli","link":"https:\/\/textundblog.de\/?cat=76"},"img":{"alt_text":"ARD-Morgenmagazin zu Gast beim FC St. Pauli","src":"https:\/\/i0.wp.com\/textundblog.de\/wp-content\/fcsp-moma.jpg?resize=350%2C200&ssl=1","width":350,"height":200},"classes":[]}],"_links":{"self":[{"href":"https:\/\/textundblog.de\/index.php?rest_route=\/wp\/v2\/posts\/4460","targetHints":{"allow":["GET"]}}],"collection":[{"href":"https:\/\/textundblog.de\/index.php?rest_route=\/wp\/v2\/posts"}],"about":[{"href":"https:\/\/textundblog.de\/index.php?rest_route=\/wp\/v2\/types\/post"}],"author":[{"embeddable":true,"href":"https:\/\/textundblog.de\/index.php?rest_route=\/wp\/v2\/users\/1"}],"replies":[{"embeddable":true,"href":"https:\/\/textundblog.de\/index.php?rest_route=%2Fwp%2Fv2%2Fcomments&post=4460"}],"version-history":[{"count":0,"href":"https:\/\/textundblog.de\/index.php?rest_route=\/wp\/v2\/posts\/4460\/revisions"}],"wp:attachment":[{"href":"https:\/\/textundblog.de\/index.php?rest_route=%2Fwp%2Fv2%2Fmedia&parent=4460"}],"wp:term":[{"taxonomy":"category","embeddable":true,"href":"https:\/\/textundblog.de\/index.php?rest_route=%2Fwp%2Fv2%2Fcategories&post=4460"},{"taxonomy":"post_tag","embeddable":true,"href":"https:\/\/textundblog.de\/index.php?rest_route=%2Fwp%2Fv2%2Ftags&post=4460"}],"curies":[{"name":"wp","href":"https:\/\/api.w.org\/{rel}","templated":true}]}}