{"id":4458,"date":"2011-12-28T11:47:15","date_gmt":"2011-12-28T10:47:15","guid":{"rendered":"http:\/\/textundblog.de\/?p=4458"},"modified":"2011-12-28T12:06:23","modified_gmt":"2011-12-28T11:06:23","slug":"dradio-wissen-schlafpositionen","status":"publish","type":"post","link":"https:\/\/textundblog.de\/?p=4458","title":{"rendered":"DRadio Wissen: Schlafpositionen"},"content":{"rendered":"<p><a href=\"http:\/\/www3.flickr.com\/photos\/emilymichelle\/90425277\/\"><img data-recalc-dims=\"1\" loading=\"lazy\" decoding=\"async\" data-attachment-id=\"4459\" data-permalink=\"https:\/\/textundblog.de\/?attachment_id=4459\" data-orig-file=\"https:\/\/i0.wp.com\/textundblog.de\/wp-content\/schlafkatzen.jpg?fit=500%2C375&amp;ssl=1\" data-orig-size=\"500,375\" data-comments-opened=\"1\" data-image-meta=\"{&quot;aperture&quot;:&quot;0&quot;,&quot;credit&quot;:&quot;&quot;,&quot;camera&quot;:&quot;&quot;,&quot;caption&quot;:&quot;&quot;,&quot;created_timestamp&quot;:&quot;0&quot;,&quot;copyright&quot;:&quot;&quot;,&quot;focal_length&quot;:&quot;0&quot;,&quot;iso&quot;:&quot;0&quot;,&quot;shutter_speed&quot;:&quot;0&quot;,&quot;title&quot;:&quot;&quot;}\" data-image-title=\"Schlafende Katzen Foto: flickr.com | emily michelle\" data-image-description=\"\" data-image-caption=\"\" data-large-file=\"https:\/\/i0.wp.com\/textundblog.de\/wp-content\/schlafkatzen.jpg?fit=500%2C375&amp;ssl=1\" src=\"https:\/\/i0.wp.com\/textundblog.de\/wp-content\/schlafkatzen.jpg?resize=500%2C375&#038;ssl=1\" alt=\"\" title=\"Schlafende Katzen. Foto: flickr.com | emily michelle\" width=\"500\" height=\"375\" class=\"alignnone size-full wp-image-4459\" srcset=\"https:\/\/i0.wp.com\/textundblog.de\/wp-content\/schlafkatzen.jpg?w=500&amp;ssl=1 500w, https:\/\/i0.wp.com\/textundblog.de\/wp-content\/schlafkatzen.jpg?resize=300%2C225&amp;ssl=1 300w\" sizes=\"auto, (max-width: 500px) 100vw, 500px\" \/><\/a><br \/>\n<cite>(Foto: flickr.com | <a href=\"http:\/\/www3.flickr.com\/photos\/emilymichelle\/90425277\/\">emily michelle photography<\/a> CC BY-NC 2.0)<\/cite><\/p>\n<p>Super Symbolbild zum DRadio-Wissen-Beitrag \u00fcber Schlafpositionen. Es ist tats\u00e4chlich noch nicht wissenschaftlich untersucht worden, in welcher Position wir schlafen. Was aber bekannt ist: wir wechseln die Position im Durchschnitt wohl etwa 20 mal in der Nacht. Dies und mehr erfahrt ihr in folgendem Beitrag, den ihr hier oder bei <a href=\"http:\/\/wissen.dradio.de\/schlafforschung-unerforschte-schlafposition.35.de.html?dram:article_id=10781&#038;utm_medium=twitter&#038;utm_source=twitterfeed\">DRadio Wissen<\/a> nachh\u00f6ren k\u00f6nnt:<\/p>\n<p>[flash]http:\/\/ondemand-mp3.dradio.de\/file\/dradio\/2011\/12\/28\/drw_201112280616_best_of_2011_-_schlafpositionen_12105ffd.mp3[\/flash]<\/p>\n<p>Also mir geht es so wie einem der befragten M\u00e4nner in der Stra\u00dfenumfrage: Ich schlafe meist auf dem Bauch ein und werde oft auf dem R\u00fccken wach. Und ihr?<\/p>\n","protected":false},"excerpt":{"rendered":"<p>(Foto: flickr.com | emily michelle photography CC BY-NC 2.0) Super Symbolbild zum DRadio-Wissen-Beitrag \u00fcber Schlafpositionen. Es ist tats\u00e4chlich noch nicht wissenschaftlich untersucht worden, in welcher Position wir schlafen. Was aber bekannt ist: wir wechseln die Position im Durchschnitt wohl etwa 20 mal in der Nacht. Dies und mehr erfahrt ihr in folgendem Beitrag, den ihr [&hellip;]<\/p>\n","protected":false},"author":1,"featured_media":0,"comment_status":"open","ping_status":"open","sticky":false,"template":"","format":"standard","meta":{"site-sidebar-layout":"default","site-content-layout":"","ast-site-content-layout":"default","site-content-style":"default","site-sidebar-style":"default","ast-global-header-display":"","ast-banner-title-visibility":"","ast-main-header-display":"","ast-hfb-above-header-display":"","ast-hfb-below-header-display":"","ast-hfb-mobile-header-display":"","site-post-title":"","ast-breadcrumbs-content":"","ast-featured-img":"","footer-sml-layout":"","theme-transparent-header-meta":"","adv-header-id-meta":"","stick-header-meta":"","header-above-stick-meta":"","header-main-stick-meta":"","header-below-stick-meta":"","astra-migrate-meta-layouts":"default","ast-page-background-enabled":"default","ast-page-background-meta":{"desktop":{"background-color":"var(--ast-global-color-4)","background-image":"","background-repeat":"repeat","background-position":"center center","background-size":"auto","background-attachment":"scroll","background-type":"","background-media":"","overlay-type":"","overlay-color":"","overlay-opacity":"","overlay-gradient":""},"tablet":{"background-color":"","background-image":"","background-repeat":"repeat","background-position":"center center","background-size":"auto","background-attachment":"scroll","background-type":"","background-media":"","overlay-type":"","overlay-color":"","overlay-opacity":"","overlay-gradient":""},"mobile":{"background-color":"","background-image":"","background-repeat":"repeat","background-position":"center center","background-size":"auto","background-attachment":"scroll","background-type":"","background-media":"","overlay-type":"","overlay-color":"","overlay-opacity":"","overlay-gradient":""}},"ast-content-background-meta":{"desktop":{"background-color":"var(--ast-global-color-5)","background-image":"","background-repeat":"repeat","background-position":"center center","background-size":"auto","background-attachment":"scroll","background-type":"","background-media":"","overlay-type":"","overlay-color":"","overlay-opacity":"","overlay-gradient":""},"tablet":{"background-color":"var(--ast-global-color-5)","background-image":"","background-repeat":"repeat","background-position":"center center","background-size":"auto","background-attachment":"scroll","background-type":"","background-media":"","overlay-type":"","overlay-color":"","overlay-opacity":"","overlay-gradient":""},"mobile":{"background-color":"var(--ast-global-color-5)","background-image":"","background-repeat":"repeat","background-position":"center center","background-size":"auto","background-attachment":"scroll","background-type":"","background-media":"","overlay-type":"","overlay-color":"","overlay-opacity":"","overlay-gradient":""}},"ngg_post_thumbnail":0,"jetpack_post_was_ever_published":false,"_jetpack_newsletter_access":"","_jetpack_dont_email_post_to_subs":false,"_jetpack_newsletter_tier_id":0,"_jetpack_memberships_contains_paywalled_content":false,"_jetpack_memberships_contains_paid_content":false,"footnotes":""},"categories":[19],"tags":[],"class_list":["post-4458","post","type-post","status-publish","format-standard","hentry","category-radio"],"jetpack_featured_media_url":"","jetpack_sharing_enabled":true,"jetpack_shortlink":"https:\/\/wp.me\/p4uzZ-19U","jetpack-related-posts":[{"id":3875,"url":"https:\/\/textundblog.de\/?p=3875","url_meta":{"origin":4458,"position":0},"title":"ARD talkt sich zu Tode, auf der Strecke bleibt die Dokumentation","author":"Markus","date":"2\/12\/2010","format":false,"excerpt":"Die ARD verseicht zusehends. Weil ab Herbst 2011 Jauch nun auch im Ersten talkt und Maischberger, Will, Plasberg und Beckmann mit ihren Rederunden im Programmschema versorgt werden m\u00fcssen, fallen wichtige und informative Dokumentationen weg oder werden ins n\u00e4chtliche Abseits (statt 21 Uhr auf 22:45 Uhr) geschoben. Bernd G\u00e4bler bringt es\u2026","rel":"","context":"In &quot;Politik&quot;","block_context":{"text":"Politik","link":"https:\/\/textundblog.de\/?cat=9"},"img":{"alt_text":"Interessante Dokumentationen in der ARD: nur noch was f\u00fcr Nachteulen","src":"https:\/\/i0.wp.com\/textundblog.de\/wp-content\/nachtzuschauer.jpg?resize=350%2C200&ssl=1","width":350,"height":200},"classes":[]},{"id":4426,"url":"https:\/\/textundblog.de\/?p=4426","url_meta":{"origin":4458,"position":1},"title":"Philip Banse im Deutschlandfunk zum Parteitag der Piraten","author":"Markus","date":"4\/12\/2011","format":false,"excerpt":"Am besten hat Philip Banse den Parteitag der Piraten im Deutschlandfunk auf den Punkt gebracht: Die Piraten sind eine Internet-Partei voller Politamateure, die sich eher heute als morgen selbst zerst\u00f6rt. Diese Hoffnung mancher Kritiker hat sich seit dem Wochenende endg\u00fcltig erledigt. Die Partei lebt und gedeiht. Sie diskutiert und wird,\u2026","rel":"","context":"In &quot;Politik&quot;","block_context":{"text":"Politik","link":"https:\/\/textundblog.de\/?cat=9"},"img":{"alt_text":"(von mir schr\u00e4g gestelltes) Logo der Piratenpartei","src":"https:\/\/i0.wp.com\/textundblog.de\/wp-content\/piratenlogo-persp.jpg?resize=350%2C200&ssl=1","width":350,"height":200},"classes":[]},{"id":3181,"url":"https:\/\/textundblog.de\/?p=3181","url_meta":{"origin":4458,"position":2},"title":"BGH-Urteil: \u00dcbersetzern steht Erfolgsbeteiligung zu","author":"Markus","date":"7\/10\/2009","format":false,"excerpt":"Vor wenigen Minuten wurde das mit Spannung erwartete Urteil des Bundesgerichtshofes ver\u00f6ffentlicht. \u00dcbersetzern steht demnach eine Erfolgsbeteiligung zu: Der f\u00fcr das Urheberrecht zust\u00e4ndige I. Zivilsenat des Bundesgerichtshofs hat entschieden, dass \u00dcbersetzer literarischer Werke grunds\u00e4tzlich einen Anspruch auf angemessene Verg\u00fctung in Form einer prozentualen Beteiligung am Erl\u00f6s der verkauften B\u00fccher haben.\u2026","rel":"","context":"In &quot;\u00dcbersetzen&quot;","block_context":{"text":"\u00dcbersetzen","link":"https:\/\/textundblog.de\/?cat=20"},"img":{"alt_text":"","src":"","width":0,"height":0},"classes":[]},{"id":3351,"url":"https:\/\/textundblog.de\/?p=3351","url_meta":{"origin":4458,"position":3},"title":"DRadio will&#8217;s ab Montag wissen","author":"Markus","date":"15\/1\/2010","format":false,"excerpt":"Dass ich ein gro\u00dfer Radio-Fan bin, d\u00fcrfte den Lesern dieses Blogs hinl\u00e4nglich bekannt sein. Am Montag ist es soweit: ein neuer \u2013 nicht nur von mir \u2013 mit Spannung erwarteter Radio-Sender geht an den StartZum Start um 6:00 Uhr morgens werd' ich DRadio Wissen garantiert noch nicht h\u00f6ren ;-). Die\u2026","rel":"","context":"In &quot;Radio&quot;","block_context":{"text":"Radio","link":"https:\/\/textundblog.de\/?cat=19"},"img":{"alt_text":"Das DRadio Wissen-Team im Studio","src":"https:\/\/i0.wp.com\/textundblog.de\/wp-content\/dradio-wissen-studio.jpg?resize=350%2C200&ssl=1","width":350,"height":200},"classes":[]},{"id":2778,"url":"https:\/\/textundblog.de\/?p=2778","url_meta":{"origin":4458,"position":4},"title":"DRadio Kultur zur Twitterlesung in Hamburg","author":"Markus","date":"1\/2\/2009","format":false,"excerpt":"Foto: Moeffju Deutschlandradio Kultur hat heute in der Sendung NeonlichtBei der Zahl der Twitternutzer weltweit hat man sich im Ank\u00fcndigungstext etwas vertan, nicht 300 Millionen, sondern - wie im Beitrag gesagt - 3 Millionen waren gemeint. Sind sicher auch schon ein paar Mio. mehr, aber noch keine 300. ;-) \u00fcber\u2026","rel":"","context":"In &quot;Hamburg&quot;","block_context":{"text":"Hamburg","link":"https:\/\/textundblog.de\/?cat=15"},"img":{"alt_text":"Twitkrit-Team auf der Twitterlesung in Hamburg","src":"https:\/\/i0.wp.com\/textundblog.de\/wp-content\/twlesunghh2.jpg?resize=350%2C200&ssl=1","width":350,"height":200},"classes":[]},{"id":3438,"url":"https:\/\/textundblog.de\/?p=3438","url_meta":{"origin":4458,"position":5},"title":"Ralf Appelt auf DRadio: Social Media im Unterricht","author":"Markus","date":"16\/3\/2010","format":false,"excerpt":"Heute Morgen wurde Ralf Appelt auf Deutschlandradio Kultur interviewt zum Thema Social Media im Unterricht. Was kann in Schulen und Universit\u00e4ten an Werkzeugen wie Facebook & Co. genutzt werden? Wie Ralf Appelt, eine unbedingt empfehlenswerte Anlaufstelle f\u00fcr alle P\u00e4dagogen, die sich diese Frage stellen, richtig sagt: es muss nicht alles\u2026","rel":"","context":"In &quot;Informationskompetenz&quot;","block_context":{"text":"Informationskompetenz","link":"https:\/\/textundblog.de\/?cat=16"},"img":{"alt_text":"Social Media Karren, alles drin: Facebook, Flickr, Delicious, Twitter\u2026","src":"https:\/\/i0.wp.com\/textundblog.de\/wp-content\/socialmediabandwagon.jpg?resize=350%2C200&ssl=1","width":350,"height":200},"classes":[]}],"_links":{"self":[{"href":"https:\/\/textundblog.de\/index.php?rest_route=\/wp\/v2\/posts\/4458","targetHints":{"allow":["GET"]}}],"collection":[{"href":"https:\/\/textundblog.de\/index.php?rest_route=\/wp\/v2\/posts"}],"about":[{"href":"https:\/\/textundblog.de\/index.php?rest_route=\/wp\/v2\/types\/post"}],"author":[{"embeddable":true,"href":"https:\/\/textundblog.de\/index.php?rest_route=\/wp\/v2\/users\/1"}],"replies":[{"embeddable":true,"href":"https:\/\/textundblog.de\/index.php?rest_route=%2Fwp%2Fv2%2Fcomments&post=4458"}],"version-history":[{"count":0,"href":"https:\/\/textundblog.de\/index.php?rest_route=\/wp\/v2\/posts\/4458\/revisions"}],"wp:attachment":[{"href":"https:\/\/textundblog.de\/index.php?rest_route=%2Fwp%2Fv2%2Fmedia&parent=4458"}],"wp:term":[{"taxonomy":"category","embeddable":true,"href":"https:\/\/textundblog.de\/index.php?rest_route=%2Fwp%2Fv2%2Fcategories&post=4458"},{"taxonomy":"post_tag","embeddable":true,"href":"https:\/\/textundblog.de\/index.php?rest_route=%2Fwp%2Fv2%2Ftags&post=4458"}],"curies":[{"name":"wp","href":"https:\/\/api.w.org\/{rel}","templated":true}]}}