{"id":4454,"date":"2011-12-27T17:46:33","date_gmt":"2011-12-27T16:46:33","guid":{"rendered":"http:\/\/textundblog.de\/?p=4454"},"modified":"2011-12-27T17:55:20","modified_gmt":"2011-12-27T16:55:20","slug":"essen-vor-regalen-asia-food-market-in-saarbrucken","status":"publish","type":"post","link":"https:\/\/textundblog.de\/?p=4454","title":{"rendered":"Essen vor Regalen: Asia Food Market in Saarbr\u00fccken"},"content":{"rendered":"<p><a href=\"http:\/\/www.asia-food-market.de\/\"><img data-recalc-dims=\"1\" loading=\"lazy\" decoding=\"async\" data-attachment-id=\"4455\" data-permalink=\"https:\/\/textundblog.de\/?attachment_id=4455\" data-orig-file=\"https:\/\/i0.wp.com\/textundblog.de\/wp-content\/asia-food-market1.jpg?fit=500%2C375&amp;ssl=1\" data-orig-size=\"500,375\" data-comments-opened=\"1\" data-image-meta=\"{&quot;aperture&quot;:&quot;0&quot;,&quot;credit&quot;:&quot;&quot;,&quot;camera&quot;:&quot;&quot;,&quot;caption&quot;:&quot;&quot;,&quot;created_timestamp&quot;:&quot;0&quot;,&quot;copyright&quot;:&quot;&quot;,&quot;focal_length&quot;:&quot;0&quot;,&quot;iso&quot;:&quot;0&quot;,&quot;shutter_speed&quot;:&quot;0&quot;,&quot;title&quot;:&quot;&quot;}\" data-image-title=\"Asia Food Market &amp;#8211; Essen vor Regalen\" data-image-description=\"\" data-image-caption=\"\" data-large-file=\"https:\/\/i0.wp.com\/textundblog.de\/wp-content\/asia-food-market1.jpg?fit=500%2C375&amp;ssl=1\" src=\"https:\/\/i0.wp.com\/textundblog.de\/wp-content\/asia-food-market1.jpg?resize=500%2C375&#038;ssl=1\" alt=\"\" title=\"Asia Food Market - Essen vor Regalen\" width=\"500\" height=\"375\" class=\"alignnone size-full wp-image-4455\" srcset=\"https:\/\/i0.wp.com\/textundblog.de\/wp-content\/asia-food-market1.jpg?w=500&amp;ssl=1 500w, https:\/\/i0.wp.com\/textundblog.de\/wp-content\/asia-food-market1.jpg?resize=300%2C225&amp;ssl=1 300w\" sizes=\"auto, (max-width: 500px) 100vw, 500px\" \/><\/a><\/p>\n<p>In Saarbr\u00fccken waren wir heute in einem ganz besonderen Asia-Laden essen, den ich nur empfehlen kann. In der Kaiserstr. 6 liegt der <a href=\"http:\/\/www.asia-food-market.de\/\">Asia Food Market<\/a>. Man kann dort ganz normal einkaufen oder an den kleinen Tischen in der Mitte des Ladens leckere Gerichte testen. Zur Auswahl stehen t\u00e4glich 3 verschiedene Stammessen, in je zwei Gr\u00f6\u00dfen, entweder zu 5,50 \u20ac oder zu 6,95 \u20ac. Wir haben uns f\u00fcr Gai Phad Kra entschieden, ein scharfes H\u00e4hnchenbrust-Gericht mit Thai Basilikum, Gem\u00fcse und Reis und wir waren sehr angetan. Echt lecker. Alles ohne Farbstoffe oder Geschmacksverst\u00e4rker. Und wie gesagt: man sitzt da zwischen den Einkaufsregalen und speist im besonderen Ambiente. Leckere Zutaten f\u00fcrs zuhause Nachkochen kann man dann gleich aus dem Laden mit nach hause nehmen (so hab ich mich heute zum Beispiel mit einem kleinen Vorrat an Kokosmilch eingedeckt). <\/p>\n<p>Der freundliche Inhaber Albrecht Schmitt \u2013 immer mit einem lockeren Spruch auf den Lippen \u2013 und das um ihn agierende Team sind stets darauf bedacht, dass sich die G\u00e4ste wohl f\u00fchlen. Weitere Infos und die w\u00f6chentlich aktualisierte Speisekarte gibt es auf der Website (Achtung, die ist ebenso farbenfroh wie gew\u00f6hnungsbed\u00fcrftig): <a href=\"http:\/\/www.asia-food-market.de\/\">Asia Food Market<\/a>.<\/p>\n<p><a href=\"http:\/\/www.asia-food-market.de\/\"><img data-recalc-dims=\"1\" loading=\"lazy\" decoding=\"async\" data-attachment-id=\"4456\" data-permalink=\"https:\/\/textundblog.de\/?attachment_id=4456\" data-orig-file=\"https:\/\/i0.wp.com\/textundblog.de\/wp-content\/asia-food-market2.jpg?fit=500%2C667&amp;ssl=1\" data-orig-size=\"500,667\" data-comments-opened=\"1\" data-image-meta=\"{&quot;aperture&quot;:&quot;0&quot;,&quot;credit&quot;:&quot;&quot;,&quot;camera&quot;:&quot;&quot;,&quot;caption&quot;:&quot;&quot;,&quot;created_timestamp&quot;:&quot;0&quot;,&quot;copyright&quot;:&quot;&quot;,&quot;focal_length&quot;:&quot;0&quot;,&quot;iso&quot;:&quot;0&quot;,&quot;shutter_speed&quot;:&quot;0&quot;,&quot;title&quot;:&quot;&quot;}\" data-image-title=\"Asia Food Market &amp;#8211; Blick vom Laden auf die Kaiserstra\u00dfe\" data-image-description=\"\" data-image-caption=\"\" data-large-file=\"https:\/\/i0.wp.com\/textundblog.de\/wp-content\/asia-food-market2.jpg?fit=500%2C667&amp;ssl=1\" src=\"https:\/\/i0.wp.com\/textundblog.de\/wp-content\/asia-food-market2.jpg?resize=500%2C667&#038;ssl=1\" alt=\"\" title=\"Asia Food Market - Blick vom Laden auf die Kaiserstra\u00dfe\" width=\"500\" height=\"667\" class=\"alignnone size-full wp-image-4456\" srcset=\"https:\/\/i0.wp.com\/textundblog.de\/wp-content\/asia-food-market2.jpg?w=500&amp;ssl=1 500w, https:\/\/i0.wp.com\/textundblog.de\/wp-content\/asia-food-market2.jpg?resize=224%2C300&amp;ssl=1 224w\" sizes=\"auto, (max-width: 500px) 100vw, 500px\" \/><\/a><\/p>\n","protected":false},"excerpt":{"rendered":"<p>In Saarbr\u00fccken waren wir heute in einem ganz besonderen Asia-Laden essen, den ich nur empfehlen kann. In der Kaiserstr. 6 liegt der Asia Food Market. Man kann dort ganz normal einkaufen oder an den kleinen Tischen in der Mitte des Ladens leckere Gerichte testen. Zur Auswahl stehen t\u00e4glich 3 verschiedene Stammessen, in je zwei Gr\u00f6\u00dfen, [&hellip;]<\/p>\n","protected":false},"author":1,"featured_media":0,"comment_status":"open","ping_status":"open","sticky":false,"template":"","format":"standard","meta":{"site-sidebar-layout":"default","site-content-layout":"","ast-site-content-layout":"default","site-content-style":"default","site-sidebar-style":"default","ast-global-header-display":"","ast-banner-title-visibility":"","ast-main-header-display":"","ast-hfb-above-header-display":"","ast-hfb-below-header-display":"","ast-hfb-mobile-header-display":"","site-post-title":"","ast-breadcrumbs-content":"","ast-featured-img":"","footer-sml-layout":"","theme-transparent-header-meta":"","adv-header-id-meta":"","stick-header-meta":"","header-above-stick-meta":"","header-main-stick-meta":"","header-below-stick-meta":"","astra-migrate-meta-layouts":"default","ast-page-background-enabled":"default","ast-page-background-meta":{"desktop":{"background-color":"var(--ast-global-color-4)","background-image":"","background-repeat":"repeat","background-position":"center center","background-size":"auto","background-attachment":"scroll","background-type":"","background-media":"","overlay-type":"","overlay-color":"","overlay-opacity":"","overlay-gradient":""},"tablet":{"background-color":"","background-image":"","background-repeat":"repeat","background-position":"center center","background-size":"auto","background-attachment":"scroll","background-type":"","background-media":"","overlay-type":"","overlay-color":"","overlay-opacity":"","overlay-gradient":""},"mobile":{"background-color":"","background-image":"","background-repeat":"repeat","background-position":"center center","background-size":"auto","background-attachment":"scroll","background-type":"","background-media":"","overlay-type":"","overlay-color":"","overlay-opacity":"","overlay-gradient":""}},"ast-content-background-meta":{"desktop":{"background-color":"var(--ast-global-color-5)","background-image":"","background-repeat":"repeat","background-position":"center center","background-size":"auto","background-attachment":"scroll","background-type":"","background-media":"","overlay-type":"","overlay-color":"","overlay-opacity":"","overlay-gradient":""},"tablet":{"background-color":"var(--ast-global-color-5)","background-image":"","background-repeat":"repeat","background-position":"center center","background-size":"auto","background-attachment":"scroll","background-type":"","background-media":"","overlay-type":"","overlay-color":"","overlay-opacity":"","overlay-gradient":""},"mobile":{"background-color":"var(--ast-global-color-5)","background-image":"","background-repeat":"repeat","background-position":"center center","background-size":"auto","background-attachment":"scroll","background-type":"","background-media":"","overlay-type":"","overlay-color":"","overlay-opacity":"","overlay-gradient":""}},"ngg_post_thumbnail":0,"jetpack_post_was_ever_published":false,"_jetpack_newsletter_access":"","_jetpack_dont_email_post_to_subs":false,"_jetpack_newsletter_tier_id":0,"_jetpack_memberships_contains_paywalled_content":false,"_jetpack_memberships_contains_paid_content":false,"footnotes":""},"categories":[10,12],"tags":[],"class_list":["post-4454","post","type-post","status-publish","format-standard","hentry","category-foto","category-saarland"],"jetpack_featured_media_url":"","jetpack_sharing_enabled":true,"jetpack_shortlink":"https:\/\/wp.me\/p4uzZ-19Q","jetpack-related-posts":[{"id":4464,"url":"https:\/\/textundblog.de\/?p=4464","url_meta":{"origin":4454,"position":0},"title":"Jahresabschluss in Saarbr\u00fccken \u2013 Zwei Tipps","author":"Markus","date":"31\/12\/2011","format":false,"excerpt":"Wie immer in den letzten sechs Jahren, seit ich Saarbr\u00fccken ge'n Hamburg verlassen habe, verbringe ich den Jahreswechsel bei Freunden in der saarl\u00e4ndischen Landeshauptstadt. So soll auch der letzte Artikel des Jahres der wundersch\u00f6nen Stadt Saarbr\u00fccken gewidmet sein. Ganz im Sinne des sp\u00e4ter noch zu erl\u00e4uternden Zitates \u00abDas Leben ist\u2026","rel":"","context":"In &quot;Foto&quot;","block_context":{"text":"Foto","link":"https:\/\/textundblog.de\/?cat=10"},"img":{"alt_text":"","src":"https:\/\/i0.wp.com\/textundblog.de\/wp-content\/trinkschoko-caffe-et-al.jpg?resize=350%2C200&ssl=1","width":350,"height":200},"classes":[]},{"id":4370,"url":"https:\/\/textundblog.de\/?p=4370","url_meta":{"origin":4454,"position":1},"title":"La Comida Mexicana &#8211; Das mexikanische Essen","author":"Markus","date":"17\/10\/2011","format":false,"excerpt":"Auch wenn ich nicht wegen des Essens nach Mexiko zur\u00fcckgekehrt bin, sondern um nach sehr langer Zeit endlich wieder meine mexikanischen Freunde zu besuchen, m\u00f6chte ich nun auch mal was \u00fcber die mexikanische K\u00fcche schreiben. Ich liebe das mexikanische Essen, mein Leibgericht ist Mole (dazu gleich mehr), aber auch die\u2026","rel":"","context":"In &quot;Foto&quot;","block_context":{"text":"Foto","link":"https:\/\/textundblog.de\/?cat=10"},"img":{"alt_text":"Mole ist auch im Br\u00f6tchen sehr lecker: dann hei\u00dft das Gericht: Torta de Mole","src":"https:\/\/i0.wp.com\/textundblog.de\/wp-content\/mole-torta.jpg?resize=350%2C200&ssl=1","width":350,"height":200},"classes":[]},{"id":7784,"url":"https:\/\/textundblog.de\/?p=7784","url_meta":{"origin":4454,"position":2},"title":"Veganes Men\u00fc: Kohlrabi-Salat mit Honigessig &#038; Wei\u00dfes Winter-Chili","author":"Markus","date":"9\/3\/2017","format":false,"excerpt":"Am Wochenende habe ich vegan gekocht, also beinahe vegan. Die beiden Rezepte, die ich hier vorstelle, sind jedenfalls vegan. Und \u00e4u\u00dferst lecker. Ich bin weder Vegetarier noch Veganer, doch ich halte es wie dieser Veganer, der heute in der SZ so sch\u00f6n dar\u00fcber berichtet: \u00abIch finde, jedes St\u00fcck Fleisch, dass\u2026","rel":"","context":"In &quot;Foto&quot;","block_context":{"text":"Foto","link":"https:\/\/textundblog.de\/?cat=10"},"img":{"alt_text":"","src":"https:\/\/i0.wp.com\/textundblog.de\/wp-content\/effilee-kohlrabi.jpg?resize=350%2C200&ssl=1","width":350,"height":200},"classes":[]},{"id":3301,"url":"https:\/\/textundblog.de\/?p=3301","url_meta":{"origin":4454,"position":3},"title":"La Torre &#8211; Spanische Spezialit\u00e4ten auf der Schanze","author":"Markus","date":"11\/12\/2009","format":false,"excerpt":"Heute hab ich's endlich mal geschafft, mir den spanischen Spezialit\u00e4ten-Laden La Torre auf der Schanze anzuschauen. Und ich muss sagen, ich bin schwer beeindruckt. Hab auf Anhieb ein paar nette Sachen eingekauft. Muss dort aber unbedingt wieder hin. Auf der Schanze bin ich ja sonst eher abends, selten mal tags\u00fcber.\u2026","rel":"","context":"In &quot;Hamburg&quot;","block_context":{"text":"Hamburg","link":"https:\/\/textundblog.de\/?cat=15"},"img":{"alt_text":"Spanisches Einkaufsparadies im Schanzenviertel","src":"https:\/\/i0.wp.com\/textundblog.de\/wp-content\/latorrelager.jpg?resize=350%2C200&ssl=1","width":350,"height":200},"classes":[]},{"id":7477,"url":"https:\/\/textundblog.de\/?p=7477","url_meta":{"origin":4454,"position":4},"title":"Restaurant-Empfehlung: Carmagnole auf der Schanze","author":"Markus","date":"27\/11\/2016","format":false,"excerpt":"Es ist mal wieder an der Zeit, ein gutes Restaurant in Hamburg zu empfehlen. Gestern Abend haben wir uns mit ein paar Leuten vom Badminton zu unserem schon traditionellen vorweihnachtlichen Essen getroffen. Da ich n\u00e4chste Woche nach Kuba fliege, fand das Treffen etwas fr\u00fcher statt als sonst. Die Wahl fiel\u2026","rel":"","context":"In &quot;Foto&quot;","block_context":{"text":"Foto","link":"https:\/\/textundblog.de\/?cat=10"},"img":{"alt_text":"","src":"https:\/\/i0.wp.com\/textundblog.de\/wp-content\/Carmagnole05.jpg?resize=350%2C200&ssl=1","width":350,"height":200,"srcset":"https:\/\/i0.wp.com\/textundblog.de\/wp-content\/Carmagnole05.jpg?resize=350%2C200&ssl=1 1x, https:\/\/i0.wp.com\/textundblog.de\/wp-content\/Carmagnole05.jpg?resize=525%2C300&ssl=1 1.5x"},"classes":[]},{"id":3090,"url":"https:\/\/textundblog.de\/?p=3090","url_meta":{"origin":4454,"position":5},"title":"Iles Flottantes \u00e0 la Fool for Food","author":"Markus","date":"29\/7\/2009","format":false,"excerpt":"Frau Fool for food schafft es immer wieder, mich mit ihren Rezepten nicht nur zu beeindrucken, sondern ihr gelingt es auch, dass ich mir fest vornehme, das Vorgestellte auch mal auszuprobieren. Neuestes Beispiel: der Klassiker der franz\u00f6sischen Desserts, die Iles Flottantes. Reinspringen k\u00f6nnte man, so lecker sieht das aus: Und\u2026","rel":"","context":"In &quot;Rezepte&quot;","block_context":{"text":"Rezepte","link":"https:\/\/textundblog.de\/?cat=85"},"img":{"alt_text":"Iles flottantes \u00e0 la Fool for Food ","src":"https:\/\/i0.wp.com\/textundblog.de\/wp-content\/ileflottante.jpg?resize=350%2C200&ssl=1","width":350,"height":200},"classes":[]}],"_links":{"self":[{"href":"https:\/\/textundblog.de\/index.php?rest_route=\/wp\/v2\/posts\/4454","targetHints":{"allow":["GET"]}}],"collection":[{"href":"https:\/\/textundblog.de\/index.php?rest_route=\/wp\/v2\/posts"}],"about":[{"href":"https:\/\/textundblog.de\/index.php?rest_route=\/wp\/v2\/types\/post"}],"author":[{"embeddable":true,"href":"https:\/\/textundblog.de\/index.php?rest_route=\/wp\/v2\/users\/1"}],"replies":[{"embeddable":true,"href":"https:\/\/textundblog.de\/index.php?rest_route=%2Fwp%2Fv2%2Fcomments&post=4454"}],"version-history":[{"count":0,"href":"https:\/\/textundblog.de\/index.php?rest_route=\/wp\/v2\/posts\/4454\/revisions"}],"wp:attachment":[{"href":"https:\/\/textundblog.de\/index.php?rest_route=%2Fwp%2Fv2%2Fmedia&parent=4454"}],"wp:term":[{"taxonomy":"category","embeddable":true,"href":"https:\/\/textundblog.de\/index.php?rest_route=%2Fwp%2Fv2%2Fcategories&post=4454"},{"taxonomy":"post_tag","embeddable":true,"href":"https:\/\/textundblog.de\/index.php?rest_route=%2Fwp%2Fv2%2Ftags&post=4454"}],"curies":[{"name":"wp","href":"https:\/\/api.w.org\/{rel}","templated":true}]}}