{"id":4450,"date":"2011-12-24T16:29:00","date_gmt":"2011-12-24T15:29:00","guid":{"rendered":"http:\/\/textundblog.de\/?p=4450"},"modified":"2011-12-24T18:47:07","modified_gmt":"2011-12-24T17:47:07","slug":"grus-aus-dem-saarland-frohes-fest","status":"publish","type":"post","link":"https:\/\/textundblog.de\/?p=4450","title":{"rendered":"Gru\u00df aus dem Saarland: Frohes Fest"},"content":{"rendered":"<p><a href=\"https:\/\/i0.wp.com\/textundblog.de\/wp-content\/fenster-altenwald-gr.jpg?ssl=1\"><img data-recalc-dims=\"1\" loading=\"lazy\" decoding=\"async\" data-attachment-id=\"4451\" data-permalink=\"https:\/\/textundblog.de\/?attachment_id=4451\" data-orig-file=\"https:\/\/i0.wp.com\/textundblog.de\/wp-content\/fenster-altenwald-kl.jpg?fit=500%2C667&amp;ssl=1\" data-orig-size=\"500,667\" data-comments-opened=\"1\" data-image-meta=\"{&quot;aperture&quot;:&quot;0&quot;,&quot;credit&quot;:&quot;&quot;,&quot;camera&quot;:&quot;&quot;,&quot;caption&quot;:&quot;&quot;,&quot;created_timestamp&quot;:&quot;0&quot;,&quot;copyright&quot;:&quot;&quot;,&quot;focal_length&quot;:&quot;0&quot;,&quot;iso&quot;:&quot;0&quot;,&quot;shutter_speed&quot;:&quot;0&quot;,&quot;title&quot;:&quot;&quot;}\" data-image-title=\"Frohes Fest!- Blick aus dem Fenster in Altenwald\" data-image-description=\"\" data-image-caption=\"\" data-large-file=\"https:\/\/i0.wp.com\/textundblog.de\/wp-content\/fenster-altenwald-kl.jpg?fit=500%2C667&amp;ssl=1\" src=\"https:\/\/i0.wp.com\/textundblog.de\/wp-content\/fenster-altenwald-kl.jpg?resize=500%2C667&#038;ssl=1\" alt=\"Frohes Fest!- Blick aus dem Fenster in Altenwald\" title=\"Frohes Fest!- Blick aus dem Fenster in Altenwald\" width=\"500\" height=\"667\" class=\"alignnone size-full wp-image-4451\" srcset=\"https:\/\/i0.wp.com\/textundblog.de\/wp-content\/fenster-altenwald-kl.jpg?w=500&amp;ssl=1 500w, https:\/\/i0.wp.com\/textundblog.de\/wp-content\/fenster-altenwald-kl.jpg?resize=224%2C300&amp;ssl=1 224w\" sizes=\"auto, (max-width: 500px) 100vw, 500px\" \/><\/a><\/p>\n<p>Bin wie immer \u00fcber Weihnachten im Saarland. Hier ein Blick aus dem Fenster meines ehemaligen Zimmers in meinem Elternhaus in Altenwald. W\u00fcnsche euch frohe Festtage, wo immer ihr sie auch verbringen m\u00f6get. Mit oder ohne eure Lieben.<\/p>\n","protected":false},"excerpt":{"rendered":"<p>Bin wie immer \u00fcber Weihnachten im Saarland. Hier ein Blick aus dem Fenster meines ehemaligen Zimmers in meinem Elternhaus in Altenwald. W\u00fcnsche euch frohe Festtage, wo immer ihr sie auch verbringen m\u00f6get. Mit oder ohne eure Lieben.<\/p>\n","protected":false},"author":1,"featured_media":0,"comment_status":"open","ping_status":"open","sticky":false,"template":"","format":"standard","meta":{"site-sidebar-layout":"default","site-content-layout":"","ast-site-content-layout":"default","site-content-style":"default","site-sidebar-style":"default","ast-global-header-display":"","ast-banner-title-visibility":"","ast-main-header-display":"","ast-hfb-above-header-display":"","ast-hfb-below-header-display":"","ast-hfb-mobile-header-display":"","site-post-title":"","ast-breadcrumbs-content":"","ast-featured-img":"","footer-sml-layout":"","theme-transparent-header-meta":"","adv-header-id-meta":"","stick-header-meta":"","header-above-stick-meta":"","header-main-stick-meta":"","header-below-stick-meta":"","astra-migrate-meta-layouts":"default","ast-page-background-enabled":"default","ast-page-background-meta":{"desktop":{"background-color":"var(--ast-global-color-4)","background-image":"","background-repeat":"repeat","background-position":"center center","background-size":"auto","background-attachment":"scroll","background-type":"","background-media":"","overlay-type":"","overlay-color":"","overlay-opacity":"","overlay-gradient":""},"tablet":{"background-color":"","background-image":"","background-repeat":"repeat","background-position":"center center","background-size":"auto","background-attachment":"scroll","background-type":"","background-media":"","overlay-type":"","overlay-color":"","overlay-opacity":"","overlay-gradient":""},"mobile":{"background-color":"","background-image":"","background-repeat":"repeat","background-position":"center center","background-size":"auto","background-attachment":"scroll","background-type":"","background-media":"","overlay-type":"","overlay-color":"","overlay-opacity":"","overlay-gradient":""}},"ast-content-background-meta":{"desktop":{"background-color":"var(--ast-global-color-5)","background-image":"","background-repeat":"repeat","background-position":"center center","background-size":"auto","background-attachment":"scroll","background-type":"","background-media":"","overlay-type":"","overlay-color":"","overlay-opacity":"","overlay-gradient":""},"tablet":{"background-color":"var(--ast-global-color-5)","background-image":"","background-repeat":"repeat","background-position":"center center","background-size":"auto","background-attachment":"scroll","background-type":"","background-media":"","overlay-type":"","overlay-color":"","overlay-opacity":"","overlay-gradient":""},"mobile":{"background-color":"var(--ast-global-color-5)","background-image":"","background-repeat":"repeat","background-position":"center center","background-size":"auto","background-attachment":"scroll","background-type":"","background-media":"","overlay-type":"","overlay-color":"","overlay-opacity":"","overlay-gradient":""}},"ngg_post_thumbnail":0,"jetpack_post_was_ever_published":false,"_jetpack_newsletter_access":"","_jetpack_dont_email_post_to_subs":false,"_jetpack_newsletter_tier_id":0,"_jetpack_memberships_contains_paywalled_content":false,"_jetpack_memberships_contains_paid_content":false,"footnotes":""},"categories":[10],"tags":[],"class_list":["post-4450","post","type-post","status-publish","format-standard","hentry","category-foto"],"jetpack_featured_media_url":"","jetpack_sharing_enabled":true,"jetpack_shortlink":"https:\/\/wp.me\/p4uzZ-19M","jetpack-related-posts":[{"id":5179,"url":"https:\/\/textundblog.de\/?p=5179","url_meta":{"origin":4450,"position":0},"title":"Gru\u00df aus dem Saarland: Frohe Weihnachten","author":"Markus","date":"24\/12\/2012","format":false,"excerpt":"Wie immer bin ich an Weihnachten im Saarland. Heute Mittag bin ich mit meinem Bruder auf die Bergehalde Maybach geklettert (Foto 1, 2, 3). Von dort hat man einen Blick auf unser Elternhaus (das braun-wei\u00dfe Haus in der ersten Reihe ganz rechts, am n\u00e4chsten zum Birkenbaumstamm auf dem Foto). Das\u2026","rel":"","context":"In &quot;Foto&quot;","block_context":{"text":"Foto","link":"https:\/\/textundblog.de\/?cat=10"},"img":{"alt_text":"blickvonhalde","src":"https:\/\/i0.wp.com\/textundblog.de\/wp-content\/blickvonhalde-300x225.jpg?resize=350%2C200&ssl=1","width":350,"height":200},"classes":[]},{"id":2718,"url":"https:\/\/textundblog.de\/?p=2718","url_meta":{"origin":4450,"position":1},"title":"Frohes Fest aus dem Saarland","author":"Markus","date":"24\/12\/2008","format":false,"excerpt":"\u00dcber Weihnachten bin ich wieder mal im Saarland. Heute Mittag habe ich an der Ortsgrenze von Altenwald und Friedrichsthal gegen\u00fcber meines Elternhauses in der Gr\u00fchlingstra\u00dfe die \u00fcber 300 Jahre alte Eiche fotografiert. Ich w\u00fcnsche allen Leserinnen und Lesern von Text & Blog Frohe Festtage","rel":"","context":"In &quot;Foto&quot;","block_context":{"text":"Foto","link":"https:\/\/textundblog.de\/?cat=10"},"img":{"alt_text":"Alte Eiche in Friedrichsthal\/Altenwald","src":"https:\/\/i0.wp.com\/textundblog.de\/wp-content\/alteeiche.jpg?resize=350%2C200&ssl=1","width":350,"height":200},"classes":[]},{"id":7645,"url":"https:\/\/textundblog.de\/?p=7645","url_meta":{"origin":4450,"position":2},"title":"Wei\u00dfer Neujahrsmorgen in Altenwald \u2013 Frohes Neues Jahr 2017","author":"Markus","date":"1\/1\/2017","format":false,"excerpt":"Heute Morgen in Altenwald hab ich diese Bilder im Garten meines Elternhauses in Altenwald aufgenommen. Traumhaft wei\u00dfe Impressionen aus dem Neuen Jahr 2017. Ich hoffe, ihr seid alle gut reingekommen.","rel":"","context":"In &quot;Foto&quot;","block_context":{"text":"Foto","link":"https:\/\/textundblog.de\/?cat=10"},"img":{"alt_text":"","src":"https:\/\/i0.wp.com\/textundblog.de\/wp-content\/altenwald28.jpg?resize=350%2C200","width":350,"height":200,"srcset":"https:\/\/i0.wp.com\/textundblog.de\/wp-content\/altenwald28.jpg?resize=350%2C200 1x, https:\/\/i0.wp.com\/textundblog.de\/wp-content\/altenwald28.jpg?resize=525%2C300 1.5x, https:\/\/i0.wp.com\/textundblog.de\/wp-content\/altenwald28.jpg?resize=700%2C400 2x, https:\/\/i0.wp.com\/textundblog.de\/wp-content\/altenwald28.jpg?resize=1050%2C600 3x"},"classes":[]},{"id":5315,"url":"https:\/\/textundblog.de\/?p=5315","url_meta":{"origin":4450,"position":3},"title":"Heiler Hase \u2013 ungeworfen angeliefert","author":"Markus","date":"30\/3\/2013","format":false,"excerpt":"Aus dem Saarland ist heute Morgen ein Osterhase zu mir gekommen. Im Gegensatz zu fr\u00fcheren Jahren sogar komplett unversehrt. Diesmal war er aber auch sehr, sehr gut verpackt. Mehrere Lagen Luftpolster umschlossen ihn, und viele Papierschnipsel. Au\u00dfen stand auf dem Paket: \"Bitte nicht werfen!\". Die Post hat sich dran gehalten.\u2026","rel":"","context":"In &quot;Foto&quot;","block_context":{"text":"Foto","link":"https:\/\/textundblog.de\/?cat=10"},"img":{"alt_text":"","src":"https:\/\/i0.wp.com\/textundblog.de\/wp-content\/paket-osterhase2013.jpg?resize=350%2C200&ssl=1","width":350,"height":200},"classes":[]},{"id":2896,"url":"https:\/\/textundblog.de\/?p=2896","url_meta":{"origin":4450,"position":4},"title":"Osterhase aus dem Saarland in den Hohen Norden","author":"Markus","date":"12\/4\/2009","format":false,"excerpt":"Eine weite Reise hat er angetreten. Der Osterhase. Aus meiner saarl\u00e4ndischen Heimat ist er hoch bis nach Hamburg gekommen und hat sich daf\u00fcr den A\u2026 Hier endet der Satz, ist schlie\u00dflich Ostern. ;-) Mein Bruder und meine Schw\u00e4gerin haben mir einen Schokoladen-Osterhasen geschickt, weil sie wissen, dass ich - ganz\u2026","rel":"","context":"In &quot;Foto&quot;","block_context":{"text":"Foto","link":"https:\/\/textundblog.de\/?cat=10"},"img":{"alt_text":"Osterhase nach beschwerlicher Reise im Hohen Norden angekommen","src":"https:\/\/i0.wp.com\/textundblog.de\/wp-content\/osterhase-schoko.jpg?resize=350%2C200&ssl=1","width":350,"height":200},"classes":[]},{"id":1635,"url":"https:\/\/textundblog.de\/?p=1635","url_meta":{"origin":4450,"position":5},"title":"Neue saarl\u00e4ndische Blogfeedsammlung: Saarland OPML","author":"Markus","date":"11\/6\/2007","format":false,"excerpt":"Ein Saarl\u00e4nder bleibt ja immer - egal wo er lebt - ein Saarl\u00e4nder. Obwohl in Hamburg lebend und bloggend, begreife ich mich auch als Saar-Blogger im Exil und verfolge die Geschicke meines Heimatlandes (vor allem, was den Fu\u00dfball angelangt - seufz!) immer auch vom Hohen Norden aus. Somit war ich\u2026","rel":"","context":"In &quot;Internet&quot;","block_context":{"text":"Internet","link":"https:\/\/textundblog.de\/?cat=4"},"img":{"alt_text":"Saar Ebbes!","src":"https:\/\/i0.wp.com\/textundblog.de\/wp-content\/saarebbes.jpg?resize=350%2C200&ssl=1","width":350,"height":200},"classes":[]}],"_links":{"self":[{"href":"https:\/\/textundblog.de\/index.php?rest_route=\/wp\/v2\/posts\/4450","targetHints":{"allow":["GET"]}}],"collection":[{"href":"https:\/\/textundblog.de\/index.php?rest_route=\/wp\/v2\/posts"}],"about":[{"href":"https:\/\/textundblog.de\/index.php?rest_route=\/wp\/v2\/types\/post"}],"author":[{"embeddable":true,"href":"https:\/\/textundblog.de\/index.php?rest_route=\/wp\/v2\/users\/1"}],"replies":[{"embeddable":true,"href":"https:\/\/textundblog.de\/index.php?rest_route=%2Fwp%2Fv2%2Fcomments&post=4450"}],"version-history":[{"count":0,"href":"https:\/\/textundblog.de\/index.php?rest_route=\/wp\/v2\/posts\/4450\/revisions"}],"wp:attachment":[{"href":"https:\/\/textundblog.de\/index.php?rest_route=%2Fwp%2Fv2%2Fmedia&parent=4450"}],"wp:term":[{"taxonomy":"category","embeddable":true,"href":"https:\/\/textundblog.de\/index.php?rest_route=%2Fwp%2Fv2%2Fcategories&post=4450"},{"taxonomy":"post_tag","embeddable":true,"href":"https:\/\/textundblog.de\/index.php?rest_route=%2Fwp%2Fv2%2Ftags&post=4450"}],"curies":[{"name":"wp","href":"https:\/\/api.w.org\/{rel}","templated":true}]}}