{"id":4413,"date":"2011-11-25T18:09:44","date_gmt":"2011-11-25T17:09:44","guid":{"rendered":"http:\/\/textundblog.de\/?p=4413"},"modified":"2011-12-16T11:10:17","modified_gmt":"2011-12-16T10:10:17","slug":"kerze-fur-klaus-angebrullt","status":"publish","type":"post","link":"https:\/\/textundblog.de\/?p=4413","title":{"rendered":"Kerze f\u00fcr Klaus angebr\u00fcllt"},"content":{"rendered":"<p>Den sch\u00f6nsten <a href=\"https:\/\/twitter.com\/#!\/breitenbach\/statuses\/139639166848876545\">Tweet<\/a> dieser Woche hat f\u00fcr mein Befinden Herr <a href=\"https:\/\/twitter.com\/#!\/breitenbach\/\">@breitenbach<\/a> geschrieben:<\/p>\n<p><a href=\"https:\/\/twitter.com\/#!\/breitenbach\/statuses\/139639166848876545\"><img data-recalc-dims=\"1\" loading=\"lazy\" decoding=\"async\" src=\"https:\/\/i0.wp.com\/textundblog.de\/wp-content\/breitenbach241111.png?resize=500%2C266&#038;ssl=1\" width=\"500\" height=\"266\" alt=\"F\u00fcr mich der Tweet der Woche. Von @breitenbach\" title=\"F\u00fcr mich der Tweet der Woche. Von @breitenbach\" \/><\/a><\/p>\n<p>Noch bis Sonntag kann man sich den br\u00fcllenden Klaus in dem wunderbaren Dokumentarfilm \u00abMein liebster Feind\u00bb von Werner Herzog in der <a href=\"http:\/\/videos.arte.tv\/de\/videos\/mein_liebster_feind-4264298.html\">Arte-Mediathek<\/a> oder hier anschauen:<\/p>\n<p><object classid=\"clsid:D27CDB6E-AE6D-11cf-96B8-444553540000\" codebase=\"http:\/\/download.macromedia.com\/pub\/shockwave\/cabs\/flash\/swflash.cab#version=10,0,0,0\" id=\"playerArte\" allowScriptAccess=\"always\" width=\"500\" height=\"337\" ><param name=\"allowFullScreen\" value=\"true\" \/><param name=\"allowScriptAccess\" value=\"always\" \/><param name=\"quality\" value=\"high\"><\/param><param name=\"movie\" value=\"http:\/\/videos.arte.tv\/videoplayer.swf?localizedPathUrl=http%3A%2F%2Fvideos%2Earte%2Etv%2Fcae%2Fstatic%2Fflash%2Fplayer%2F&#038;mode=prod&#038;configFileUrl=http%3A%2F%2Fvideos%2Earte%2Etv%2Fcae%2Fstatic%2Fflash%2Fplayer%2Fconfig%2Exml&#038;lang=de&#038;videoId=4264298&#038;videorefFileUrl=http%3A%2F%2Fvideos%2Earte%2Etv%2Fde%2Fdo%5Fdelegate%2Fvideos%2Fmein%5Fliebster%5Ffeind%2D4264298%2Cview%2CasPlayerXml%2Exml&#038;admin=false&#038;autoPlay=true&#038;embed=true&#038;autoPlay=false\"><\/param><\/object><\/p>\n","protected":false},"excerpt":{"rendered":"<p>Den sch\u00f6nsten Tweet dieser Woche hat f\u00fcr mein Befinden Herr @breitenbach geschrieben: Noch bis Sonntag kann man sich den br\u00fcllenden Klaus in dem wunderbaren Dokumentarfilm \u00abMein liebster Feind\u00bb von Werner Herzog in der Arte-Mediathek oder hier anschauen:<\/p>\n","protected":false},"author":1,"featured_media":0,"comment_status":"open","ping_status":"open","sticky":false,"template":"","format":"standard","meta":{"site-sidebar-layout":"default","site-content-layout":"","ast-site-content-layout":"default","site-content-style":"default","site-sidebar-style":"default","ast-global-header-display":"","ast-banner-title-visibility":"","ast-main-header-display":"","ast-hfb-above-header-display":"","ast-hfb-below-header-display":"","ast-hfb-mobile-header-display":"","site-post-title":"","ast-breadcrumbs-content":"","ast-featured-img":"","footer-sml-layout":"","theme-transparent-header-meta":"","adv-header-id-meta":"","stick-header-meta":"","header-above-stick-meta":"","header-main-stick-meta":"","header-below-stick-meta":"","astra-migrate-meta-layouts":"default","ast-page-background-enabled":"default","ast-page-background-meta":{"desktop":{"background-color":"var(--ast-global-color-4)","background-image":"","background-repeat":"repeat","background-position":"center center","background-size":"auto","background-attachment":"scroll","background-type":"","background-media":"","overlay-type":"","overlay-color":"","overlay-opacity":"","overlay-gradient":""},"tablet":{"background-color":"","background-image":"","background-repeat":"repeat","background-position":"center center","background-size":"auto","background-attachment":"scroll","background-type":"","background-media":"","overlay-type":"","overlay-color":"","overlay-opacity":"","overlay-gradient":""},"mobile":{"background-color":"","background-image":"","background-repeat":"repeat","background-position":"center center","background-size":"auto","background-attachment":"scroll","background-type":"","background-media":"","overlay-type":"","overlay-color":"","overlay-opacity":"","overlay-gradient":""}},"ast-content-background-meta":{"desktop":{"background-color":"var(--ast-global-color-5)","background-image":"","background-repeat":"repeat","background-position":"center center","background-size":"auto","background-attachment":"scroll","background-type":"","background-media":"","overlay-type":"","overlay-color":"","overlay-opacity":"","overlay-gradient":""},"tablet":{"background-color":"var(--ast-global-color-5)","background-image":"","background-repeat":"repeat","background-position":"center center","background-size":"auto","background-attachment":"scroll","background-type":"","background-media":"","overlay-type":"","overlay-color":"","overlay-opacity":"","overlay-gradient":""},"mobile":{"background-color":"var(--ast-global-color-5)","background-image":"","background-repeat":"repeat","background-position":"center center","background-size":"auto","background-attachment":"scroll","background-type":"","background-media":"","overlay-type":"","overlay-color":"","overlay-opacity":"","overlay-gradient":""}},"ngg_post_thumbnail":0,"jetpack_post_was_ever_published":false,"_jetpack_newsletter_access":"","_jetpack_dont_email_post_to_subs":false,"_jetpack_newsletter_tier_id":0,"_jetpack_memberships_contains_paywalled_content":false,"_jetpack_memberships_contains_paid_content":false,"footnotes":""},"categories":[33,2],"tags":[77],"class_list":["post-4413","post","type-post","status-publish","format-standard","hentry","category-twitter","category-kino","tag-tweetderwoche"],"jetpack_featured_media_url":"","jetpack_sharing_enabled":true,"jetpack_shortlink":"https:\/\/wp.me\/p4uzZ-19b","jetpack-related-posts":[{"id":763,"url":"https:\/\/textundblog.de\/?p=763","url_meta":{"origin":4413,"position":0},"title":"Peter Suber &amp; Klaus Graf zu Open Access","author":"Markus","date":"3\/2\/2006","format":false,"excerpt":"Sechs Fakten (Peter Suber) und ein Kommentar (Klaus Graf) zu Open Access. [via archivalia]","rel":"","context":"In &quot;Informationskompetenz&quot;","block_context":{"text":"Informationskompetenz","link":"https:\/\/textundblog.de\/?cat=16"},"img":{"alt_text":"","src":"","width":0,"height":0},"classes":[]},{"id":2705,"url":"https:\/\/textundblog.de\/?p=2705","url_meta":{"origin":4413,"position":1},"title":"Johnny Depp und Klaus Kinski auf saarl\u00e4ndisch","author":"Markus","date":"19\/12\/2008","format":false,"excerpt":"Filme aus Spa\u00df in Dialekten synchronisiert, sind ja mittlerweile ein eigenes Genre auf Videoportalen wie YouTube & Konsorten. Aber Johnny Depp in tiefstem Saarl\u00e4ndisch ist bisher mit das st\u00e4rkste, was ich derart entdecken durfte. Wenn Johnny Jack the Ripper im Saarland jagt und den M\u00f6rder im Obschd- unn Gaddebauverein vermutet,\u2026","rel":"","context":"In &quot;Kino&quot;","block_context":{"text":"Kino","link":"https:\/\/textundblog.de\/?cat=2"},"img":{"alt_text":"","src":"","width":0,"height":0},"classes":[]},{"id":1995,"url":"https:\/\/textundblog.de\/?p=1995","url_meta":{"origin":4413,"position":2},"title":"ByteFM &#8211; Webradio aus Hamburg in die Welt","author":"Markus","date":"14\/1\/2008","format":false,"excerpt":"Seit ein paar Tagen gibt es einen neuen Musiksender im Internet: ByteFM. Darauf aufmerksam wurde ich kurz nach dem Sendestart durch ein Twitter-Posting von Cem Basman. Hab seither nur ein paar mal sporadisch reingeh\u00f6rt und war jedesmal sehr angetan. Ein Hamburger Radiosender hat nat\u00fcrlich doppelt meine Sympathien, erstmal weil ich\u2026","rel":"","context":"In &quot;Hamburg&quot;","block_context":{"text":"Hamburg","link":"https:\/\/textundblog.de\/?cat=15"},"img":{"alt_text":"ByteFM - Internetradiosender aus Hamburg","src":"https:\/\/i0.wp.com\/textundblog.de\/wp-content\/bytefm.png?resize=350%2C200&ssl=1","width":350,"height":200},"classes":[]},{"id":726,"url":"https:\/\/textundblog.de\/?p=726","url_meta":{"origin":4413,"position":3},"title":"Open Access: \u00abSchaufenster der Wissenschaft\u00bb","author":"Markus","date":"19\/1\/2006","format":false,"excerpt":"Klaus Graf: \u00abOpen Access nicht nur aus Kostengr\u00fcnden\u00bb Besser kann man \u00fcber \u00abOpen Access\u00bb (OA) nicht informieren. OA-Publikationen richten sich damit prinzipiell nicht nur an Wissenschaftlerinnen und Wissenschaftler, sondern auch an B\u00fcrgerinnen und B\u00fcrger, die sich f\u00fcr Wissenschaft interessieren oder in wissenschaftlichen Publikationen Rat und Hilfe suchen. Nicht zu vergessen\u2026","rel":"","context":"In &quot;Informationskompetenz&quot;","block_context":{"text":"Informationskompetenz","link":"https:\/\/textundblog.de\/?cat=16"},"img":{"alt_text":"","src":"","width":0,"height":0},"classes":[]},{"id":3905,"url":"https:\/\/textundblog.de\/?p=3905","url_meta":{"origin":4413,"position":4},"title":"Mit geschlossenen Augen der Tristesse gelauscht","author":"Markus","date":"21\/12\/2010","format":false,"excerpt":"Bonjour Tristesse, Du alte Hackfresse. Hat nur bedingt etwas mit diesem wunderbaren Foto zu tun. Es ist nicht der Bildtitel, sondern als Titel der Veranstaltung, bei der es geschossen wurde. Vom Hamburgerjung, der gro\u00dfartige Fotos macht, wie man beim Durchstreifen seines Flickr-Accountes erfahren kann. Wer sich f\u00fcr die Blog-Lesung interessiert,\u2026","rel":"","context":"In &quot;Foto&quot;","block_context":{"text":"Foto","link":"https:\/\/textundblog.de\/?cat=10"},"img":{"alt_text":"Mit geschlossenen Augen der Tristesse gelauscht","src":"https:\/\/i0.wp.com\/textundblog.de\/wp-content\/mthf500.jpg?resize=350%2C200&ssl=1","width":350,"height":200},"classes":[]},{"id":1337,"url":"https:\/\/textundblog.de\/?p=1337","url_meta":{"origin":4413,"position":5},"title":"Tobias Moorstedt bucht Blogreise","author":"Markus","date":"5\/12\/2006","format":false,"excerpt":"Wieder einmal hat einer nicht verstanden, wie Blogs funktionieren, und jetzt hat er eine Rundreise durch die Blogosph\u00e4re gebucht: Es handelt sich um Tobias Moorstedt, der auf jetzt.de seine \u00ab9 Thesen \u00fcber Blogs\u00bb ver\u00f6ffentlicht. Erste Reisestationen f\u00fcr den schlecht informierten Journalisten: Klaus Eck | Basic Thinking | Frank Helmschrott |\u2026","rel":"","context":"In &quot;Artikel&quot;","block_context":{"text":"Artikel","link":"https:\/\/textundblog.de\/?cat=5"},"img":{"alt_text":"","src":"","width":0,"height":0},"classes":[]}],"_links":{"self":[{"href":"https:\/\/textundblog.de\/index.php?rest_route=\/wp\/v2\/posts\/4413","targetHints":{"allow":["GET"]}}],"collection":[{"href":"https:\/\/textundblog.de\/index.php?rest_route=\/wp\/v2\/posts"}],"about":[{"href":"https:\/\/textundblog.de\/index.php?rest_route=\/wp\/v2\/types\/post"}],"author":[{"embeddable":true,"href":"https:\/\/textundblog.de\/index.php?rest_route=\/wp\/v2\/users\/1"}],"replies":[{"embeddable":true,"href":"https:\/\/textundblog.de\/index.php?rest_route=%2Fwp%2Fv2%2Fcomments&post=4413"}],"version-history":[{"count":0,"href":"https:\/\/textundblog.de\/index.php?rest_route=\/wp\/v2\/posts\/4413\/revisions"}],"wp:attachment":[{"href":"https:\/\/textundblog.de\/index.php?rest_route=%2Fwp%2Fv2%2Fmedia&parent=4413"}],"wp:term":[{"taxonomy":"category","embeddable":true,"href":"https:\/\/textundblog.de\/index.php?rest_route=%2Fwp%2Fv2%2Fcategories&post=4413"},{"taxonomy":"post_tag","embeddable":true,"href":"https:\/\/textundblog.de\/index.php?rest_route=%2Fwp%2Fv2%2Ftags&post=4413"}],"curies":[{"name":"wp","href":"https:\/\/api.w.org\/{rel}","templated":true}]}}