{"id":44,"date":"2004-11-25T19:40:09","date_gmt":"2004-11-25T18:40:09","guid":{"rendered":"http:\/\/textundblog.de\/?p=44"},"modified":"2004-11-26T12:42:28","modified_gmt":"2004-11-26T11:42:28","slug":"production-design-and-film","status":"publish","type":"post","link":"https:\/\/textundblog.de\/?p=44","title":{"rendered":"Production Design &amp; Film"},"content":{"rendered":"<p><a href=\"http:\/\/www.berlinale.de\/de\/HomePage.html\"><img decoding=\"async\" src=\"\/wp-content\/berlinale.gif\" alt=\"Berlinale 2005\" \/><\/a> Die Berlinale wirft bereits ihre Schatten voraus. Vom 10.-20.02.2005 wird es eine Kubrick-Retro geben und eine weitere Reihe widmet sich dem wichtigen Thema der Filmausstattung: <a href=\"http:\/\/www.berlinale.de\/de\/presse\/pressemitteilungen\/alle\/Alle-Detail_1656.html\">Production Design &amp; Film<\/a><\/p>\n","protected":false},"excerpt":{"rendered":"<p>Die Berlinale wirft bereits ihre Schatten voraus. Vom 10.-20.02.2005 wird es eine Kubrick-Retro geben und eine weitere Reihe widmet sich dem wichtigen Thema der Filmausstattung: Production Design &amp; Film<\/p>\n","protected":false},"author":1,"featured_media":0,"comment_status":"open","ping_status":"open","sticky":false,"template":"","format":"standard","meta":{"site-sidebar-layout":"default","site-content-layout":"","ast-site-content-layout":"default","site-content-style":"default","site-sidebar-style":"default","ast-global-header-display":"","ast-banner-title-visibility":"","ast-main-header-display":"","ast-hfb-above-header-display":"","ast-hfb-below-header-display":"","ast-hfb-mobile-header-display":"","site-post-title":"","ast-breadcrumbs-content":"","ast-featured-img":"","footer-sml-layout":"","theme-transparent-header-meta":"","adv-header-id-meta":"","stick-header-meta":"","header-above-stick-meta":"","header-main-stick-meta":"","header-below-stick-meta":"","astra-migrate-meta-layouts":"default","ast-page-background-enabled":"default","ast-page-background-meta":{"desktop":{"background-color":"var(--ast-global-color-4)","background-image":"","background-repeat":"repeat","background-position":"center center","background-size":"auto","background-attachment":"scroll","background-type":"","background-media":"","overlay-type":"","overlay-color":"","overlay-opacity":"","overlay-gradient":""},"tablet":{"background-color":"","background-image":"","background-repeat":"repeat","background-position":"center center","background-size":"auto","background-attachment":"scroll","background-type":"","background-media":"","overlay-type":"","overlay-color":"","overlay-opacity":"","overlay-gradient":""},"mobile":{"background-color":"","background-image":"","background-repeat":"repeat","background-position":"center center","background-size":"auto","background-attachment":"scroll","background-type":"","background-media":"","overlay-type":"","overlay-color":"","overlay-opacity":"","overlay-gradient":""}},"ast-content-background-meta":{"desktop":{"background-color":"var(--ast-global-color-5)","background-image":"","background-repeat":"repeat","background-position":"center center","background-size":"auto","background-attachment":"scroll","background-type":"","background-media":"","overlay-type":"","overlay-color":"","overlay-opacity":"","overlay-gradient":""},"tablet":{"background-color":"var(--ast-global-color-5)","background-image":"","background-repeat":"repeat","background-position":"center center","background-size":"auto","background-attachment":"scroll","background-type":"","background-media":"","overlay-type":"","overlay-color":"","overlay-opacity":"","overlay-gradient":""},"mobile":{"background-color":"var(--ast-global-color-5)","background-image":"","background-repeat":"repeat","background-position":"center center","background-size":"auto","background-attachment":"scroll","background-type":"","background-media":"","overlay-type":"","overlay-color":"","overlay-opacity":"","overlay-gradient":""}},"ngg_post_thumbnail":0,"jetpack_post_was_ever_published":false,"_jetpack_newsletter_access":"","_jetpack_dont_email_post_to_subs":false,"_jetpack_newsletter_tier_id":0,"_jetpack_memberships_contains_paywalled_content":false,"_jetpack_memberships_contains_paid_content":false,"footnotes":""},"categories":[2],"tags":[],"class_list":["post-44","post","type-post","status-publish","format-standard","hentry","category-kino"],"jetpack_featured_media_url":"","jetpack_sharing_enabled":true,"jetpack_shortlink":"https:\/\/wp.me\/p4uzZ-I","jetpack-related-posts":[{"id":7132,"url":"https:\/\/textundblog.de\/?p=7132","url_meta":{"origin":44,"position":0},"title":"Method Design l\u00e4sst die Puppen tanzen &#8211; und wie!","author":"Markus","date":"13\/6\/2016","format":false,"excerpt":"Eine wunderbare Tanzperformance mit einer beachtlichen Animationstechnik umgesetzt. Bin begeistert. Tolles Werk von Method Design. Der Song, der zu h\u00f6ren ist: Major Lazer - Light It Up (Remix). 2016 AICP Sponsor Reel - Dir Cut from Method Studios. Method Design was tapped by production company RSA to concept and create\u2026","rel":"","context":"In &quot;Musik&quot;","block_context":{"text":"Musik","link":"https:\/\/textundblog.de\/?cat=7"},"img":{"alt_text":"Method Design: AICP Sponsor Reel","src":"https:\/\/i0.wp.com\/textundblog.de\/wp-content\/animation-dance.jpg?resize=350%2C200&ssl=1","width":350,"height":200,"srcset":"https:\/\/i0.wp.com\/textundblog.de\/wp-content\/animation-dance.jpg?resize=350%2C200&ssl=1 1x, https:\/\/i0.wp.com\/textundblog.de\/wp-content\/animation-dance.jpg?resize=525%2C300&ssl=1 1.5x, https:\/\/i0.wp.com\/textundblog.de\/wp-content\/animation-dance.jpg?resize=700%2C400&ssl=1 2x"},"classes":[]},{"id":6038,"url":"https:\/\/textundblog.de\/?p=6038","url_meta":{"origin":44,"position":1},"title":"Starke Bilder in Slow Motion: 8 Hours in Brooklyn","author":"Markus","date":"8\/6\/2014","format":false,"excerpt":"Bei dieser Hitze vielleicht genau das Richtige: ein Kurzfilm mit viiiiel Wasser. Aber nicht nur deshalb ist er beeindruckend. Sondern weil es wirklich sehr starke Bilder zu sehen gibt: 8 Hours in Brooklyn from Variable on Vimeo. All footage was shot within an 8 hour span in Brooklyn, NYC. This\u2026","rel":"","context":"In &quot;Video&quot;","block_context":{"text":"Video","link":"https:\/\/textundblog.de\/?cat=18"},"img":{"alt_text":"","src":"https:\/\/i0.wp.com\/textundblog.de\/wp-content\/brooklyn-slomo.jpg?resize=350%2C200&ssl=1","width":350,"height":200},"classes":[]},{"id":2787,"url":"https:\/\/textundblog.de\/?p=2787","url_meta":{"origin":44,"position":2},"title":"Brasilianischer Zeitraffer durch die Nacht","author":"Markus","date":"4\/2\/2009","format":false,"excerpt":"K\u00f6nnt' ich stundenlang schauen: colapse times from demari.tv on Vimeo. A night light time lapse sessions by luis.simione@terra.com.br (Photographer). Editing & morph effect by demari.tv motion design & post production; Mixed with track ''Third Knife'' from The Youngsters - Ministry of Sound record: \"The Underground 2008\". [via netzpolitik auf Twitter]","rel":"","context":"In &quot;Video&quot;","block_context":{"text":"Video","link":"https:\/\/textundblog.de\/?cat=18"},"img":{"alt_text":"","src":"","width":0,"height":0},"classes":[]},{"id":3311,"url":"https:\/\/textundblog.de\/?p=3311","url_meta":{"origin":44,"position":3},"title":"Aktuelle \u00dcbersetzung: Der lange Weg der Hoffnung","author":"Markus","date":"18\/12\/2009","format":false,"excerpt":"(Update 14.9.2010: Wie Christian Hauschke mir in den Kommentaren mitteilte, lief der Film heute Abend auf arte. Wiederholung zu sehen am Donnerstag, den 30.09.2010 um 10:50 Uhr oder in der arte Mediathek.) Die vergangenen Jahre waren die Dokumentarfilme \u00fcber Lateinamerika, die ich f\u00fcr arte aus dem Spanischen \u00fcbersetzt habe (siehe\u2026","rel":"","context":"In &quot;Spanisch&quot;","block_context":{"text":"Spanisch","link":"https:\/\/textundblog.de\/?cat=8"},"img":{"alt_text":"Yadira: Bringt die Flucht in die USA die L\u00f6sung der Probleme?","src":"https:\/\/i0.wp.com\/textundblog.de\/wp-content\/voyage1.jpg?resize=350%2C200&ssl=1","width":350,"height":200},"classes":[]},{"id":5418,"url":"https:\/\/textundblog.de\/?p=5418","url_meta":{"origin":44,"position":4},"title":"Francois Ferracci: Lost Memories","author":"Markus","date":"3\/6\/2013","format":false,"excerpt":"LOST MEMORIES (French, English Subtitles) from Francois Ferracci on Vimeo. Der Kurzfilm Lost Memories von Francois Ferracci ist ein ganz starkes Statement zum Diskurs digital vs analog. Wer mehr \u00fcber den Film erfahren mag, dem empfehle ich das Interview mit Ferracci auf One Small Window: How did you come up\u2026","rel":"","context":"In &quot;Video&quot;","block_context":{"text":"Video","link":"https:\/\/textundblog.de\/?cat=18"},"img":{"alt_text":"","src":"","width":0,"height":0},"classes":[]},{"id":252,"url":"https:\/\/textundblog.de\/?p=252","url_meta":{"origin":44,"position":5},"title":"Neue Lomom\u00fctzen","author":"Markus","date":"2\/3\/2005","format":false,"excerpt":"Seit neuestem sind auf der Homepage des Dokumentarfilms \"LOve & MOtion\" auch die M\u00fctzenbilder der Filmpremieren aus Berlin und Stuttgart zu bewundern. Text & Web hat f\u00fcr den Dokumentarfilm \u00fcber Lomographie, auf den die Lomographen in diesem englischen und in jenem deutschen Newsletter aufmerksam gemacht wurden, auch eine englische Homepage\u2026","rel":"","context":"In &quot;Foto&quot;","block_context":{"text":"Foto","link":"https:\/\/textundblog.de\/?cat=10"},"img":{"alt_text":"Lomom\u00fctzen","src":".\/wp-content\/lomomuetzen.jpg","width":350,"height":200},"classes":[]}],"_links":{"self":[{"href":"https:\/\/textundblog.de\/index.php?rest_route=\/wp\/v2\/posts\/44","targetHints":{"allow":["GET"]}}],"collection":[{"href":"https:\/\/textundblog.de\/index.php?rest_route=\/wp\/v2\/posts"}],"about":[{"href":"https:\/\/textundblog.de\/index.php?rest_route=\/wp\/v2\/types\/post"}],"author":[{"embeddable":true,"href":"https:\/\/textundblog.de\/index.php?rest_route=\/wp\/v2\/users\/1"}],"replies":[{"embeddable":true,"href":"https:\/\/textundblog.de\/index.php?rest_route=%2Fwp%2Fv2%2Fcomments&post=44"}],"version-history":[{"count":0,"href":"https:\/\/textundblog.de\/index.php?rest_route=\/wp\/v2\/posts\/44\/revisions"}],"wp:attachment":[{"href":"https:\/\/textundblog.de\/index.php?rest_route=%2Fwp%2Fv2%2Fmedia&parent=44"}],"wp:term":[{"taxonomy":"category","embeddable":true,"href":"https:\/\/textundblog.de\/index.php?rest_route=%2Fwp%2Fv2%2Fcategories&post=44"},{"taxonomy":"post_tag","embeddable":true,"href":"https:\/\/textundblog.de\/index.php?rest_route=%2Fwp%2Fv2%2Ftags&post=44"}],"curies":[{"name":"wp","href":"https:\/\/api.w.org\/{rel}","templated":true}]}}