{"id":4249,"date":"2011-07-21T16:28:05","date_gmt":"2011-07-21T14:28:05","guid":{"rendered":"http:\/\/textundblog.de\/?p=4249"},"modified":"2011-07-24T14:09:12","modified_gmt":"2011-07-24T12:09:12","slug":"wandsbeker-dialog-franzosischer-kunstler-hein","status":"publish","type":"post","link":"https:\/\/textundblog.de\/?p=4249","title":{"rendered":"Wandsbeker Dialog: Franz\u00f6sischer K\u00fcnstler, hein?"},"content":{"rendered":"<p><a href=\"https:\/\/i0.wp.com\/textundblog.de\/wp-content\/mt-frz-kuenstler.jpg?ssl=1\"><img data-recalc-dims=\"1\" loading=\"lazy\" decoding=\"async\" src=\"https:\/\/i0.wp.com\/textundblog.de\/wp-content\/mt-frz-kuenstler-kl.jpg?resize=500%2C667&#038;ssl=1\" alt=\"Ich bin doch aber gar kein Franzose\" title=\"Ich bin doch aber gar kein Franzose\u2026\" width=\"500\" height=\"667\" \/><\/a><\/p>\n<p>Eben beim Warten auf meinen H\u00e4hnchen-D\u00f6ner bei <a href=\"http:\/\/www.qype.com\/place\/2252-Dr-Kebap-Hamburg\">Dr. Kebap<\/a> in Wandsbek: Der sichtbar gut gelaunte Mitarbeiter t\u00fcrkischer oder griechischer Herkunft meint zu mir:<\/p>\n<p>\u00abSie sehen aus wir ein franz\u00f6sischer K\u00fcnstler.\u00bb Beinahe versch\u00e4mt erg\u00e4nzt er auf mein Stirnrunzeln hin: \u00abIs&#8216; als Kompliment gemeint. Isch mein&#8217;\u2026 so wegen der M\u00fctze.\u00bb <\/p>\n<p>\u00abIch bin ja auch Saarl\u00e4nder, das liegt an der Grenze zu Frankreich\u00bb, entgegne ich ihm l\u00e4chelnd. Der freundliche Verk\u00e4ufer sieht sich best\u00e4tigt: \u00abJa, das liegt da unten bei Luxemburg. Sehen Sie?\u00bb<\/p>\n<p>W\u00e4hrend ich auf meinen D\u00f6ner zum Mitnehmen wartete, habe ich obiges Selbstportr\u00e4t geschossen.<\/p>\n","protected":false},"excerpt":{"rendered":"<p>Eben beim Warten auf meinen H\u00e4hnchen-D\u00f6ner bei Dr. Kebap in Wandsbek: Der sichtbar gut gelaunte Mitarbeiter t\u00fcrkischer oder griechischer Herkunft meint zu mir: \u00abSie sehen aus wir ein franz\u00f6sischer K\u00fcnstler.\u00bb Beinahe versch\u00e4mt erg\u00e4nzt er auf mein Stirnrunzeln hin: \u00abIs&#8216; als Kompliment gemeint. Isch mein&#8217;\u2026 so wegen der M\u00fctze.\u00bb \u00abIch bin ja auch Saarl\u00e4nder, das liegt [&hellip;]<\/p>\n","protected":false},"author":1,"featured_media":0,"comment_status":"open","ping_status":"open","sticky":false,"template":"","format":"standard","meta":{"site-sidebar-layout":"default","site-content-layout":"","ast-site-content-layout":"default","site-content-style":"default","site-sidebar-style":"default","ast-global-header-display":"","ast-banner-title-visibility":"","ast-main-header-display":"","ast-hfb-above-header-display":"","ast-hfb-below-header-display":"","ast-hfb-mobile-header-display":"","site-post-title":"","ast-breadcrumbs-content":"","ast-featured-img":"","footer-sml-layout":"","theme-transparent-header-meta":"","adv-header-id-meta":"","stick-header-meta":"","header-above-stick-meta":"","header-main-stick-meta":"","header-below-stick-meta":"","astra-migrate-meta-layouts":"default","ast-page-background-enabled":"default","ast-page-background-meta":{"desktop":{"background-color":"var(--ast-global-color-4)","background-image":"","background-repeat":"repeat","background-position":"center center","background-size":"auto","background-attachment":"scroll","background-type":"","background-media":"","overlay-type":"","overlay-color":"","overlay-opacity":"","overlay-gradient":""},"tablet":{"background-color":"","background-image":"","background-repeat":"repeat","background-position":"center center","background-size":"auto","background-attachment":"scroll","background-type":"","background-media":"","overlay-type":"","overlay-color":"","overlay-opacity":"","overlay-gradient":""},"mobile":{"background-color":"","background-image":"","background-repeat":"repeat","background-position":"center center","background-size":"auto","background-attachment":"scroll","background-type":"","background-media":"","overlay-type":"","overlay-color":"","overlay-opacity":"","overlay-gradient":""}},"ast-content-background-meta":{"desktop":{"background-color":"var(--ast-global-color-5)","background-image":"","background-repeat":"repeat","background-position":"center center","background-size":"auto","background-attachment":"scroll","background-type":"","background-media":"","overlay-type":"","overlay-color":"","overlay-opacity":"","overlay-gradient":""},"tablet":{"background-color":"var(--ast-global-color-5)","background-image":"","background-repeat":"repeat","background-position":"center center","background-size":"auto","background-attachment":"scroll","background-type":"","background-media":"","overlay-type":"","overlay-color":"","overlay-opacity":"","overlay-gradient":""},"mobile":{"background-color":"var(--ast-global-color-5)","background-image":"","background-repeat":"repeat","background-position":"center center","background-size":"auto","background-attachment":"scroll","background-type":"","background-media":"","overlay-type":"","overlay-color":"","overlay-opacity":"","overlay-gradient":""}},"ngg_post_thumbnail":0,"jetpack_post_was_ever_published":false,"_jetpack_newsletter_access":"","_jetpack_dont_email_post_to_subs":false,"_jetpack_newsletter_tier_id":0,"_jetpack_memberships_contains_paywalled_content":false,"_jetpack_memberships_contains_paid_content":false,"footnotes":""},"categories":[10,15],"tags":[],"class_list":["post-4249","post","type-post","status-publish","format-standard","hentry","category-foto","category-hamburg"],"jetpack_featured_media_url":"","jetpack_sharing_enabled":true,"jetpack_shortlink":"https:\/\/wp.me\/p4uzZ-16x","jetpack-related-posts":[{"id":5265,"url":"https:\/\/textundblog.de\/?p=5265","url_meta":{"origin":4249,"position":0},"title":"Stromkasten-Graffiti: Stra\u00dfenkunst im Lengerckestieg","author":"Markus","date":"17\/2\/2013","format":false,"excerpt":"Eine von Hamburgs kleinsten Stra\u00dfen ist in meiner Abwesenheit um ein Kunstwerk bereichert worden: Als ich heute Mittag von der Berlinale zur\u00fcckgekommen bin, war ich positiv \u00fcberrascht von dem Anblick, der sich mir beim Einbiegen in den Lengerckestieg \u2013 meine Stra\u00dfe im wundersch\u00f6nen Wandsbek \u2013 bot. Da hat doch tats\u00e4chlich\u2026","rel":"","context":"In &quot;Foto&quot;","block_context":{"text":"Foto","link":"https:\/\/textundblog.de\/?cat=10"},"img":{"alt_text":"","src":"https:\/\/i0.wp.com\/textundblog.de\/wp-content\/graffitikasten1.jpg?resize=350%2C200&ssl=1","width":350,"height":200},"classes":[]},{"id":6041,"url":"https:\/\/textundblog.de\/?p=6041","url_meta":{"origin":4249,"position":1},"title":"Entlang der Wandse zum Botanischen Sondergarten Wandsbek","author":"Markus","date":"9\/6\/2014","format":false,"excerpt":"Warum denn in die Ferne schweifen, wenn die Wandse liegt so nah? \u2026dachte sich heute Morgen schon Frau Kurzundknapp und berichtet mit sehenswerten Fotos davon im Artikel \u00abWandsewanderweg\u00bb. Auch ich warf mich vorhin aufs Rad und strampelte entlang des k\u00fchlen Schattens der Wandse dem Botanischen Sondergarten Wandsbek entgegen. 30 Minuten\u2026","rel":"","context":"In &quot;Foto&quot;","block_context":{"text":"Foto","link":"https:\/\/textundblog.de\/?cat=10"},"img":{"alt_text":"","src":"https:\/\/i0.wp.com\/textundblog.de\/wp-content\/IMG_5212.jpg?resize=350%2C200","width":350,"height":200,"srcset":"https:\/\/i0.wp.com\/textundblog.de\/wp-content\/IMG_5212.jpg?resize=350%2C200 1x, https:\/\/i0.wp.com\/textundblog.de\/wp-content\/IMG_5212.jpg?resize=525%2C300 1.5x, https:\/\/i0.wp.com\/textundblog.de\/wp-content\/IMG_5212.jpg?resize=700%2C400 2x, https:\/\/i0.wp.com\/textundblog.de\/wp-content\/IMG_5212.jpg?resize=1050%2C600 3x, https:\/\/i0.wp.com\/textundblog.de\/wp-content\/IMG_5212.jpg?resize=1400%2C800 4x"},"classes":[]},{"id":4320,"url":"https:\/\/textundblog.de\/?p=4320","url_meta":{"origin":4249,"position":2},"title":"Roter Feldsalat vom Wandsbeker Wochenmarkt","author":"Markus","date":"3\/9\/2011","format":false,"excerpt":"Wusste gar nicht, dass es auch Roten Feldsalat gibt. Eben bei meinem Stand des Vertrauens auf dem Wandsbeker Wochenmarkt entdeckt. Bin gespannt, wie der schmeckt (unfreiwilliger Reim). Der Feldsalat, oder wie wir in meiner saarl\u00e4ndischen Heimat liebevoll sagen: Mausohrsalat, geh\u00f6rt zu meinen Lieblingssalaten. Um so mehr erstaunt mich die Tatsache,\u2026","rel":"","context":"In &quot;Foto&quot;","block_context":{"text":"Foto","link":"https:\/\/textundblog.de\/?cat=10"},"img":{"alt_text":"Roter Feldsalat vom Wandsbeker Wochenmarkt","src":"https:\/\/i0.wp.com\/textundblog.de\/wp-content\/roterfeldsalat.jpg?resize=350%2C200&ssl=1","width":350,"height":200},"classes":[]},{"id":6299,"url":"https:\/\/textundblog.de\/?p=6299","url_meta":{"origin":4249,"position":3},"title":"Wandsbeker Sommerfest am M\u00fchlenteich \u2013 Piratenstand zu TTIP","author":"Markus","date":"5\/9\/2014","format":false,"excerpt":"Am kommenden Sonntag (7. September, 12-19 h) findet an einem meiner Lieblingspl\u00e4tze in Wandsbek das Wandsbeker Sommerfest statt. Vom Wandsbeker M\u00fchlenteich hab ich ja hier schon des \u00f6fteren berichtet. Bei Hamburgs br\u00fcckentechnischer Fachreporterin Frau Kurzundknapp war der M\u00fchlenteich samt Br\u00fccke mit Hinweis auf das Sommerfest k\u00fcrzlich auch ein Thema. Dort\u2026","rel":"","context":"In &quot;Hamburg&quot;","block_context":{"text":"Hamburg","link":"https:\/\/textundblog.de\/?cat=15"},"img":{"alt_text":"","src":"https:\/\/i0.wp.com\/textundblog.de\/wp-content\/sommerfest-wandsbek.jpg?resize=350%2C200&ssl=1","width":350,"height":200,"srcset":"https:\/\/i0.wp.com\/textundblog.de\/wp-content\/sommerfest-wandsbek.jpg?resize=350%2C200&ssl=1 1x, https:\/\/i0.wp.com\/textundblog.de\/wp-content\/sommerfest-wandsbek.jpg?resize=525%2C300&ssl=1 1.5x, https:\/\/i0.wp.com\/textundblog.de\/wp-content\/sommerfest-wandsbek.jpg?resize=700%2C400&ssl=1 2x"},"classes":[]},{"id":6089,"url":"https:\/\/textundblog.de\/?p=6089","url_meta":{"origin":4249,"position":4},"title":"Um die Ecke liegt die Litzowstra\u00dfenbr\u00fccke","author":"Markus","date":"23\/6\/2014","format":false,"excerpt":"Das ist der Blick, den man von der Litzowbr\u00fccke auf die Wandse hat. Wer bei mir zu Besuch war, kennt die kleine Br\u00fccke, die man \u00fcberquert, ehe man zu mir in den Lengerckestieg einbiegt. Frau Kurzundknapp, die es sich zur Aufgabe gemacht hat, alle Br\u00fccken Hamburgs zu portr\u00e4tieren, hat sich\u2026","rel":"","context":"In &quot;Foto&quot;","block_context":{"text":"Foto","link":"https:\/\/textundblog.de\/?cat=10"},"img":{"alt_text":"","src":"https:\/\/i0.wp.com\/textundblog.de\/wp-content\/blickvonlitzowbruecke.jpg?resize=350%2C200&ssl=1","width":350,"height":200},"classes":[]},{"id":2640,"url":"https:\/\/textundblog.de\/?p=2640","url_meta":{"origin":4249,"position":5},"title":"Wintereinbruch in Wandsbek","author":"Markus","date":"21\/11\/2008","format":false,"excerpt":"So schnell isser da, der Winter. Mitten im Herbst. Der erste Schneefall f\u00fcr dieses Jahr in Hamburg. Oben zu sehen: Blick aufs Hamburger Staatsarchiv (blaues Geb\u00e4ude im Hintergrund). Rechts zu sehen: Blick auf das Wandsbeker Busdepot.","rel":"","context":"In &quot;Foto&quot;","block_context":{"text":"Foto","link":"https:\/\/textundblog.de\/?cat=10"},"img":{"alt_text":"Blick aufs Staatsarchiv","src":"https:\/\/i0.wp.com\/textundblog.de\/wp-content\/schneestaatsarchiv.jpg?resize=350%2C200&ssl=1","width":350,"height":200},"classes":[]}],"_links":{"self":[{"href":"https:\/\/textundblog.de\/index.php?rest_route=\/wp\/v2\/posts\/4249","targetHints":{"allow":["GET"]}}],"collection":[{"href":"https:\/\/textundblog.de\/index.php?rest_route=\/wp\/v2\/posts"}],"about":[{"href":"https:\/\/textundblog.de\/index.php?rest_route=\/wp\/v2\/types\/post"}],"author":[{"embeddable":true,"href":"https:\/\/textundblog.de\/index.php?rest_route=\/wp\/v2\/users\/1"}],"replies":[{"embeddable":true,"href":"https:\/\/textundblog.de\/index.php?rest_route=%2Fwp%2Fv2%2Fcomments&post=4249"}],"version-history":[{"count":0,"href":"https:\/\/textundblog.de\/index.php?rest_route=\/wp\/v2\/posts\/4249\/revisions"}],"wp:attachment":[{"href":"https:\/\/textundblog.de\/index.php?rest_route=%2Fwp%2Fv2%2Fmedia&parent=4249"}],"wp:term":[{"taxonomy":"category","embeddable":true,"href":"https:\/\/textundblog.de\/index.php?rest_route=%2Fwp%2Fv2%2Fcategories&post=4249"},{"taxonomy":"post_tag","embeddable":true,"href":"https:\/\/textundblog.de\/index.php?rest_route=%2Fwp%2Fv2%2Ftags&post=4249"}],"curies":[{"name":"wp","href":"https:\/\/api.w.org\/{rel}","templated":true}]}}