{"id":4186,"date":"2011-06-23T14:34:28","date_gmt":"2011-06-23T12:34:28","guid":{"rendered":"http:\/\/textundblog.de\/?p=4186"},"modified":"2011-06-23T14:46:20","modified_gmt":"2011-06-23T12:46:20","slug":"petition-zum-rucktritt-von-silvana-koch-mehrin","status":"publish","type":"post","link":"https:\/\/textundblog.de\/?p=4186","title":{"rendered":"Petition zum R\u00fccktritt von Silvana Koch-Mehrin"},"content":{"rendered":"<p>Wenn Silvana Koch-Mehrin und alle, die sie immer noch unterst\u00fctzen, nach dem Motto &laquo;Dreistigkeit siegt&raquo; glauben, die Europaabgeordnete der FDP k\u00f6nne nach dem erwiesenen wissenschaftlichen Betrug auch noch ausgerechnet eine wissenschaftliche Funktion als Belohnung f\u00fcr ihre nicht erbrachte &#8222;Leistung&#8220; aus\u00fcben, dann stimmt etwas nicht. Und die Scheinheiligkeit, mit der zun\u00e4chst auch zu Guttenberg versuchte durchzukommen, wird noch getoppt. Hintergrund im Blog des Sprachwissenschaftlers Anatol Stefanowitsch: <a href=\"http:\/\/www.wissenslogs.de\/wblogs\/blog\/sprachlog\/kultur\/2011-06-22\/das-ende-der-l-gen\">Das Ende der L\u00fcgen<\/a>:<\/p>\n<blockquote><p>Nochmal langsam: Eine uneinsichtige akademische Hochstaplerin l\u00e4sst sich wenige Tage, nachdem eine der \u00e4ltesten und angesehensten Universit\u00e4ten Europas ihr ihren Doktortitel entzogen hat, in einen Ausschuss des Europ\u00e4ischen Parlaments w\u00e4hlen, der Entscheidungen \u00fcber Forschungsfragen trifft.<\/p>\n<p>Nur, falls es jemand immer noch nicht verstanden hat: Deutschland wird im Forschungsausschuss des Europaparlaments durch eine \u00fcberf\u00fchrte wissenschaftliche Betr\u00fcgerin repr\u00e4sentiert.<\/p><\/blockquote>\n<p>Dankenswerterweise hat Stefanowitsch mit \u00fcber Twitter organisierter Unterst\u00fctzung heute Vormittag eine <a href=\"http:\/\/www.gopetition.com\/petitions\/resignation-of-silvana-koch-mehrin-from-the-european-pa.html\"><strong>Petition zum R\u00fccktritt von Silvana Koch-Mehrin<\/strong><\/a> in deutscher, englischer und franz\u00f6sischer Sprache ins Netz gestellt:<\/p>\n<blockquote><p>Die Unterzeichner rufen das Europ\u00e4ische Parlament auf, Frau Silvana Koch-Mehrin aus dem Ausschuss f\u00fcr Industrie, Forschung und Energie abzuberufen. J\u00fcngst stellte die Ruprecht-Karls-Universit\u00e4t Heidelberg fest, dass Frau Koch-Mehrin einen gro\u00dfen Teil ihrer Doktorarbeit zum Thema \u201eHistorische W\u00e4hrungsunion zwischen Wirtschaft und Politik: Die Lateinische M\u00fcnzunion\u201c mit ungenauer Nennung der Quelle oder ganz ohne Nennung der Quelle bei anderen Autoren abgeschrieben hat. Die Universit\u00e4t hat Frau Koch-Mehrin am 15. Juni 2011 den Doktorgrad entzogen.<\/p>\n<p>Es ist inakzeptabel, dass jemand, der sich des akademischen Betrugs schuldig gemacht hat, in einem Ausschuss sitzt, der die europ\u00e4ische Forschungspolitik und ihre Finanzierung \u00fcberwacht.<\/p>\n<p>Desweiteren rufen wir die Partei von Frau Koch-Mehrin, die Freie Demokratische Partei Deutschlands, sowie die Fraktion der Allianz der Liberalen und Demokraten f\u00fcr Europa im europ\u00e4ischen Parlament auf, alle in ihrer Macht stehenden Ma\u00dfnahmen zu ergreifen, um Frau Koch-Mehrin davon zu \u00fcberzeugen, ihre Mitgliedschaft im Ausschuss f\u00fcr Industrie, Forschung und Energie und ihr Mandat im Europ\u00e4ischen Parlament niederzulegen.<br \/>\nZuletzt fordern wir Frau Koch-Mehrin selbst auf, f\u00fcr den akademischen Betrug, den sie begangen hat, die Verantwortung zu \u00fcbernehmen und von ihrem Amt im Ausschuss f\u00fcr Industrie, Forschung und Energie und von ihrem Mandat im Europ\u00e4ischen Parlament zur\u00fcckzutreten, um weiteren Schaden am Ansehen dieser Institutionen, der wissenschaftlichen Gemeinschaft und dem Land, das sie im Europ\u00e4ischen Parlament repr\u00e4sentiert, abzuwenden.<\/p><\/blockquote>\n<p>Ich habe die Petition als Unterzeichner Nr. 42 soeben unterschrieben und hoffe sehr, dass viele Menschen das in den n\u00e4chsten Tagen auch tun werden und diese Aktion \u00fcber die ihnen zur Verf\u00fcgung stehenden Kan\u00e4le wie Blogs, Facebook, Twitter, E-Mail, Weitersagen (leicht merkbarer Kurzlink: <a href=\"http:\/\/ir.pe\/silvana\">ir.pe\/silvana<\/a>) etc. verbreiten. <\/p>\n<p>Nochmals zum Motto: &laquo;Dreistigkeit siegt&raquo;. Tats\u00e4chlich? Ich w\u00fcrde sagen: &laquo;Nicht mit uns!&raquo;<\/p>\n","protected":false},"excerpt":{"rendered":"<p>Wenn Silvana Koch-Mehrin und alle, die sie immer noch unterst\u00fctzen, nach dem Motto &laquo;Dreistigkeit siegt&raquo; glauben, die Europaabgeordnete der FDP k\u00f6nne nach dem erwiesenen wissenschaftlichen Betrug auch noch ausgerechnet eine wissenschaftliche Funktion als Belohnung f\u00fcr ihre nicht erbrachte &#8222;Leistung&#8220; aus\u00fcben, dann stimmt etwas nicht. Und die Scheinheiligkeit, mit der zun\u00e4chst auch zu Guttenberg versuchte durchzukommen, [&hellip;]<\/p>\n","protected":false},"author":1,"featured_media":0,"comment_status":"open","ping_status":"open","sticky":false,"template":"","format":"standard","meta":{"site-sidebar-layout":"default","site-content-layout":"","ast-site-content-layout":"default","site-content-style":"default","site-sidebar-style":"default","ast-global-header-display":"","ast-banner-title-visibility":"","ast-main-header-display":"","ast-hfb-above-header-display":"","ast-hfb-below-header-display":"","ast-hfb-mobile-header-display":"","site-post-title":"","ast-breadcrumbs-content":"","ast-featured-img":"","footer-sml-layout":"","theme-transparent-header-meta":"","adv-header-id-meta":"","stick-header-meta":"","header-above-stick-meta":"","header-main-stick-meta":"","header-below-stick-meta":"","astra-migrate-meta-layouts":"default","ast-page-background-enabled":"default","ast-page-background-meta":{"desktop":{"background-color":"var(--ast-global-color-4)","background-image":"","background-repeat":"repeat","background-position":"center center","background-size":"auto","background-attachment":"scroll","background-type":"","background-media":"","overlay-type":"","overlay-color":"","overlay-opacity":"","overlay-gradient":""},"tablet":{"background-color":"","background-image":"","background-repeat":"repeat","background-position":"center center","background-size":"auto","background-attachment":"scroll","background-type":"","background-media":"","overlay-type":"","overlay-color":"","overlay-opacity":"","overlay-gradient":""},"mobile":{"background-color":"","background-image":"","background-repeat":"repeat","background-position":"center center","background-size":"auto","background-attachment":"scroll","background-type":"","background-media":"","overlay-type":"","overlay-color":"","overlay-opacity":"","overlay-gradient":""}},"ast-content-background-meta":{"desktop":{"background-color":"var(--ast-global-color-5)","background-image":"","background-repeat":"repeat","background-position":"center center","background-size":"auto","background-attachment":"scroll","background-type":"","background-media":"","overlay-type":"","overlay-color":"","overlay-opacity":"","overlay-gradient":""},"tablet":{"background-color":"var(--ast-global-color-5)","background-image":"","background-repeat":"repeat","background-position":"center center","background-size":"auto","background-attachment":"scroll","background-type":"","background-media":"","overlay-type":"","overlay-color":"","overlay-opacity":"","overlay-gradient":""},"mobile":{"background-color":"var(--ast-global-color-5)","background-image":"","background-repeat":"repeat","background-position":"center center","background-size":"auto","background-attachment":"scroll","background-type":"","background-media":"","overlay-type":"","overlay-color":"","overlay-opacity":"","overlay-gradient":""}},"ngg_post_thumbnail":0,"jetpack_post_was_ever_published":false,"_jetpack_newsletter_access":"","_jetpack_dont_email_post_to_subs":false,"_jetpack_newsletter_tier_id":0,"_jetpack_memberships_contains_paywalled_content":false,"_jetpack_memberships_contains_paid_content":false,"footnotes":""},"categories":[4],"tags":[],"class_list":["post-4186","post","type-post","status-publish","format-standard","hentry","category-internet"],"jetpack_featured_media_url":"","jetpack_sharing_enabled":true,"jetpack_shortlink":"https:\/\/wp.me\/p4uzZ-15w","jetpack-related-posts":[{"id":4188,"url":"https:\/\/textundblog.de\/?p=4188","url_meta":{"origin":4186,"position":0},"title":"Silvana Koch-Mehrin: R\u00fcckzug aus EU-Forschungsausschuss","author":"Markus","date":"25\/6\/2011","format":false,"excerpt":"Die gute Nachricht des Tages: Die deutsche FDP-Politikerin Silvana Koch-Mehrin hat nach deutlicher Kritik deutscher Wissenschaftsorganisationen ihren R\u00fcckzug vom Forschungsausschuss des EU-Parlaments verk\u00fcndet. Quelle: orf.at Alles andere w\u00e4re auch eine Verh\u00f6hnung der Wissenschaft gewesen. Gut, dass Druck gemacht wurde. Von Wissenschaftsorganisationen (\u00abAlles andere als ein Kavaliersdelikt\u00bb) und durch die Petition\u2026","rel":"","context":"In &quot;Politik&quot;","block_context":{"text":"Politik","link":"https:\/\/textundblog.de\/?cat=9"},"img":{"alt_text":"","src":"","width":0,"height":0},"classes":[]},{"id":4182,"url":"https:\/\/textundblog.de\/?p=4182","url_meta":{"origin":4186,"position":1},"title":"Everything is a Remix &#8211; Part 3","author":"Markus","date":"23\/6\/2011","format":false,"excerpt":"Everything is a Remix Part 3 from Kirby Ferguson on Vimeo. Ich hatte ja neulich schon die ersten beiden Teile der Serie Everything is a Remix vorgestellt. Nun ist der f\u00fcr Juni angek\u00fcndigte 3. Teil von Kirby Ferguson mit dem Titel \"The Elements of Creativity\" ver\u00f6ffentlicht worden und steht den\u2026","rel":"","context":"In &quot;Video&quot;","block_context":{"text":"Video","link":"https:\/\/textundblog.de\/?cat=18"},"img":{"alt_text":"","src":"","width":0,"height":0},"classes":[]},{"id":1082,"url":"https:\/\/textundblog.de\/?p=1082","url_meta":{"origin":4186,"position":2},"title":"Studie zu &#8218;M\u00e4rkten der virtualisierten Wissenschaft&#8216;","author":"Markus","date":"24\/7\/2006","format":false,"excerpt":"Die Computerzeitschrift c't bleibt an einem wichtigen Thema, dem offenen Zugang zu Wissen und Forschung, dran: Nach dem Artikel \u00ab\u00dcber die Ketten der Wissensgesellschaft - Der Kulturkampf \u00fcber den Zugang zu wissenschaftlichen Ver\u00f6ffentlichungen versch\u00e4rft sich\u00bb von Richard Sietmann (c't 12\/2006, S. 190), berichtet in der aktuellen Ausgabe (c't 16\/2006, S.\u2026","rel":"","context":"In &quot;Artikel&quot;","block_context":{"text":"Artikel","link":"https:\/\/textundblog.de\/?cat=5"},"img":{"alt_text":"","src":"","width":0,"height":0},"classes":[]},{"id":629,"url":"https:\/\/textundblog.de\/?p=629","url_meta":{"origin":4186,"position":3},"title":"Dezentrales Netz f\u00fcr digitale EU-Kultur","author":"Markus","date":"10\/11\/2005","format":false,"excerpt":"Das Fraunhofer Institut f\u00fcr Integrierte Publikations- und Informationssyteme (IPSI) entwickelt ein dezentralisiertes Netzwerk f\u00fcr den Zugriff auf digitale Kulturg\u00fcter in Europa: Die Bewahrung nationalen und internationalen Kulturbesitzes wird durch die Digitalisierung von Werken und Werksverzeichnissen nicht automatisch sicherer. Was mit dem verheerenden Gro\u00dfbrand in der (konventionellen) Anna-Amalia-Bibliothek in Weimar im\u2026","rel":"","context":"In &quot;Artikel&quot;","block_context":{"text":"Artikel","link":"https:\/\/textundblog.de\/?cat=5"},"img":{"alt_text":"","src":"","width":0,"height":0},"classes":[]},{"id":5547,"url":"https:\/\/textundblog.de\/?p=5547","url_meta":{"origin":4186,"position":4},"title":"Maren M\u00f6hring: \u00abFremdes Essen\u00bb","author":"Markus","date":"11\/8\/2013","format":false,"excerpt":"\u00dcber die Migration von Gastarbeitern in die BRD hat sich die deutsche Ern\u00e4hrung stark ver\u00e4ndert. Spaghetti, Pizza, D\u00f6ner geh\u00f6ren l\u00e4ngst zu unserem Ern\u00e4hrungs-Alltag. Die Historikerin Maren M\u00f6hring (vom Zentrum f\u00fcr Zeithistorische Forschung in Potsdam) hat dieses Thema wissenschaftlich untersucht und wurde daf\u00fcr viel gelobt und ausgezeichnet (u.a. mit dem Augsburger\u2026","rel":"","context":"In &quot;Literatur&quot;","block_context":{"text":"Literatur","link":"https:\/\/textundblog.de\/?cat=11"},"img":{"alt_text":"Maren M\u00f6hring: \u00abFremdes Essen\u00bb","src":"https:\/\/i0.wp.com\/textundblog.de\/wp-content\/fremdesessen.jpg?resize=350%2C200&ssl=1","width":350,"height":200},"classes":[]},{"id":955,"url":"https:\/\/textundblog.de\/?p=955","url_meta":{"origin":4186,"position":5},"title":"Katalanisch-Ausstellung in der Stabi Hamburg","author":"Markus","date":"19\/5\/2006","format":false,"excerpt":"Ausstellungser\u00f6ffnung in der Stabi Hamburg 23. Mai 2006, 18 Uhr: Enthusiasmus und Methode: Das Katalanische und die deutsche Romanistik Was trieb zu Beginn des vergangenen Jahrhunderts jene Menschen, mit Heft und Stift in der Hand, die sich wochenlang durch die unwegsamsten Gegenden S\u00fcdeuropas zu Fu\u00df oder auf dem Maultier schlugen?\u2026","rel":"","context":"In &quot;Hamburg&quot;","block_context":{"text":"Hamburg","link":"https:\/\/textundblog.de\/?cat=15"},"img":{"alt_text":"Das Katalanische und die deutsche Romanistik","src":"https:\/\/i0.wp.com\/www.textundblog.de\/wp-content\/katalanausstell.jpg?resize=350%2C200","width":350,"height":200},"classes":[]}],"_links":{"self":[{"href":"https:\/\/textundblog.de\/index.php?rest_route=\/wp\/v2\/posts\/4186","targetHints":{"allow":["GET"]}}],"collection":[{"href":"https:\/\/textundblog.de\/index.php?rest_route=\/wp\/v2\/posts"}],"about":[{"href":"https:\/\/textundblog.de\/index.php?rest_route=\/wp\/v2\/types\/post"}],"author":[{"embeddable":true,"href":"https:\/\/textundblog.de\/index.php?rest_route=\/wp\/v2\/users\/1"}],"replies":[{"embeddable":true,"href":"https:\/\/textundblog.de\/index.php?rest_route=%2Fwp%2Fv2%2Fcomments&post=4186"}],"version-history":[{"count":0,"href":"https:\/\/textundblog.de\/index.php?rest_route=\/wp\/v2\/posts\/4186\/revisions"}],"wp:attachment":[{"href":"https:\/\/textundblog.de\/index.php?rest_route=%2Fwp%2Fv2%2Fmedia&parent=4186"}],"wp:term":[{"taxonomy":"category","embeddable":true,"href":"https:\/\/textundblog.de\/index.php?rest_route=%2Fwp%2Fv2%2Fcategories&post=4186"},{"taxonomy":"post_tag","embeddable":true,"href":"https:\/\/textundblog.de\/index.php?rest_route=%2Fwp%2Fv2%2Ftags&post=4186"}],"curies":[{"name":"wp","href":"https:\/\/api.w.org\/{rel}","templated":true}]}}