{"id":412,"date":"2005-06-24T12:29:05","date_gmt":"2005-06-24T10:29:05","guid":{"rendered":"http:\/\/textundblog.de\/?p=412"},"modified":"2005-06-24T14:02:16","modified_gmt":"2005-06-24T12:02:16","slug":"412","status":"publish","type":"post","link":"https:\/\/textundblog.de\/?p=412","title":{"rendered":"Rulers"},"content":{"rendered":"<p><a href=\"http:\/\/www.rulers.org\/\"><img loading=\"lazy\" decoding=\"async\" src=\".\/wp-content\/rulers.gif\" width=\"218\" height=\"140\" alt=\"Rulers\" title=\"Rulers\" \/><\/a><\/p>\n<blockquote>\n<pre>Chancellors\r\n16 Sep 1949 - 16 Oct 1963  Konrad Adenauer               CDU  (b. 1876 - d. 1967)\r\n16 Oct 1963 -  1 Dec 1966  Ludwig Erhard                 CDU  (b. 1897 - d. 1977)\r\n 1 Dec 1966 - 21 Oct 1969  Kurt Georg Kiesinger          CDU  (b. 1904 - d. 1988)\r\n21 Oct 1969 -  7 May 1974  Willy Brandt                  SPD  (b. 1913 - d. 1992)\r\n16 May 1974 -  1 Oct 1982  Helmut Schmidt                SPD  (b. 1918)\r\n 1 Oct 1982 - 27 Oct 1998  Helmut Kohl                   CDU  (b. 1930)\r\n27 Oct 1998 -              Gerhard Schr\u00f6der              SPD  (b. 1944)<\/pre>\n<\/blockquote>\n<p>Auf <a href=\"http:\/\/www.rulers.org\/\">rulers.org<\/a> gibt es einen \u00dcberblick \u00fcber die Regierenden der Welt, obiger Auszug zeigt die <a href=\"http:\/\/www.rulers.org\/rulg1.html#germany\">Rulers aus Germany<\/a>.<\/p>\n<p>[via <a href=\"http:\/\/ronsens.de\/eintrag\/rulersorg\">ronsens<\/a>]<br \/>\n<strong>Update:<\/strong> Gerade entdeckt, dass das <a href=\"http:\/\/www.rulers.org\/indexl1.html#lafon\">Personenverzeichnis<\/a> ziemlich aktuell ist.<\/p>\n","protected":false},"excerpt":{"rendered":"<p>Chancellors 16 Sep 1949 &#8211; 16 Oct 1963 Konrad Adenauer CDU (b. 1876 &#8211; d. 1967) 16 Oct 1963 &#8211; 1 Dec 1966 Ludwig Erhard CDU (b. 1897 &#8211; d. 1977) 1 Dec 1966 &#8211; 21 Oct 1969 Kurt Georg Kiesinger CDU (b. 1904 &#8211; d. 1988) 21 Oct 1969 &#8211; 7 May 1974 Willy [&hellip;]<\/p>\n","protected":false},"author":1,"featured_media":0,"comment_status":"open","ping_status":"open","sticky":false,"template":"","format":"standard","meta":{"site-sidebar-layout":"default","site-content-layout":"","ast-site-content-layout":"default","site-content-style":"default","site-sidebar-style":"default","ast-global-header-display":"","ast-banner-title-visibility":"","ast-main-header-display":"","ast-hfb-above-header-display":"","ast-hfb-below-header-display":"","ast-hfb-mobile-header-display":"","site-post-title":"","ast-breadcrumbs-content":"","ast-featured-img":"","footer-sml-layout":"","theme-transparent-header-meta":"","adv-header-id-meta":"","stick-header-meta":"","header-above-stick-meta":"","header-main-stick-meta":"","header-below-stick-meta":"","astra-migrate-meta-layouts":"default","ast-page-background-enabled":"default","ast-page-background-meta":{"desktop":{"background-color":"var(--ast-global-color-4)","background-image":"","background-repeat":"repeat","background-position":"center center","background-size":"auto","background-attachment":"scroll","background-type":"","background-media":"","overlay-type":"","overlay-color":"","overlay-opacity":"","overlay-gradient":""},"tablet":{"background-color":"","background-image":"","background-repeat":"repeat","background-position":"center center","background-size":"auto","background-attachment":"scroll","background-type":"","background-media":"","overlay-type":"","overlay-color":"","overlay-opacity":"","overlay-gradient":""},"mobile":{"background-color":"","background-image":"","background-repeat":"repeat","background-position":"center center","background-size":"auto","background-attachment":"scroll","background-type":"","background-media":"","overlay-type":"","overlay-color":"","overlay-opacity":"","overlay-gradient":""}},"ast-content-background-meta":{"desktop":{"background-color":"var(--ast-global-color-5)","background-image":"","background-repeat":"repeat","background-position":"center center","background-size":"auto","background-attachment":"scroll","background-type":"","background-media":"","overlay-type":"","overlay-color":"","overlay-opacity":"","overlay-gradient":""},"tablet":{"background-color":"var(--ast-global-color-5)","background-image":"","background-repeat":"repeat","background-position":"center center","background-size":"auto","background-attachment":"scroll","background-type":"","background-media":"","overlay-type":"","overlay-color":"","overlay-opacity":"","overlay-gradient":""},"mobile":{"background-color":"var(--ast-global-color-5)","background-image":"","background-repeat":"repeat","background-position":"center center","background-size":"auto","background-attachment":"scroll","background-type":"","background-media":"","overlay-type":"","overlay-color":"","overlay-opacity":"","overlay-gradient":""}},"ngg_post_thumbnail":0,"jetpack_post_was_ever_published":false,"_jetpack_newsletter_access":"","_jetpack_dont_email_post_to_subs":false,"_jetpack_newsletter_tier_id":0,"_jetpack_memberships_contains_paywalled_content":false,"_jetpack_memberships_contains_paid_content":false,"footnotes":""},"categories":[9],"tags":[],"class_list":["post-412","post","type-post","status-publish","format-standard","hentry","category-politik"],"jetpack_featured_media_url":"","jetpack_sharing_enabled":true,"jetpack_shortlink":"https:\/\/wp.me\/s4uzZ-412","jetpack-related-posts":[{"id":3793,"url":"https:\/\/textundblog.de\/?p=3793","url_meta":{"origin":412,"position":0},"title":"Ein wichtiger Sieg: FC St. Pauli &#8211; 1. FC N\u00fcrnberg 3:2","author":"Markus","date":"17\/10\/2010","format":false,"excerpt":"Den bereits gestern Morgen hier angek\u00fcndigten Heimsieg des FCSP konnten wir dann alle am Nachmittag live am Millerntor bestaunen. Wichtig war er, knapp war er, aber auch verdient. Asamoah zum ersten mal von Anfang an, mit dem ersten Heimspiel-Tor, seinem 2. \u00fcberhaupt f\u00fcr den FCSP. Auch wenn er gestern ansonsten\u2026","rel":"","context":"In &quot;FC St. Pauli&quot;","block_context":{"text":"FC St. Pauli","link":"https:\/\/textundblog.de\/?cat=76"},"img":{"alt_text":"IMG_0929","src":"https:\/\/i0.wp.com\/farm5.static.flickr.com\/4088\/5089225100_79014402ab.jpg?resize=350%2C200","width":350,"height":200},"classes":[]},{"id":2056,"url":"https:\/\/textundblog.de\/?p=2056","url_meta":{"origin":412,"position":1},"title":"Hamburgs Erste B\u00fcrgermeister","author":"Markus","date":"24\/2\/2008","format":false,"excerpt":"Die Hansestadt Hamburg wurde bisher von folgenden Ersten B\u00fcrgermeistern regiert: Max Brauer, SPD: 22. November 1946 - 2. Dezember 1953 Kurt Sieveking, CDU: 2. Dezember 1953 - 4. Dezember 1957 Max Brauer, SPD: 4. Dezember 1957 - 31. Dezember 1960 Paul Nevermann, SPD: 1. Januar 1961 - 9. Juni 1965\u2026","rel":"","context":"In &quot;Hamburg&quot;","block_context":{"text":"Hamburg","link":"https:\/\/textundblog.de\/?cat=15"},"img":{"alt_text":"Michael Naumann, Foto: Wikipedia","src":"https:\/\/i0.wp.com\/textundblog.de\/wp-content\/michaelnaumann.jpg?resize=350%2C200&ssl=1","width":350,"height":200},"classes":[]},{"id":1146,"url":"https:\/\/textundblog.de\/?p=1146","url_meta":{"origin":412,"position":2},"title":"Partei\u00fcbergreifender Fotoeinsatz","author":"Markus","date":"18\/8\/2006","format":false,"excerpt":"Die einen (CDU) sagen: \u00abBildung statt Schulsterben\u00bb, die anderen (SPD) sagen: \u00abBildung und Gerechtigkeit\u00bb und beide nutzen dieses Foto des Fotografen Ren\u00e9 Schulte alias typowerk aus der Fotocommunity Photocase.com (wo Fotos zur kostenlosen Weiterverwendung angeboten werden). Irgendwie erinnert mich die partei\u00fcbergreifende Liebe zum gleichen Bild - und was sie daraus\u2026","rel":"","context":"In &quot;Foto&quot;","block_context":{"text":"Foto","link":"https:\/\/textundblog.de\/?cat=10"},"img":{"alt_text":"Bildung statt Schulsterben (CDU)","src":"https:\/\/i0.wp.com\/www.textundblog.de\/wp-content\/phrasecdu.jpg?resize=350%2C200","width":350,"height":200},"classes":[]},{"id":5907,"url":"https:\/\/textundblog.de\/?p=5907","url_meta":{"origin":412,"position":3},"title":"Podiumsdiskussion in der Otto-Hahn-Schule","author":"Markus","date":"19\/4\/2014","format":false,"excerpt":"Update 24.4.2014: Jetzt auch mit Fotos des Podiums. Am vergangenen Dienstag, 15. April, war ich auf meiner zweiten Podiumsdiskussion in Sachen Bezirkswahl in Wandsbek. Nach der Premiere in Rahlstedt vor B\u00fcrgern aller Altersklassen, ging's dieses Mal zu j\u00fcngerem Publikum nach Jenfeld, in die Otto-Hahn-Schule, einer von 58 Stadtteilschulen in Hamburg.\u2026","rel":"","context":"In &quot;Hamburg&quot;","block_context":{"text":"Hamburg","link":"https:\/\/textundblog.de\/?cat=15"},"img":{"alt_text":"","src":"https:\/\/i0.wp.com\/textundblog.de\/wp-content\/Podiumsdiskussion07-gr.jpg?resize=350%2C200","width":350,"height":200,"srcset":"https:\/\/i0.wp.com\/textundblog.de\/wp-content\/Podiumsdiskussion07-gr.jpg?resize=350%2C200 1x, https:\/\/i0.wp.com\/textundblog.de\/wp-content\/Podiumsdiskussion07-gr.jpg?resize=525%2C300 1.5x, https:\/\/i0.wp.com\/textundblog.de\/wp-content\/Podiumsdiskussion07-gr.jpg?resize=700%2C400 2x, https:\/\/i0.wp.com\/textundblog.de\/wp-content\/Podiumsdiskussion07-gr.jpg?resize=1050%2C600 3x, https:\/\/i0.wp.com\/textundblog.de\/wp-content\/Podiumsdiskussion07-gr.jpg?resize=1400%2C800 4x"},"classes":[]},{"id":10976,"url":"https:\/\/textundblog.de\/?p=10976","url_meta":{"origin":412,"position":4},"title":"Das falsche Spiel der Union beim Sondierungspapier","author":"Markus Trapp","date":"9\/3\/2025","format":false,"excerpt":"Der bisher treffendste Kommentar zum gestern ver\u00f6ffentlichten Sondierungspapier der geplanten Koalition\u00e4re von CDU\/CSU und SPD kommt von @bijanmoini.de. F\u00fcr mich der \u201eSkeet der Woche\u201c: https:\/\/bsky.app\/profile\/bijanmoini.de\/post\/3ljttw7fquc2w Hier geht\u2019s zu den vergangenen Skeets der Woche.","rel":"","context":"In &quot;Bluesky&quot;","block_context":{"text":"Bluesky","link":"https:\/\/textundblog.de\/?cat=33"},"img":{"alt_text":"","src":"https:\/\/i0.wp.com\/textundblog.de\/wp-content\/IMG_8153-150x150.png?resize=350%2C200&ssl=1","width":350,"height":200},"classes":[]},{"id":5545,"url":"https:\/\/textundblog.de\/?p=5545","url_meta":{"origin":412,"position":5},"title":"Sprachlos ob der Ignoranz gegen\u00fcber Prism","author":"Markus","date":"9\/8\/2013","format":false,"excerpt":"Wir stehen mit den Abh\u00f6rskandalen um Prism und Tempora und der Verstrickung des deutschen Geheimdienstes und der deutschen Bundesregierung(en) der vergangenen Jahre vor einem der schlimmsten politischen Skandale seit Langem. Es wird von Seiten der f\u00fcnf daran beteiligten Parteien (CDU, CSU, FDP, SPD und Gr\u00fcne) gr\u00f6\u00dftenteils gelogen, sich gegenseitig die\u2026","rel":"","context":"In &quot;Bluesky&quot;","block_context":{"text":"Bluesky","link":"https:\/\/textundblog.de\/?cat=33"},"img":{"alt_text":"","src":"https:\/\/i0.wp.com\/textundblog.de\/wp-content\/UltraBiblioteka-tdw082013.png?resize=350%2C200&ssl=1","width":350,"height":200},"classes":[]}],"_links":{"self":[{"href":"https:\/\/textundblog.de\/index.php?rest_route=\/wp\/v2\/posts\/412","targetHints":{"allow":["GET"]}}],"collection":[{"href":"https:\/\/textundblog.de\/index.php?rest_route=\/wp\/v2\/posts"}],"about":[{"href":"https:\/\/textundblog.de\/index.php?rest_route=\/wp\/v2\/types\/post"}],"author":[{"embeddable":true,"href":"https:\/\/textundblog.de\/index.php?rest_route=\/wp\/v2\/users\/1"}],"replies":[{"embeddable":true,"href":"https:\/\/textundblog.de\/index.php?rest_route=%2Fwp%2Fv2%2Fcomments&post=412"}],"version-history":[{"count":0,"href":"https:\/\/textundblog.de\/index.php?rest_route=\/wp\/v2\/posts\/412\/revisions"}],"wp:attachment":[{"href":"https:\/\/textundblog.de\/index.php?rest_route=%2Fwp%2Fv2%2Fmedia&parent=412"}],"wp:term":[{"taxonomy":"category","embeddable":true,"href":"https:\/\/textundblog.de\/index.php?rest_route=%2Fwp%2Fv2%2Fcategories&post=412"},{"taxonomy":"post_tag","embeddable":true,"href":"https:\/\/textundblog.de\/index.php?rest_route=%2Fwp%2Fv2%2Ftags&post=412"}],"curies":[{"name":"wp","href":"https:\/\/api.w.org\/{rel}","templated":true}]}}