{"id":4098,"date":"2011-04-30T22:20:21","date_gmt":"2011-04-30T20:20:21","guid":{"rendered":"http:\/\/textundblog.de\/?p=4098"},"modified":"2011-04-30T22:20:21","modified_gmt":"2011-04-30T20:20:21","slug":"die-sanduhr","status":"publish","type":"post","link":"https:\/\/textundblog.de\/?p=4098","title":{"rendered":"Die Sanduhr"},"content":{"rendered":"<p><iframe loading=\"lazy\" src=\"http:\/\/player.vimeo.com\/video\/22396483?title=0&amp;byline=0&amp;portrait=0&amp;color=ffffff\" width=\"500\" height=\"281\" frameborder=\"0\"><\/iframe><\/p>\n<p><a href=\"http:\/\/vimeo.com\/22396483\">The Hourglass<\/a> from <a href=\"http:\/\/vimeo.com\/ikepod\">Ikepod<\/a> on <a href=\"http:\/\/vimeo.com\">Vimeo<\/a>.<\/p>\n<p>Bei <a href=\"http:\/\/www.glaskeller.ch\/\">Glaskeller<\/a> in Basel wird dieses wundervolle Kunstwerk angefertigt. So wie es eine wahre Freude ist, in diesem Film die Erschaffung des von Designer <a href=\"http:\/\/www.marc-newson.com\/\">Marc Newson<\/a> entworfenen Kunstwerkes zu verfolgen, muss es ein gro\u00dfer Genuss sein, solch ein Objekt zu besitzen. Eine Sanduhr, so unn\u00fctz wie sinnvoll sie zu besitzen.<\/p>\n","protected":false},"excerpt":{"rendered":"<p>The Hourglass from Ikepod on Vimeo. Bei Glaskeller in Basel wird dieses wundervolle Kunstwerk angefertigt. So wie es eine wahre Freude ist, in diesem Film die Erschaffung des von Designer Marc Newson entworfenen Kunstwerkes zu verfolgen, muss es ein gro\u00dfer Genuss sein, solch ein Objekt zu besitzen. Eine Sanduhr, so unn\u00fctz wie sinnvoll sie zu [&hellip;]<\/p>\n","protected":false},"author":1,"featured_media":0,"comment_status":"open","ping_status":"open","sticky":false,"template":"","format":"standard","meta":{"site-sidebar-layout":"default","site-content-layout":"","ast-site-content-layout":"default","site-content-style":"default","site-sidebar-style":"default","ast-global-header-display":"","ast-banner-title-visibility":"","ast-main-header-display":"","ast-hfb-above-header-display":"","ast-hfb-below-header-display":"","ast-hfb-mobile-header-display":"","site-post-title":"","ast-breadcrumbs-content":"","ast-featured-img":"","footer-sml-layout":"","theme-transparent-header-meta":"","adv-header-id-meta":"","stick-header-meta":"","header-above-stick-meta":"","header-main-stick-meta":"","header-below-stick-meta":"","astra-migrate-meta-layouts":"default","ast-page-background-enabled":"default","ast-page-background-meta":{"desktop":{"background-color":"var(--ast-global-color-4)","background-image":"","background-repeat":"repeat","background-position":"center center","background-size":"auto","background-attachment":"scroll","background-type":"","background-media":"","overlay-type":"","overlay-color":"","overlay-opacity":"","overlay-gradient":""},"tablet":{"background-color":"","background-image":"","background-repeat":"repeat","background-position":"center center","background-size":"auto","background-attachment":"scroll","background-type":"","background-media":"","overlay-type":"","overlay-color":"","overlay-opacity":"","overlay-gradient":""},"mobile":{"background-color":"","background-image":"","background-repeat":"repeat","background-position":"center center","background-size":"auto","background-attachment":"scroll","background-type":"","background-media":"","overlay-type":"","overlay-color":"","overlay-opacity":"","overlay-gradient":""}},"ast-content-background-meta":{"desktop":{"background-color":"var(--ast-global-color-5)","background-image":"","background-repeat":"repeat","background-position":"center center","background-size":"auto","background-attachment":"scroll","background-type":"","background-media":"","overlay-type":"","overlay-color":"","overlay-opacity":"","overlay-gradient":""},"tablet":{"background-color":"var(--ast-global-color-5)","background-image":"","background-repeat":"repeat","background-position":"center center","background-size":"auto","background-attachment":"scroll","background-type":"","background-media":"","overlay-type":"","overlay-color":"","overlay-opacity":"","overlay-gradient":""},"mobile":{"background-color":"var(--ast-global-color-5)","background-image":"","background-repeat":"repeat","background-position":"center center","background-size":"auto","background-attachment":"scroll","background-type":"","background-media":"","overlay-type":"","overlay-color":"","overlay-opacity":"","overlay-gradient":""}},"ngg_post_thumbnail":0,"_jetpack_newsletter_access":"","_jetpack_dont_email_post_to_subs":false,"_jetpack_newsletter_tier_id":0,"_jetpack_memberships_contains_paywalled_content":false,"_jetpack_feature_clip_id":0,"_jetpack_memberships_contains_paid_content":false,"footnotes":"","jetpack_post_was_ever_published":false},"categories":[18],"tags":[],"class_list":["post-4098","post","type-post","status-publish","format-standard","hentry","category-video"],"jetpack_sharing_enabled":true,"jetpack_shortlink":"https:\/\/wp.me\/p4uzZ-146","jetpack-related-posts":[{"id":4679,"url":"https:\/\/textundblog.de\/?p=4679","url_meta":{"origin":4098,"position":0},"title":"Frank Fischer: Weltm\u00fcller","author":"Markus","date":"1\/5\/2012","format":false,"excerpt":"Frank FischerFrank Fischer ist u.a. bekannt als Mitautor von \u00abDer Umbl\u00e4tterer\u00bb. hat mit \u00abWeltm\u00fcller\u00bb \u2013 Ende April im Berliner SuKuLTuR-Verlag erschienen \u2013 ein Buch ver\u00f6ffentlicht, das ich der geneigten Leserschaft zur Lekt\u00fcre empfehlen m\u00f6chteIch habe \u00abWeltm\u00fcller\u00bb gelesen, da der Verlag mir ein Rezensionsexemplar zugeschickt hat.. Vier mal steht in diesem\u2026","rel":"","context":"In &quot;Literatur&quot;","block_context":{"text":"Literatur","link":"https:\/\/textundblog.de\/?cat=11"},"img":{"alt_text":"Frank Fischer: Weltm\u00fcller","src":"https:\/\/i0.wp.com\/textundblog.de\/wp-content\/weltmueller-detail.jpg?resize=350%2C200&ssl=1","width":350,"height":200},"classes":[]},{"id":11622,"url":"https:\/\/textundblog.de\/?p=11622","url_meta":{"origin":4098,"position":1},"title":"Zwei Dokus zu San Sebasti\u00e1n und dem spanischen Baskenland","author":"Markus Trapp","date":"29\/8\/2026","format":false,"excerpt":"Dass ich seit \u00fcber 30 Jahren jeden September nach San Sebasti\u00e1n fahre, d\u00fcrfte euch bekannt sein. Am 17. September ist es \u00fcbrigens wieder so weit. Dass dies nicht nur wegen des gro\u00dfartigen internationalen Filmfestivals in San Sebasti\u00e1n ist, sondern auch wegen der tollen basischen K\u00fcche und der Landschaft, hab ich\u2026","rel":"","context":"In &quot;Spanisch&quot;","block_context":{"text":"Spanisch","link":"https:\/\/textundblog.de\/?cat=8"},"img":{"alt_text":"mareTV: Das spanische Baskenland","src":"https:\/\/i0.wp.com\/textundblog.de\/wp-content\/IMG_1011-1024x576.jpeg?resize=350%2C200&ssl=1","width":350,"height":200,"srcset":"https:\/\/i0.wp.com\/textundblog.de\/wp-content\/IMG_1011-1024x576.jpeg?resize=350%2C200&ssl=1 1x, https:\/\/i0.wp.com\/textundblog.de\/wp-content\/IMG_1011-1024x576.jpeg?resize=525%2C300&ssl=1 1.5x, https:\/\/i0.wp.com\/textundblog.de\/wp-content\/IMG_1011-1024x576.jpeg?resize=700%2C400&ssl=1 2x"},"classes":[]},{"id":5265,"url":"https:\/\/textundblog.de\/?p=5265","url_meta":{"origin":4098,"position":2},"title":"Stromkasten-Graffiti: Stra\u00dfenkunst im Lengerckestieg","author":"Markus","date":"17\/2\/2013","format":false,"excerpt":"Eine von Hamburgs kleinsten Stra\u00dfen ist in meiner Abwesenheit um ein Kunstwerk bereichert worden: Als ich heute Mittag von der Berlinale zur\u00fcckgekommen bin, war ich positiv \u00fcberrascht von dem Anblick, der sich mir beim Einbiegen in den Lengerckestieg \u2013 meine Stra\u00dfe im wundersch\u00f6nen Wandsbek \u2013 bot. Da hat doch tats\u00e4chlich\u2026","rel":"","context":"In &quot;Foto&quot;","block_context":{"text":"Foto","link":"https:\/\/textundblog.de\/?cat=10"},"img":{"alt_text":"","src":"https:\/\/i0.wp.com\/textundblog.de\/wp-content\/graffitikasten1.jpg?resize=350%2C200&ssl=1","width":350,"height":200},"classes":[]},{"id":6629,"url":"https:\/\/textundblog.de\/?p=6629","url_meta":{"origin":4098,"position":3},"title":"Kupferstich-&#8222;Besprechung&#8220;: Kind mit Totensch\u00e4del","author":"Markus","date":"1\/5\/2015","format":false,"excerpt":"Zu meinem Lieblingsbild aus der hier schon einmal ausf\u00fchrlich vorgestellten Ausstellung \u00abManier, Mythos und Moral \u2013 Kupferstich-Entdeckungen in der Stabi\u00bb hab ich mal den Text von Sonja Baer aus dem Ausstellungskatalog vorgelesen. Die Stabi hat ihre Kupferstich- und Kartensammlung zum freien Hacken bei Coding Da Vinci eingebracht. Es sind noch\u2026","rel":"","context":"In &quot;Hamburg&quot;","block_context":{"text":"Hamburg","link":"https:\/\/textundblog.de\/?cat=15"},"img":{"alt_text":"Wie Salt Ontgaen","src":"https:\/\/i0.wp.com\/textundblog.de\/wp-content\/ks-memento-mori.jpg?resize=350%2C200&ssl=1","width":350,"height":200,"srcset":"https:\/\/i0.wp.com\/textundblog.de\/wp-content\/ks-memento-mori.jpg?resize=350%2C200&ssl=1 1x, https:\/\/i0.wp.com\/textundblog.de\/wp-content\/ks-memento-mori.jpg?resize=525%2C300&ssl=1 1.5x, https:\/\/i0.wp.com\/textundblog.de\/wp-content\/ks-memento-mori.jpg?resize=700%2C400&ssl=1 2x"},"classes":[]},{"id":4508,"url":"https:\/\/textundblog.de\/?p=4508","url_meta":{"origin":4098,"position":4},"title":"The Fantastic Flying Books of Mr Morris Lessmore","author":"Markus","date":"25\/1\/2012","format":false,"excerpt":"http:\/\/www.youtube.com\/watch?v=Adzywe9xeIU&sns=tw Es ist schwer, sich der Magie dieses Films zu entziehen. Vollkommen zu recht wurde \u00abThe Fantastic Flying Books of Mr Morris Lessmore\u00bb f\u00fcr den Oscar nominiert. Unabh\u00e4ngig von einer m\u00f6glichen von \u00e4lteren Herren und Damen vergebenen Auszeichnung in Hollywood, ein sehenswertes St\u00fcck animierter Film. Ein kleines Kunstwerk, das es\u2026","rel":"","context":"In &quot;Kino&quot;","block_context":{"text":"Kino","link":"https:\/\/textundblog.de\/?cat=2"},"img":{"alt_text":"","src":"https:\/\/i0.wp.com\/img.youtube.com\/vi\/Adzywe9xeIU\/0.jpg?resize=350%2C200","width":350,"height":200},"classes":[]},{"id":5351,"url":"https:\/\/textundblog.de\/?p=5351","url_meta":{"origin":4098,"position":5},"title":"tadaa: &#8218;Kunst = Natur &#8211; x&#8216; \u2013 Jeder ist ein K\u00fcnstler","author":"Markus","date":"29\/4\/2013","format":false,"excerpt":"Bei Herrn @Buddenbohm bin ich Ende letzter Woche auf eine iphone-App gesto\u00dfen, die ich noch gar nicht kannte: tadaa (gibt's kostenlos im AppStore). Da denkt man immer, man kennt schon alles, und schwupp, gibt es wieder was zu entdecken. Foto-Apps hab ich zwar einige, bin aber irgendwie nicht so richtig\u2026","rel":"","context":"In &quot;Bluesky&quot;","block_context":{"text":"Bluesky","link":"https:\/\/textundblog.de\/?cat=33"},"img":{"alt_text":"","src":"https:\/\/i0.wp.com\/textundblog.de\/wp-content\/buddenbohm-tadaa.jpg?resize=350%2C200&ssl=1","width":350,"height":200},"classes":[]}],"jetpack_featured_media_url":"","_links":{"self":[{"href":"https:\/\/textundblog.de\/index.php?rest_route=\/wp\/v2\/posts\/4098","targetHints":{"allow":["GET"]}}],"collection":[{"href":"https:\/\/textundblog.de\/index.php?rest_route=\/wp\/v2\/posts"}],"about":[{"href":"https:\/\/textundblog.de\/index.php?rest_route=\/wp\/v2\/types\/post"}],"author":[{"embeddable":true,"href":"https:\/\/textundblog.de\/index.php?rest_route=\/wp\/v2\/users\/1"}],"replies":[{"embeddable":true,"href":"https:\/\/textundblog.de\/index.php?rest_route=%2Fwp%2Fv2%2Fcomments&post=4098"}],"version-history":[{"count":0,"href":"https:\/\/textundblog.de\/index.php?rest_route=\/wp\/v2\/posts\/4098\/revisions"}],"wp:attachment":[{"href":"https:\/\/textundblog.de\/index.php?rest_route=%2Fwp%2Fv2%2Fmedia&parent=4098"}],"wp:term":[{"taxonomy":"category","embeddable":true,"href":"https:\/\/textundblog.de\/index.php?rest_route=%2Fwp%2Fv2%2Fcategories&post=4098"},{"taxonomy":"post_tag","embeddable":true,"href":"https:\/\/textundblog.de\/index.php?rest_route=%2Fwp%2Fv2%2Ftags&post=4098"}],"curies":[{"name":"wp","href":"https:\/\/api.w.org\/{rel}","templated":true}]}}