{"id":4000,"date":"2011-03-07T19:07:49","date_gmt":"2011-03-07T18:07:49","guid":{"rendered":"http:\/\/textundblog.de\/?p=4000"},"modified":"2011-03-07T19:12:29","modified_gmt":"2011-03-07T18:12:29","slug":"strahlender-sonnenschein-in-hamburg%e2%80%a6wirft-schatten-voraus","status":"publish","type":"post","link":"https:\/\/textundblog.de\/?p=4000","title":{"rendered":"Strahlender Sonnenschein in Hamburg\u2026 wirft lange Schatten voraus"},"content":{"rendered":"<p><a href=\"http:\/\/twitpic.com\/475d11\"><img data-recalc-dims=\"1\" loading=\"lazy\" decoding=\"async\" src=\"https:\/\/i0.wp.com\/textundblog.de\/wp-content\/hh-rathaus-032011.jpg?resize=500%2C375&#038;ssl=1\" width=\"500\" height=\"375\" alt=\"Hamburger Rathaus in strahlendem Sonnenschein\" title=\"Hamburger Rathaus in strahlendem Sonnenschein\" \/><\/a><\/p>\n<p>Heute schien, genau wie <a href=\"http:\/\/twitpic.com\/46u2hd\">gestern<\/a>, die Sonne in Hamburg. Aber so was von. Herrlich blauer Himmel und das Rathaus im strahlenden Sonnenschein. Drinnen wurde Olaf Scholz \u2013 sogar mit einer Stimme aus der Opposition  \u2013 zum Ersten B\u00fcrgermeister der Hansestadt <a href=\"http:\/\/www.zeit.de\/politik\/ausland\/2011-03\/scholz-hamburg-buergermeister\">gew\u00e4hlt<\/a>. Drau\u00dfen machte ich diese Aufnahme am Alten Wall (weil ich dort einen Termin beim Bezirksamt f\u00fcr die Stabi wahrnahm). Ob die Sonne auch in Zukunft in Hamburg scheinen wird, h\u00e4ngt zwar nicht von der Arbeit des Ende des Monats zu pr\u00e4sentierenden Senats ab, aber wir werden ganz gewiss alle gespannt verfolgen, wie die B\u00fcrgerschaftsabgeordneten das umsetzen werden, was sie es <em>vor<\/em> der Wahl angek\u00fcndigt hatten. Auf <a href=\"http:\/\/blog.abgeordnetenwatch.de\/2011\/03\/04\/nach-der-hamburg-wahl-fur-diese-projekte-gibt-es-in-der-burgerschaft-keine-absolute-mehrheit\/\">Abgeordnetenwatch<\/a> gibt es eine sch\u00f6ne Aufstellung dazu (&laquo;Nach der Hamburg-Wahl: F\u00fcr diese Projekte gibt es in der B\u00fcrgerschaft (k)eine absolute Mehrheit&raquo;).<\/p>\n<p><a href=\"http:\/\/twitpic.com\/46u2hd\"><img data-recalc-dims=\"1\" loading=\"lazy\" decoding=\"async\" src=\"https:\/\/i0.wp.com\/textundblog.de\/wp-content\/langerschatten.jpg?resize=300%2C400&#038;ssl=1\" width=\"300\" height=\"400\" alt=\"Mein langer Schatten in der Abendsonne im Lengerckestieg\" title=\"Mein langer Schatten in der Abendsonne im Lengerckestieg\" class=\"bildrechts\" \/><\/a> W\u00e4hrend die Sonne gestern \u2013 wie bereits zu Anfang erw\u00e4hnt &#8211; lange Schatten warf, werfen gewichtige Projekte ihre Schatten voraus: N\u00e4chsten Dienstag (am 15.3.) wird ab 12 Uhr in der Stabi ein spannendes Blogprojekt vorgestellt werden. Es hei\u00dft &laquo;Hamburger Geschichten&raquo;. Ich habe dazu heute eine Ank\u00fcndigung im <a href=\"http:\/\/blog.sub.uni-hamburg.de\/?p=4437\">Stabi-Blog<\/a> geschrieben:<\/p>\n<blockquote><p>\nDie Hamburger Geschichtslandschaft erh\u00e4lt eine neue Medienplattform: Das Geschichtsblog und der Podcast \u201cHamburgische Geschichten\u201d pr\u00e4sentiert ab M\u00e4rz 2011 unterhaltsame und abwechslungsreiche Geschichten aus der Vergangenheit Hamburgs.<\/p><\/blockquote>\n<p>Man darf auch darauf gespannt sein.<\/p>\n","protected":false},"excerpt":{"rendered":"<p>Heute schien, genau wie gestern, die Sonne in Hamburg. Aber so was von. Herrlich blauer Himmel und das Rathaus im strahlenden Sonnenschein. Drinnen wurde Olaf Scholz \u2013 sogar mit einer Stimme aus der Opposition \u2013 zum Ersten B\u00fcrgermeister der Hansestadt gew\u00e4hlt. Drau\u00dfen machte ich diese Aufnahme am Alten Wall (weil ich dort einen Termin beim [&hellip;]<\/p>\n","protected":false},"author":1,"featured_media":0,"comment_status":"open","ping_status":"open","sticky":false,"template":"","format":"standard","meta":{"site-sidebar-layout":"default","site-content-layout":"","ast-site-content-layout":"default","site-content-style":"default","site-sidebar-style":"default","ast-global-header-display":"","ast-banner-title-visibility":"","ast-main-header-display":"","ast-hfb-above-header-display":"","ast-hfb-below-header-display":"","ast-hfb-mobile-header-display":"","site-post-title":"","ast-breadcrumbs-content":"","ast-featured-img":"","footer-sml-layout":"","theme-transparent-header-meta":"","adv-header-id-meta":"","stick-header-meta":"","header-above-stick-meta":"","header-main-stick-meta":"","header-below-stick-meta":"","astra-migrate-meta-layouts":"default","ast-page-background-enabled":"default","ast-page-background-meta":{"desktop":{"background-color":"var(--ast-global-color-4)","background-image":"","background-repeat":"repeat","background-position":"center center","background-size":"auto","background-attachment":"scroll","background-type":"","background-media":"","overlay-type":"","overlay-color":"","overlay-opacity":"","overlay-gradient":""},"tablet":{"background-color":"","background-image":"","background-repeat":"repeat","background-position":"center center","background-size":"auto","background-attachment":"scroll","background-type":"","background-media":"","overlay-type":"","overlay-color":"","overlay-opacity":"","overlay-gradient":""},"mobile":{"background-color":"","background-image":"","background-repeat":"repeat","background-position":"center center","background-size":"auto","background-attachment":"scroll","background-type":"","background-media":"","overlay-type":"","overlay-color":"","overlay-opacity":"","overlay-gradient":""}},"ast-content-background-meta":{"desktop":{"background-color":"var(--ast-global-color-5)","background-image":"","background-repeat":"repeat","background-position":"center center","background-size":"auto","background-attachment":"scroll","background-type":"","background-media":"","overlay-type":"","overlay-color":"","overlay-opacity":"","overlay-gradient":""},"tablet":{"background-color":"var(--ast-global-color-5)","background-image":"","background-repeat":"repeat","background-position":"center center","background-size":"auto","background-attachment":"scroll","background-type":"","background-media":"","overlay-type":"","overlay-color":"","overlay-opacity":"","overlay-gradient":""},"mobile":{"background-color":"var(--ast-global-color-5)","background-image":"","background-repeat":"repeat","background-position":"center center","background-size":"auto","background-attachment":"scroll","background-type":"","background-media":"","overlay-type":"","overlay-color":"","overlay-opacity":"","overlay-gradient":""}},"ngg_post_thumbnail":0,"jetpack_post_was_ever_published":false,"_jetpack_newsletter_access":"","_jetpack_dont_email_post_to_subs":false,"_jetpack_newsletter_tier_id":0,"_jetpack_memberships_contains_paywalled_content":false,"_jetpack_memberships_contains_paid_content":false,"footnotes":""},"categories":[10,15,11,9],"tags":[],"class_list":["post-4000","post","type-post","status-publish","format-standard","hentry","category-foto","category-hamburg","category-literatur","category-politik"],"jetpack_featured_media_url":"","jetpack_sharing_enabled":true,"jetpack_shortlink":"https:\/\/wp.me\/p4uzZ-12w","jetpack-related-posts":[{"id":2106,"url":"https:\/\/textundblog.de\/?p=2106","url_meta":{"origin":4000,"position":0},"title":"Sonnendurchflutetes Wandsbek","author":"Markus","date":"23\/3\/2008","format":false,"excerpt":"Strahlender Sonnenschein in Wandsbek am Ostersonntag, hier im Osten erstrahlt die Hansestadt in kr\u00e4ftigstem Blau. Ein paar Impressionen - beim Br\u00f6tchenholen heute Fr\u00fch aufgenommen - vom Staatsarchiv, meinem Nachbarn auf der anderen Seite der Wandse. Bilder bei sevenload in gro\u00df.","rel":"","context":"In &quot;Foto&quot;","block_context":{"text":"Foto","link":"https:\/\/textundblog.de\/?cat=10"},"img":{"alt_text":"'Staatsarchiv Hamburg' von textundblog","src":"http:\/\/de.sevenload.com\/im\/XChBDn8\/338x450","width":350,"height":200},"classes":[]},{"id":1201,"url":"https:\/\/textundblog.de\/?p=1201","url_meta":{"origin":4000,"position":1},"title":"Au\u00dfencaf\u00e9 Stabi Hamburg","author":"Markus","date":"14\/9\/2006","format":false,"excerpt":"Rechtzeitig zum sch\u00f6nen Sp\u00e4tsommer- Wetter wurde in dieser Woche das Au\u00dfencaf\u00e9 der Stabi Hamburg er\u00f6ffnet. Wer einen Stabi-Besuch ob des sch\u00f6nen Wetters in die Schlechtwetterphase verschieben m\u00f6chte, kann nun getrost den Abstecher in die Staatsbibliothek mit einem K\u00e4ffchen\/Tee\/Wasser vor den Toren der Stabi verbinden. Noch gelten die Sommer\u00f6ffnungszeiten des Bistros.\u2026","rel":"","context":"In &quot;Hamburg&quot;","block_context":{"text":"Hamburg","link":"https:\/\/textundblog.de\/?cat=15"},"img":{"alt_text":"Au\u00dfencaf\u00e9 Stabi Hamburg","src":"https:\/\/i0.wp.com\/www.textundblog.de\/wp-content\/stabiaussencafe.jpg?resize=350%2C200","width":350,"height":200},"classes":[]},{"id":3000,"url":"https:\/\/textundblog.de\/?p=3000","url_meta":{"origin":4000,"position":2},"title":"Pfingsten in der Hansestadt","author":"Markus","date":"1\/6\/2009","format":false,"excerpt":"\u00dcber Pfingsten war lieber Besuch aus Berlin in die Hansestadt gekommen. Wir haben bei strahlendem Sonnenschein und in bester Laune ein paar sch\u00f6ne Tage miteinander verbracht. Als kleiner fotografischer Auszug daraus drei Bilder f\u00fcrs Blog: Gestern beim Sonnenbad am Elbstrand wurden wir permanent und ganz unverbl\u00fcmt von langhalsigen Giraffen vom\u2026","rel":"","context":"In &quot;Foto&quot;","block_context":{"text":"Foto","link":"https:\/\/textundblog.de\/?cat=10"},"img":{"alt_text":"Elbgiraffen glotzen auf den Elbstrand","src":"https:\/\/i0.wp.com\/textundblog.de\/wp-content\/elbgiraffen.jpg?resize=350%2C200&ssl=1","width":350,"height":200},"classes":[]},{"id":2376,"url":"https:\/\/textundblog.de\/?p=2376","url_meta":{"origin":4000,"position":3},"title":"Sommersonnentag mit Preis\u00fcbergabe","author":"Markus","date":"2\/8\/2008","format":false,"excerpt":"Frau Jekylla erh\u00e4lt auf Strand Pauli aus meinen H\u00e4nden ihre Mercedes Benz Mixed Tape-CD aus der Text & Blog-Verlosung. Was f\u00fcr ein Tag heute: Im netten Kreis gebruncht mit Blick auf die Elbe am Ufer der selben, im Elbwerk; Seefahrer wurden verabschiedet; St. Pauli beim Testspiel gegen den VfB Stuttgart\u2026","rel":"","context":"In &quot;Foto&quot;","block_context":{"text":"Foto","link":"https:\/\/textundblog.de\/?cat=10"},"img":{"alt_text":"Frau Jekylla bekommt ihre CD an der Elbe","src":"https:\/\/i0.wp.com\/textundblog.de\/wp-content\/jekystrandpaulicd.jpg?resize=350%2C200&ssl=1","width":350,"height":200},"classes":[]},{"id":2806,"url":"https:\/\/textundblog.de\/?p=2806","url_meta":{"origin":4000,"position":4},"title":"Auf dem Weg zur Arbeit: Sonnenstrahlen in Planten un Blomen","author":"Markus","date":"24\/2\/2009","format":false,"excerpt":"Auf meinem Weg in die Stabi komme ich ja immer an diesem wundersch\u00f6nen Hamburger Park vorbei. Heute Morgen hat das besonderen Spa\u00df gemacht, denn erste Sonnenstrahlen durchfluten wieder Planten un Blomen. Herrlich. Jetzt geht's an die Arbeit. Macht bei Sonnenschein einfach mehr Spa\u00df. ;-)","rel":"","context":"In &quot;Foto&quot;","block_context":{"text":"Foto","link":"https:\/\/textundblog.de\/?cat=10"},"img":{"alt_text":"Sonne am Morgen in Planten un Blomen ","src":"https:\/\/i0.wp.com\/textundblog.de\/wp-content\/plantenunblomensonne.jpg?resize=350%2C200&ssl=1","width":350,"height":200},"classes":[]},{"id":4556,"url":"https:\/\/textundblog.de\/?p=4556","url_meta":{"origin":4000,"position":5},"title":"Gutes Vor- und Nachspiel auf St. Pauli","author":"Markus","date":"27\/2\/2012","format":false,"excerpt":"Das Beste am Spiel des FC St. Pauli gegen Eintracht Braunschweig fand gestern davor und danach statt. Davor entz\u00fcckte uns bei strahlendem Sonnenschein die Choreo in der S\u00fcd. Wahrlich gro\u00dfes Fu\u00dfball-Kino. Hier (Update: oder dort) bis zur L\u00f6schung im Bewegtbild zu sehen: http:\/\/youtu.be\/vCvJ9bPghzs Danach wie immer nettes Beisammensein in der\u2026","rel":"","context":"In &quot;FC St. Pauli&quot;","block_context":{"text":"FC St. Pauli","link":"https:\/\/textundblog.de\/?cat=76"},"img":{"alt_text":"Choreo in der S\u00fcd vor dem Spiel FCSP -Eintr. Braunschweig","src":"https:\/\/i0.wp.com\/textundblog.de\/wp-content\/choreofcsp-braunsw.jpg?resize=350%2C200&ssl=1","width":350,"height":200},"classes":[]}],"_links":{"self":[{"href":"https:\/\/textundblog.de\/index.php?rest_route=\/wp\/v2\/posts\/4000","targetHints":{"allow":["GET"]}}],"collection":[{"href":"https:\/\/textundblog.de\/index.php?rest_route=\/wp\/v2\/posts"}],"about":[{"href":"https:\/\/textundblog.de\/index.php?rest_route=\/wp\/v2\/types\/post"}],"author":[{"embeddable":true,"href":"https:\/\/textundblog.de\/index.php?rest_route=\/wp\/v2\/users\/1"}],"replies":[{"embeddable":true,"href":"https:\/\/textundblog.de\/index.php?rest_route=%2Fwp%2Fv2%2Fcomments&post=4000"}],"version-history":[{"count":0,"href":"https:\/\/textundblog.de\/index.php?rest_route=\/wp\/v2\/posts\/4000\/revisions"}],"wp:attachment":[{"href":"https:\/\/textundblog.de\/index.php?rest_route=%2Fwp%2Fv2%2Fmedia&parent=4000"}],"wp:term":[{"taxonomy":"category","embeddable":true,"href":"https:\/\/textundblog.de\/index.php?rest_route=%2Fwp%2Fv2%2Fcategories&post=4000"},{"taxonomy":"post_tag","embeddable":true,"href":"https:\/\/textundblog.de\/index.php?rest_route=%2Fwp%2Fv2%2Ftags&post=4000"}],"curies":[{"name":"wp","href":"https:\/\/api.w.org\/{rel}","templated":true}]}}