{"id":3859,"date":"2010-11-24T19:03:48","date_gmt":"2010-11-24T18:03:48","guid":{"rendered":"http:\/\/textundblog.de\/?p=3859"},"modified":"2011-03-17T19:35:55","modified_gmt":"2011-03-17T18:35:55","slug":"el-sicaro-der-auftragskiller-zimmer-164","status":"publish","type":"post","link":"https:\/\/textundblog.de\/?p=3859","title":{"rendered":"El Sicaro \/ Der Auftragskiller &#8211; Zimmer 164"},"content":{"rendered":"<p><span class=\"video\"><object type=\"application\/x-shockwave-flash\" style=\"width:425px; height:344px\" data=\"http:\/\/www.youtube.com\/v\/_g-lcoiy5dE\"><param name=\"movie\" value=\"http:\/\/www.youtube.com\/v\/_g-lcoiy5dE\" \/><\/object> <br \/> <cite>Direktlink <a href=\"http:\/\/de.youtube.com\/watch?v=_g-lcoiy5dE\">YouTube<\/a><\/cite><\/span><\/p>\n<p>[Update 17.3.2011: Leider ist der vormals hier eingebundene arte-Film nicht mehr online. Zur Zeit kann er noch in vier Teilen auf YouTube (<a href=\"http:\/\/www.youtube.com\/watch?v=_g-lcoiy5dE\">1<\/a> &#8211; <a href=\"http:\/\/www.youtube.com\/watch?v=ZropVoSS5rs\">2<\/a> &#8211; <a href=\"http:\/\/www.youtube.com\/watch?v=ArjyGqDWhLM\">3<\/a> &#8211; <a href=\"http:\/\/www.youtube.com\/watch?v=YNiXQcoECVM\">4<\/a>) gesehen werden. Gesamtdauer der Doku: 80 Min.]<\/p>\n<blockquote><p>Ein ehemaliger Auftragskiller des mexikanischen Drogenkartells berichtet \u00fcber die letzten 20 Jahre seines Lebens: Er hat Hunderte von Menschen get\u00f6tet, entf\u00fchrt und gefoltert, war Polizist im mexikanischen Bundesstaat Chihuahua und hat sich vom FBI ausbilden lassen. Von seinem Wohnort Ju\u00e1rez aus konnte er sich frei zwischen Mexiko und den Vereinigten Staaten bewegen. Jetzt ist er auf der Flucht, auf seinen Kopf sind 250.000 Dollar ausgesetzt. Der Film wurde an der amerikanisch-mexikanischen Grenze in einem Motelzimmer, das die Nummer 164 tr\u00e4gt, gedreht.<\/p><\/blockquote>\n<p>&laquo;<a href=\"http:\/\/www.arte.tv\/de\/film\/67--Filmfestival-von-Venedig\/3410818.html\">El Sicario<\/a>&raquo; ist ein sehr harter Film des italienischen Dokumentarfilmers Gianfranco Rosi, den es aber lohnt anzuschauen, wenn man verstehen m\u00f6chte, wie der wahnsinnige Drogenkrieg in Mexiko funktioniert. Ein Aussteiger, ein ehemaliger Auftragskiller, berichtet: Wie wurde er angeworben. Weshalb durchlaufen Killer eine Polizeiausbildung. Wie werden Entf\u00fchrungen und Morde geplant. Es kostet sehr viel Energie den bewusst schlicht gehaltenen Bildern zu folgen, wenn der maskierte Mann im Motelzimmer auf seinem Block schematische Zeichnungen macht und dabei von geradezu ungeheuerlichen Machenschaften berichtet. Die grausamen Bilder entstehen dabei im Kopf der Zuschauer. Der Dokumentarfilm hat den FIPRESCI-Preis bei der diesj\u00e4hrigen Mostra in Venedig gewonnen.<br \/>\n<!--more--><br \/>\n<img data-recalc-dims=\"1\" loading=\"lazy\" decoding=\"async\" src=\"https:\/\/i0.wp.com\/textundblog.de\/wp-content\/elsicario.jpg?resize=460%2C259&#038;ssl=1\" width=\"460\" height=\"259\" alt=\"Wie ein schwarzer Geist sitzt der Auftragskiller im Motel und unterst\u00fctzt seine Aussagen durch schematische Zeichnungen \" title=\"Wie ein schwarzer Geist sitzt der Auftragskiller im Motel und unterst\u00fctzt seine Aussagen durch schematische Zeichnungen \" \/><\/p>\n<p>Zur Zeit ist der von meiner Kollegin Ute Klein \u00fcbersetzte 80-min\u00fctige Film in der <a href=\"http:\/\/videos.arte.tv\/de\/videos\/der_auftragskiller_zimmer_164-3537280.html\">arte-Mediathek<\/a> zu sehen. Der Kulturkanal <a href=\"http:\/\/www.arte.tv\/de\/woche\/244,broadcastingNum=1181428,day=6,week=50,year=2010.html\">wiederholt<\/a> den Film am 16. Dezember um 3:00 Uhr.<\/p>\n<p>Weitere Informationen zum Thema: <\/p>\n<ul>\n<li><a href=\"http:\/\/www.blogdelnarco.info\/\">Blog del Narco<\/a> (Vorsicht: dieses Blog bitte wirklich nur besuchen, wenn man keine Probleme mit seinem grausamen Inhalt hat \u2013 dort werden die grauenvollen Morde in Mexiko fortlaufend dokumentiert.)<\/li>\n<li><a href=\"https:\/\/textundblog.de\/?p=3713\">Ohnmacht der Menschen in Mexiko: Drogenterror<\/a> (guter Bericht des NDR-Medienmagazins ZAPP).<\/li>\n<li>Don Winslow: Tage der Toten, Roman, Suhrkamp Verlag 2010 (Artikel in der <a href=\"http:\/\/www.faz.net\/s\/RubBE163169B4324E24BA92AAEB5BDEF0DA\/Doc~E7FB052D621E94BBBB64A78395F67F367~ATpl~Ecommon~Scontent.html\">FAZ<\/a>; heute Morgen auch vorgestellt im <a href=\"http:\/\/www.daserste.de\/moma\/kulturbeitrag_dyn~uid,blxyn7sm01lhyzwm~cm.asp\">ARD-Morgen Magazin<\/a>).<\/li>\n<\/ul>\n","protected":false},"excerpt":{"rendered":"<p>Direktlink YouTube [Update 17.3.2011: Leider ist der vormals hier eingebundene arte-Film nicht mehr online. Zur Zeit kann er noch in vier Teilen auf YouTube (1 &#8211; 2 &#8211; 3 &#8211; 4) gesehen werden. Gesamtdauer der Doku: 80 Min.] Ein ehemaliger Auftragskiller des mexikanischen Drogenkartells berichtet \u00fcber die letzten 20 Jahre seines Lebens: Er hat Hunderte [&hellip;]<\/p>\n","protected":false},"author":1,"featured_media":0,"comment_status":"open","ping_status":"open","sticky":false,"template":"","format":"standard","meta":{"site-sidebar-layout":"default","site-content-layout":"","ast-site-content-layout":"default","site-content-style":"default","site-sidebar-style":"default","ast-global-header-display":"","ast-banner-title-visibility":"","ast-main-header-display":"","ast-hfb-above-header-display":"","ast-hfb-below-header-display":"","ast-hfb-mobile-header-display":"","site-post-title":"","ast-breadcrumbs-content":"","ast-featured-img":"","footer-sml-layout":"","theme-transparent-header-meta":"","adv-header-id-meta":"","stick-header-meta":"","header-above-stick-meta":"","header-main-stick-meta":"","header-below-stick-meta":"","astra-migrate-meta-layouts":"default","ast-page-background-enabled":"default","ast-page-background-meta":{"desktop":{"background-color":"var(--ast-global-color-4)","background-image":"","background-repeat":"repeat","background-position":"center center","background-size":"auto","background-attachment":"scroll","background-type":"","background-media":"","overlay-type":"","overlay-color":"","overlay-opacity":"","overlay-gradient":""},"tablet":{"background-color":"","background-image":"","background-repeat":"repeat","background-position":"center center","background-size":"auto","background-attachment":"scroll","background-type":"","background-media":"","overlay-type":"","overlay-color":"","overlay-opacity":"","overlay-gradient":""},"mobile":{"background-color":"","background-image":"","background-repeat":"repeat","background-position":"center center","background-size":"auto","background-attachment":"scroll","background-type":"","background-media":"","overlay-type":"","overlay-color":"","overlay-opacity":"","overlay-gradient":""}},"ast-content-background-meta":{"desktop":{"background-color":"var(--ast-global-color-5)","background-image":"","background-repeat":"repeat","background-position":"center center","background-size":"auto","background-attachment":"scroll","background-type":"","background-media":"","overlay-type":"","overlay-color":"","overlay-opacity":"","overlay-gradient":""},"tablet":{"background-color":"var(--ast-global-color-5)","background-image":"","background-repeat":"repeat","background-position":"center center","background-size":"auto","background-attachment":"scroll","background-type":"","background-media":"","overlay-type":"","overlay-color":"","overlay-opacity":"","overlay-gradient":""},"mobile":{"background-color":"var(--ast-global-color-5)","background-image":"","background-repeat":"repeat","background-position":"center center","background-size":"auto","background-attachment":"scroll","background-type":"","background-media":"","overlay-type":"","overlay-color":"","overlay-opacity":"","overlay-gradient":""}},"ngg_post_thumbnail":0,"jetpack_post_was_ever_published":false,"_jetpack_newsletter_access":"","_jetpack_dont_email_post_to_subs":false,"_jetpack_newsletter_tier_id":0,"_jetpack_memberships_contains_paywalled_content":false,"_jetpack_memberships_contains_paid_content":false,"footnotes":""},"categories":[2,8,3],"tags":[],"class_list":["post-3859","post","type-post","status-publish","format-standard","hentry","category-kino","category-spanisch","category-tv"],"jetpack_featured_media_url":"","jetpack_sharing_enabled":true,"jetpack_shortlink":"https:\/\/wp.me\/p4uzZ-10f","jetpack-related-posts":[{"id":4017,"url":"https:\/\/textundblog.de\/?p=4017","url_meta":{"origin":3859,"position":0},"title":"Mexiko: Ein Land versinkt im Drogenkrieg","author":"Markus","date":"17\/3\/2011","format":false,"excerpt":"Karte Mexikos nach Bundesstaaten, die rot gef\u00e4rbten leiden besonders unter der Gewalt des Drogenkrieges. Quelle: Wikipedia So schlimm und unfassbar das Leid der Menschen in Japan oder Libyen zur Zeit auch ist, so grausam ist doch auch die Situation der Menschen in Mexiko, die unter einem seit Jahrzehnten anhaltenden, und\u2026","rel":"","context":"In &quot;Politik&quot;","block_context":{"text":"Politik","link":"https:\/\/textundblog.de\/?cat=9"},"img":{"alt_text":"Mexiko - die Gewalt der Drogenkartelle ist besonders in den rot gef\u00e4rbten Staaten akut.","src":"https:\/\/i0.wp.com\/textundblog.de\/wp-content\/drogenkriegmex-staaten.jpg?resize=350%2C200&ssl=1","width":350,"height":200},"classes":[]},{"id":3860,"url":"https:\/\/textundblog.de\/?p=3860","url_meta":{"origin":3859,"position":1},"title":"TV-Programme aus Mediatheken abspeichern","author":"Markus","date":"25\/11\/2010","format":false,"excerpt":"Jeder kennt das: es gibt ausgerechnet dann etwas im Fernsehen zu sehen, wenn man keine Zeit hat oder der Sendeplan offenbar f\u00fcr Nachteulen gemacht wurde. Oder man h\u00f6rt und liest von guten Sendungen oder Filmen, deren Ausstrahlung man verpasst hat. Gut, dass es da die Mediatheken gibt - zumindest bei\u2026","rel":"","context":"In &quot;Software&quot;","block_context":{"text":"Software","link":"https:\/\/textundblog.de\/?cat=21"},"img":{"alt_text":"Mediathek - Mac-Software zum Abspeichern von TV-Programmen aus Mediatheken der \u00d6R-Sender","src":"https:\/\/i0.wp.com\/textundblog.de\/wp-content\/mediathek-scr.jpg?resize=350%2C200&ssl=1","width":350,"height":200},"classes":[]},{"id":4256,"url":"https:\/\/textundblog.de\/?p=4256","url_meta":{"origin":3859,"position":2},"title":"Palenque, Tikal und die Vorfreude auf Mexiko","author":"Markus","date":"24\/7\/2011","format":false,"excerpt":"Foto: Wikipedia Heute morgen ist auf Quetzal, einem wirklich sehr empfehlenswerten Portal f\u00fcr alle, die sich f\u00fcr Lateinamerika interessieren, ein Artikel \u00fcber die Maya-St\u00e4tten Palenque (im S\u00fcden Mexikos) und Tikal (im Norden Guatelmalas) erschienen, den ich mit gro\u00dfem Interesse gelesen habe: Beide arch\u00e4ologischen St\u00e4tten haben den Ruf, zu den sch\u00f6nsten\u2026","rel":"","context":"In &quot;Spanisch&quot;","block_context":{"text":"Spanisch","link":"https:\/\/textundblog.de\/?cat=8"},"img":{"alt_text":"","src":"https:\/\/i0.wp.com\/textundblog.de\/wp-content\/palenque.jpg?resize=350%2C200&ssl=1","width":350,"height":200},"classes":[]},{"id":4369,"url":"https:\/\/textundblog.de\/?p=4369","url_meta":{"origin":3859,"position":3},"title":"Arte-Doku \u00fcber Chihuahua: Naica &#8211; H\u00f6hle der Riesen-Kristalle","author":"Markus","date":"15\/10\/2011","format":false,"excerpt":"http:\/\/www.youtube.com\/watch?v=Zni8KDvzbZI In den Tiefen der mexikanischen Berggrube Naica im nordmexikanischen Bundesstaat Chihuahua liegt ein ganz besonderer Schatz: Die H\u00f6hle der Kristalle aus Marienglas, einer besonderen Gipsart, stellt ein Spektakel von atemberaubender Sch\u00f6nheit dar und ist das Ziel einer einzigartigen Forschungsreise. Naica - H\u00f6hle der Riesen-Kristalle: Lief eben auf Arte (danke\u2026","rel":"","context":"In &quot;Spanisch&quot;","block_context":{"text":"Spanisch","link":"https:\/\/textundblog.de\/?cat=8"},"img":{"alt_text":"","src":"https:\/\/i0.wp.com\/img.youtube.com\/vi\/Zni8KDvzbZI\/0.jpg?resize=350%2C200","width":350,"height":200},"classes":[]},{"id":2435,"url":"https:\/\/textundblog.de\/?p=2435","url_meta":{"origin":3859,"position":4},"title":"Musikgesch\u00e4ft im Umbruch: Am Tag als Ariola starb","author":"Markus","date":"9\/8\/2008","format":false,"excerpt":"Die Radiosendung \u00abhr2 Der Tag\u00bb hat wieder einmal ein Thema gut durchleuchtet und mit interessanten Gespr\u00e4chspartnern die Fakten in 55 Minuten zusammengetragen: Es geht um den Umbruch in der Musikindustrie (Downloads im Netz statt Kauf beim Vertrieb): Die Liberalisierungspropheten, die uns seit Jahren verk\u00fcnden, der Markt k\u00f6nne alles regeln, sind\u2026","rel":"","context":"In &quot;Internet&quot;","block_context":{"text":"Internet","link":"https:\/\/textundblog.de\/?cat=4"},"img":{"alt_text":"hr2 Der Tag","src":"https:\/\/i0.wp.com\/www.textundblog.de\/wp-content\/hr2dertag.jpg?resize=350%2C200","width":350,"height":200},"classes":[]},{"id":3099,"url":"https:\/\/textundblog.de\/?p=3099","url_meta":{"origin":3859,"position":5},"title":"Vom zeitgem\u00e4\u00dfen und f\u00fcr die K\u00fcnstler profitablen Umgang mit Urheberrechten","author":"Markus","date":"1\/8\/2009","format":false,"excerpt":"Es gibt immer wieder Menschen, die nicht verstehen k\u00f6nnen, wie K\u00fcnstler und sonstige Urheber davon leben sollen, wenn ihre Werke frei im Netz verf\u00fcgbar sind. Mit Beispielen wie diesen, die zugegeben ganz besonders herausragend sind, wird es vielleicht ein bisschen besser deutlich, wie das gehen kann: Direktlink YouTube F\u00fcr einen\u2026","rel":"","context":"In &quot;Musik&quot;","block_context":{"text":"Musik","link":"https:\/\/textundblog.de\/?cat=7"},"img":{"alt_text":"","src":"","width":0,"height":0},"classes":[]}],"_links":{"self":[{"href":"https:\/\/textundblog.de\/index.php?rest_route=\/wp\/v2\/posts\/3859","targetHints":{"allow":["GET"]}}],"collection":[{"href":"https:\/\/textundblog.de\/index.php?rest_route=\/wp\/v2\/posts"}],"about":[{"href":"https:\/\/textundblog.de\/index.php?rest_route=\/wp\/v2\/types\/post"}],"author":[{"embeddable":true,"href":"https:\/\/textundblog.de\/index.php?rest_route=\/wp\/v2\/users\/1"}],"replies":[{"embeddable":true,"href":"https:\/\/textundblog.de\/index.php?rest_route=%2Fwp%2Fv2%2Fcomments&post=3859"}],"version-history":[{"count":0,"href":"https:\/\/textundblog.de\/index.php?rest_route=\/wp\/v2\/posts\/3859\/revisions"}],"wp:attachment":[{"href":"https:\/\/textundblog.de\/index.php?rest_route=%2Fwp%2Fv2%2Fmedia&parent=3859"}],"wp:term":[{"taxonomy":"category","embeddable":true,"href":"https:\/\/textundblog.de\/index.php?rest_route=%2Fwp%2Fv2%2Fcategories&post=3859"},{"taxonomy":"post_tag","embeddable":true,"href":"https:\/\/textundblog.de\/index.php?rest_route=%2Fwp%2Fv2%2Ftags&post=3859"}],"curies":[{"name":"wp","href":"https:\/\/api.w.org\/{rel}","templated":true}]}}