{"id":3739,"date":"2010-09-14T17:18:33","date_gmt":"2010-09-14T15:18:33","guid":{"rendered":"http:\/\/textundblog.de\/?p=3739"},"modified":"2010-09-14T17:20:06","modified_gmt":"2010-09-14T15:20:06","slug":"zumocast-zum-streamen-von-pcmac-auf-ipadiphone","status":"publish","type":"post","link":"https:\/\/textundblog.de\/?p=3739","title":{"rendered":"ZumoCast zum Streamen von PC\/Mac auf iPad\/iPhone"},"content":{"rendered":"<p><img data-recalc-dims=\"1\" loading=\"lazy\" decoding=\"async\" src=\"https:\/\/i0.wp.com\/textundblog.de\/wp-content\/zomucast.jpg?resize=500%2C375&#038;ssl=1\" width=\"500\" height=\"375\" alt=\"ZumoCast\" title=\"ZumoCast\" \/><\/p>\n<p>Wer ein iPad sein eigen nennt und Musik, Filme oder andere Dateien per Stream auf seinem Tablet nutzen m\u00f6chte, konnte dies bisher mit dem kostenpflichtigen Dienst von <a href=\"http:\/\/www.appgefahren.de\/erfahrungsbericht-air-video-auf-dem-ipad-5615.html\">AirVideo<\/a> tun. Heute habe ich einen Service entdeckt, der das gleiche kostenlos anbietet und der &#8211; ich hab es eben ausprobiert &#8211; rasch installiert ist und prima funktioniert: <a href=\"http:\/\/www.zumocast.com\/\">ZumoCast<\/a>. <\/p>\n<p>Und so geht&#8217;s: Einfach auf dem iPad die <a href=\"http:\/\/itunes.apple.com\/es\/app\/zumocast\/id386461020?mt=8\">ZumoCast App<\/a> downloaden, im Rahmen der Installation einen kostenlosen Account anlegen, auf dem Mac oder Windows-PC die <a href=\"http:\/\/www.zumocast.com\/download\">Serversoftware<\/a> installieren und ab sofort Filme und Musik vom iPad aus abspielen.<\/p>\n<p>[via <a href=\"http:\/\/www.ipadizate.es\/2010\/09\/14\/zumocast-streaming-desde-tu-ordenador-al-ipad-al-instante-y-gratis\/\">ipadizate<\/a>]<\/p>\n","protected":false},"excerpt":{"rendered":"<p>Wer ein iPad sein eigen nennt und Musik, Filme oder andere Dateien per Stream auf seinem Tablet nutzen m\u00f6chte, konnte dies bisher mit dem kostenpflichtigen Dienst von AirVideo tun. Heute habe ich einen Service entdeckt, der das gleiche kostenlos anbietet und der &#8211; ich hab es eben ausprobiert &#8211; rasch installiert ist und prima funktioniert: [&hellip;]<\/p>\n","protected":false},"author":1,"featured_media":0,"comment_status":"open","ping_status":"open","sticky":false,"template":"","format":"standard","meta":{"site-sidebar-layout":"default","site-content-layout":"","ast-site-content-layout":"default","site-content-style":"default","site-sidebar-style":"default","ast-global-header-display":"","ast-banner-title-visibility":"","ast-main-header-display":"","ast-hfb-above-header-display":"","ast-hfb-below-header-display":"","ast-hfb-mobile-header-display":"","site-post-title":"","ast-breadcrumbs-content":"","ast-featured-img":"","footer-sml-layout":"","theme-transparent-header-meta":"","adv-header-id-meta":"","stick-header-meta":"","header-above-stick-meta":"","header-main-stick-meta":"","header-below-stick-meta":"","astra-migrate-meta-layouts":"default","ast-page-background-enabled":"default","ast-page-background-meta":{"desktop":{"background-color":"var(--ast-global-color-4)","background-image":"","background-repeat":"repeat","background-position":"center center","background-size":"auto","background-attachment":"scroll","background-type":"","background-media":"","overlay-type":"","overlay-color":"","overlay-opacity":"","overlay-gradient":""},"tablet":{"background-color":"","background-image":"","background-repeat":"repeat","background-position":"center center","background-size":"auto","background-attachment":"scroll","background-type":"","background-media":"","overlay-type":"","overlay-color":"","overlay-opacity":"","overlay-gradient":""},"mobile":{"background-color":"","background-image":"","background-repeat":"repeat","background-position":"center center","background-size":"auto","background-attachment":"scroll","background-type":"","background-media":"","overlay-type":"","overlay-color":"","overlay-opacity":"","overlay-gradient":""}},"ast-content-background-meta":{"desktop":{"background-color":"var(--ast-global-color-5)","background-image":"","background-repeat":"repeat","background-position":"center center","background-size":"auto","background-attachment":"scroll","background-type":"","background-media":"","overlay-type":"","overlay-color":"","overlay-opacity":"","overlay-gradient":""},"tablet":{"background-color":"var(--ast-global-color-5)","background-image":"","background-repeat":"repeat","background-position":"center center","background-size":"auto","background-attachment":"scroll","background-type":"","background-media":"","overlay-type":"","overlay-color":"","overlay-opacity":"","overlay-gradient":""},"mobile":{"background-color":"var(--ast-global-color-5)","background-image":"","background-repeat":"repeat","background-position":"center center","background-size":"auto","background-attachment":"scroll","background-type":"","background-media":"","overlay-type":"","overlay-color":"","overlay-opacity":"","overlay-gradient":""}},"ngg_post_thumbnail":0,"jetpack_post_was_ever_published":false,"_jetpack_newsletter_access":"","_jetpack_dont_email_post_to_subs":false,"_jetpack_newsletter_tier_id":0,"_jetpack_memberships_contains_paywalled_content":false,"_jetpack_memberships_contains_paid_content":false,"footnotes":""},"categories":[21],"tags":[],"class_list":["post-3739","post","type-post","status-publish","format-standard","hentry","category-software"],"jetpack_featured_media_url":"","jetpack_sharing_enabled":true,"jetpack_shortlink":"https:\/\/wp.me\/p4uzZ-Yj","jetpack-related-posts":[{"id":3674,"url":"https:\/\/textundblog.de\/?p=3674","url_meta":{"origin":3739,"position":0},"title":"TeamViewer: PC-Fernzugriff auch von mobilen Endger\u00e4ten","author":"Markus","date":"8\/8\/2010","format":false,"excerpt":"Ich liebe Software, die einen bei der Erledigung von Aufgaben oder bei der Hilfeleistung f\u00fcr andere unterst\u00fctzt. Heute stelle ich wieder mal ein Beispiel daf\u00fcr vor: TeamViewer ist eine gro\u00dfartige (f\u00fcr Privatanwender kostenlose) Software, die einem den Fernzugriff auf einen anderen PC erm\u00f6glicht (der das nat\u00fcrlich genehmigen muss). Gro\u00dfartig, f\u00fcr\u2026","rel":"","context":"In &quot;Internet&quot;","block_context":{"text":"Internet","link":"https:\/\/textundblog.de\/?cat=4"},"img":{"alt_text":"TeamViewer","src":"https:\/\/i0.wp.com\/textundblog.de\/wp-content\/teamviewer.jpg?resize=350%2C200&ssl=1","width":350,"height":200},"classes":[]},{"id":5668,"url":"https:\/\/textundblog.de\/?p=5668","url_meta":{"origin":3739,"position":1},"title":"iPad Air, Bose Kopfh\u00f6rer &#038; Deezer \u2013 ein Quantenschub","author":"Markus","date":"4\/11\/2013","format":false,"excerpt":"Als ich mir im Juni 2010, also vor mittlerweile 3,5 Jahren mein erstes iPad zugelegt hatte, war ich mir nicht sicher, ob ich neben Mac und IPhone eigentlich so ein Zwischenformat brauchen w\u00fcrde. Mittlerweile nutze ich das iPad so stark, dass sich diese Zweifel l\u00e4ngst zerschlagen haben. Und nach 3,5\u2026","rel":"","context":"In &quot;Internet&quot;","block_context":{"text":"Internet","link":"https:\/\/textundblog.de\/?cat=4"},"img":{"alt_text":"","src":"https:\/\/i0.wp.com\/textundblog.de\/wp-content\/deezer.jpg?resize=350%2C200&ssl=1","width":350,"height":200},"classes":[]},{"id":3604,"url":"https:\/\/textundblog.de\/?p=3604","url_meta":{"origin":3739,"position":2},"title":"TV &amp; Radio auf iPad &amp; iPhone","author":"Markus","date":"11\/7\/2010","format":false,"excerpt":"Am iPad begeistert mich mit am meisten, dass man \u2013 wo auch immer man sich aufh\u00e4lt \u2013 sein kleines Medienzentrum dabei hat, das auf Knopfdruck \"da\" ist. Und dabei sch\u00e4tze ich auch ganz einfache Funktionen wie Radio & TV. Zwei Programm-Tipps dazu, die sowohl f\u00fcr iPhone- als auch f\u00fcr iPad-Nutzer\u2026","rel":"","context":"In &quot;Radio&quot;","block_context":{"text":"Radio","link":"https:\/\/textundblog.de\/?cat=19"},"img":{"alt_text":"Tunemark Radio - Favoritenliste (eigene Sender k\u00f6nnen auf Wunsch zugef\u00fcgt werden","src":"https:\/\/i0.wp.com\/textundblog.de\/wp-content\/tunemark-fav.jpg?resize=350%2C200&ssl=1","width":350,"height":200},"classes":[]},{"id":4218,"url":"https:\/\/textundblog.de\/?p=4218","url_meta":{"origin":3739,"position":3},"title":"ByteFM: Mobiles Webradio mit Zugriff aufs Archiv","author":"Markus","date":"10\/7\/2011","format":false,"excerpt":"Den Webradiosender ByteFM habe ich hier schon vor dreieinhalb Jahren zu seinem Start vorgestellt. Wer mal reinh\u00f6ren mag, klicke auf den rechten ByteFM-Player. Nachdem ich den Sender mehrmals die Woche h\u00f6re (und fast immer mit gro\u00dfer Begeisterung), war es an der Zeit einmal mehr zu tun, als ByteFM immer nur\u2026","rel":"","context":"In &quot;Internet&quot;","block_context":{"text":"Internet","link":"https:\/\/textundblog.de\/?cat=4"},"img":{"alt_text":"byte:FM auf dem iPhone","src":"https:\/\/i0.wp.com\/textundblog.de\/wp-content\/bytefmiphone.jpg?resize=350%2C200&ssl=1","width":350,"height":200},"classes":[]},{"id":4477,"url":"https:\/\/textundblog.de\/?p=4477","url_meta":{"origin":3739,"position":4},"title":"Arte zeigt, was im Zusammenspiel mit dem Web und mobilen Endger\u00e4ten m\u00f6glich ist","author":"Markus","date":"8\/1\/2012","format":false,"excerpt":"Dass ich von dem deutsch-franz\u00f6sischen Kulturkanal Arte begeistert bin (nicht nur, weil ich ab und an als \u00dcbersetzer f\u00fcr ihn arbeite), d\u00fcrfte f\u00fcr meine regelm\u00e4\u00dfigen Leser kein Geheimnis sein. Seit gestern hat der Sender ein neues Programmschema (unbedingt das dort verlinkte PDF anschauen, da steht Gro\u00dfartiges auf dem Plan!) und\u2026","rel":"","context":"In &quot;Musik&quot;","block_context":{"text":"Musik","link":"https:\/\/textundblog.de\/?cat=7"},"img":{"alt_text":"","src":"https:\/\/i0.wp.com\/textundblog.de\/wp-content\/arte-app-scr.jpg?resize=350%2C200&ssl=1","width":350,"height":200},"classes":[]},{"id":5191,"url":"https:\/\/textundblog.de\/?p=5191","url_meta":{"origin":3739,"position":5},"title":"Begeisterung f\u00fcr die iPad-App der SZ","author":"Markus","date":"2\/1\/2013","format":false,"excerpt":"Vorbemerkung: Gegen Jahresende erhielt ich eine E-Mail von iTunes, dass sich der Preis meines FAS-Abos auf dem iPad verteuert habe. Ich solle in den Abo-Einstellungen angeben, ob ich mit dieser Erh\u00f6hung einverstanden sei. Als ich dort nachschaute, erfuhr ich, dass der Abo-Preis der FAS von 31,99 \u20ac auf 37,99 \u20ac\u2026","rel":"","context":"In &quot;Literatur&quot;","block_context":{"text":"Literatur","link":"https:\/\/textundblog.de\/?cat=11"},"img":{"alt_text":"","src":"https:\/\/i0.wp.com\/textundblog.de\/wp-content\/sz-ipad1.jpg?resize=350%2C200&ssl=1","width":350,"height":200},"classes":[]}],"_links":{"self":[{"href":"https:\/\/textundblog.de\/index.php?rest_route=\/wp\/v2\/posts\/3739","targetHints":{"allow":["GET"]}}],"collection":[{"href":"https:\/\/textundblog.de\/index.php?rest_route=\/wp\/v2\/posts"}],"about":[{"href":"https:\/\/textundblog.de\/index.php?rest_route=\/wp\/v2\/types\/post"}],"author":[{"embeddable":true,"href":"https:\/\/textundblog.de\/index.php?rest_route=\/wp\/v2\/users\/1"}],"replies":[{"embeddable":true,"href":"https:\/\/textundblog.de\/index.php?rest_route=%2Fwp%2Fv2%2Fcomments&post=3739"}],"version-history":[{"count":0,"href":"https:\/\/textundblog.de\/index.php?rest_route=\/wp\/v2\/posts\/3739\/revisions"}],"wp:attachment":[{"href":"https:\/\/textundblog.de\/index.php?rest_route=%2Fwp%2Fv2%2Fmedia&parent=3739"}],"wp:term":[{"taxonomy":"category","embeddable":true,"href":"https:\/\/textundblog.de\/index.php?rest_route=%2Fwp%2Fv2%2Fcategories&post=3739"},{"taxonomy":"post_tag","embeddable":true,"href":"https:\/\/textundblog.de\/index.php?rest_route=%2Fwp%2Fv2%2Ftags&post=3739"}],"curies":[{"name":"wp","href":"https:\/\/api.w.org\/{rel}","templated":true}]}}