{"id":3697,"date":"2010-08-20T21:41:32","date_gmt":"2010-08-20T19:41:32","guid":{"rendered":"http:\/\/textundblog.de\/?p=3697"},"modified":"2010-08-20T22:41:39","modified_gmt":"2010-08-20T20:41:39","slug":"oliver-bierhoff-in-unzulassiger-kampagne-pro-atomkraft","status":"publish","type":"post","link":"https:\/\/textundblog.de\/?p=3697","title":{"rendered":"Oliver Bierhoff in unzul\u00e4ssiger Kampagne pro Atomkraft"},"content":{"rendered":"<p>Wenn Oliver Bierhoff neben 39 anderen Managern eine Werbekampagne unterst\u00fctzt, k\u00f6nnte das einem ja egal sein. Er liebt bekanntlich gut dotierte Werbevertr\u00e4ge (z.B. lt. <a href=\"http:\/\/www.finanznachrichten.de\/nachrichten-2010-03\/16276077-sponsors-rechtsstreit-klage-gegen-oliver-bierhoff-015.htm\">Finanznachrichten.de<\/a> 1,2 Mio Jahresgage als Nachfolger von Beckenbauer in der Kampagne der Deutschen Post). Wenn ihm jemand dieses Geld zahlt, dann hat er sich das auch verdient, sag ich mir. Wenn er aber seinen Namen f\u00fcr eine Kampagne von Eon, RWE, Vattenfall und EnBW her gibt, die ganz im Sinne der Atomindustrie Stimmung gegen den bereits beschlossenen Atomausstieg zu machen versucht, und wenn er das auch noch als Manager des Deutschen Fu\u00dfballbundes tut, dann ist das uns\u00e4glich und ganz offenbar auch gegen die Statute des DFB. Ganz zu Schweigen von der durchsichtigen Intention der &#8211; meiner Meinung nach &#8211; extrem sch\u00e4bigen Kampagne der Atomwirtschaft.<\/p>\n<p>Viele der Herren (ja, es sind wirklich nur M\u00e4nner!), die sich hier Sorgen um unsere Energieversorgung machen, sind der Atomindustrie bekannterma\u00dfen mehr als freundschaftlich verbunden. So geh\u00f6ren etwa Wolfgang Clement und Friedrich Merz genau so zu den Unterzeichnern wie &#8211; ich zitiere aus der <a href=\"http:\/\/www.faz.net\/s\/RubD16E1F55D21144C4AE3F9DDF52B6E1D9\/Doc~E6732285EFCA24D8E9127C9350B4110BE~ATpl~Ecommon~Sspezial.html\">FAZ<\/a>:<\/p>\n<blockquote><p>\u2026neben dem Deutsche-Bank-Chef Josef Ackermann einige Vertreter stromintensiver Industrien wie Ekkehard Schulz (Thyssen- Krupp), Werner Wenning (Bayer) oder J\u00fcrgen Hambrecht (BASF). Unterschrieben hat auch der Manager der Fu\u00dfballnationalmannschaft und Sohn eines fr\u00fcheren RWE-Vorstands, Oliver Bierhoff. Der DFB-Manager war am Freitag wegen einer Pr\u00e4sidiumssitzung nicht zu erreichen. Allerdings lie\u00df er ausrichten, dass er zu seiner Meinung stehe und es f\u00fcr richtig halte, diese auch \u00f6ffentlich zu \u00e4u\u00dfern.<\/p><\/blockquote>\n<p>Ja, Ihr habt richtig gelesen, Bierhoffs Papa ist der fr\u00fchere RWE-Vorstand Oliver Bierhoff. Greenpeace weist zudem in dem viel sagenden Artikel <a href=\"http:\/\/blog.greenpeace.de\/blog\/2010\/08\/20\/olli-und-die-atomlobby\/\">Olli und die Atomlobby<\/a> darauf hin, dass es nicht das erste Mal ist &laquo;\u2026, dass die Atomlobby versucht sich, mit DFB-Federn zu schm\u00fccken.&raquo;. Unfassbar.<\/p>\n<p>Die morgen in vielen Tageszeitungen geschaltete gro\u00dfformatige Anzeige (in Vorschau zu sehen bei <a href=\"http:\/\/blog.greenpeace.de\/blog\/2010\/08\/20\/olli-und-die-atomlobby\/\">Greenpeace<\/a>) ist aber, unabh\u00e4ngig von der Unzul\u00e4ssigkeit der Unterschrift des DFB-Managers Bierhoff, eine ganz und gar widerliche Aktion. Die nachweislich veraltete und unter gar keinen Umst\u00e4nden noch zu verantwortende Energiegewinnung aus Atomkraft soll hier mit einer teuren Imagekampagne in der Bev\u00f6lkerung als Rettung im \u00dcbergang zur erneuerbaren Energie gefeiert und verl\u00e4ngert werden.<\/p>\n<p>Die gesamte Liste der Unterzeichner findet sich in dem oben bereits zitierten FAZ-Artikel: <a href=\"http:\/\/www.faz.net\/s\/RubD16E1F55D21144C4AE3F9DDF52B6E1D9\/Doc~E6732285EFCA24D8E9127C9350B4110BE~ATpl~Ecommon~Sspezial.html\">40 Manager greifen R\u00f6ttgens Politik an<\/a>.<\/p>\n<p>Einen Kommentar von Kurt Kister gibt&#8217;s in der SZ: <a href=\"http:\/\/www.sueddeutsche.de\/wirtschaft\/energiestreit-brandbrief-bosse-fuer-atom-und-gegen-merkel-1.990800\">Bosse f\u00fcr Atom und gegen Merkel<\/a>.<\/p>\n","protected":false},"excerpt":{"rendered":"<p>Wenn Oliver Bierhoff neben 39 anderen Managern eine Werbekampagne unterst\u00fctzt, k\u00f6nnte das einem ja egal sein. Er liebt bekanntlich gut dotierte Werbevertr\u00e4ge (z.B. lt. Finanznachrichten.de 1,2 Mio Jahresgage als Nachfolger von Beckenbauer in der Kampagne der Deutschen Post). Wenn ihm jemand dieses Geld zahlt, dann hat er sich das auch verdient, sag ich mir. Wenn [&hellip;]<\/p>\n","protected":false},"author":1,"featured_media":0,"comment_status":"open","ping_status":"open","sticky":false,"template":"","format":"standard","meta":{"site-sidebar-layout":"default","site-content-layout":"","ast-site-content-layout":"default","site-content-style":"default","site-sidebar-style":"default","ast-global-header-display":"","ast-banner-title-visibility":"","ast-main-header-display":"","ast-hfb-above-header-display":"","ast-hfb-below-header-display":"","ast-hfb-mobile-header-display":"","site-post-title":"","ast-breadcrumbs-content":"","ast-featured-img":"","footer-sml-layout":"","theme-transparent-header-meta":"","adv-header-id-meta":"","stick-header-meta":"","header-above-stick-meta":"","header-main-stick-meta":"","header-below-stick-meta":"","astra-migrate-meta-layouts":"default","ast-page-background-enabled":"default","ast-page-background-meta":{"desktop":{"background-color":"var(--ast-global-color-4)","background-image":"","background-repeat":"repeat","background-position":"center center","background-size":"auto","background-attachment":"scroll","background-type":"","background-media":"","overlay-type":"","overlay-color":"","overlay-opacity":"","overlay-gradient":""},"tablet":{"background-color":"","background-image":"","background-repeat":"repeat","background-position":"center center","background-size":"auto","background-attachment":"scroll","background-type":"","background-media":"","overlay-type":"","overlay-color":"","overlay-opacity":"","overlay-gradient":""},"mobile":{"background-color":"","background-image":"","background-repeat":"repeat","background-position":"center center","background-size":"auto","background-attachment":"scroll","background-type":"","background-media":"","overlay-type":"","overlay-color":"","overlay-opacity":"","overlay-gradient":""}},"ast-content-background-meta":{"desktop":{"background-color":"var(--ast-global-color-5)","background-image":"","background-repeat":"repeat","background-position":"center center","background-size":"auto","background-attachment":"scroll","background-type":"","background-media":"","overlay-type":"","overlay-color":"","overlay-opacity":"","overlay-gradient":""},"tablet":{"background-color":"var(--ast-global-color-5)","background-image":"","background-repeat":"repeat","background-position":"center center","background-size":"auto","background-attachment":"scroll","background-type":"","background-media":"","overlay-type":"","overlay-color":"","overlay-opacity":"","overlay-gradient":""},"mobile":{"background-color":"var(--ast-global-color-5)","background-image":"","background-repeat":"repeat","background-position":"center center","background-size":"auto","background-attachment":"scroll","background-type":"","background-media":"","overlay-type":"","overlay-color":"","overlay-opacity":"","overlay-gradient":""}},"ngg_post_thumbnail":0,"jetpack_post_was_ever_published":false,"_jetpack_newsletter_access":"","_jetpack_dont_email_post_to_subs":false,"_jetpack_newsletter_tier_id":0,"_jetpack_memberships_contains_paywalled_content":false,"_jetpack_memberships_contains_paid_content":false,"footnotes":""},"categories":[9],"tags":[],"class_list":["post-3697","post","type-post","status-publish","format-standard","hentry","category-politik"],"jetpack_featured_media_url":"","jetpack_sharing_enabled":true,"jetpack_shortlink":"https:\/\/wp.me\/p4uzZ-XD","jetpack-related-posts":[{"id":11124,"url":"https:\/\/textundblog.de\/?p=11124","url_meta":{"origin":3697,"position":0},"title":"Kommentar zum R\u00fcckzug Brosius-Gersdorfs","author":"Markus Trapp","date":"7\/8\/2025","format":false,"excerpt":"Diese Nachricht hat uns heute alle schockiert: Brosius-Gersdorf zieht zur\u00fcck. Sehr treffend finde ich diesen vom DLF gesendeten Kommentar von Gudula Geuther: Schauriges Kapitel politischer Kultur Nachzuh\u00f6ren beim DLF. Leider bietet der DLF zu diesem sehr guten Kommentar keine Transkription an. Deshalb hab ich diese mit dem Programm Aiko erstellt\u2026","rel":"","context":"In &quot;Internet&quot;","block_context":{"text":"Internet","link":"https:\/\/textundblog.de\/?cat=4"},"img":{"alt_text":"","src":"https:\/\/i0.wp.com\/textundblog.de\/wp-content\/IMG_0076-300x169.jpeg?resize=350%2C200&ssl=1","width":350,"height":200},"classes":[]},{"id":6793,"url":"https:\/\/textundblog.de\/?p=6793","url_meta":{"origin":3697,"position":1},"title":"Nein zu Olympia in Hamburg","author":"Markus","date":"4\/11\/2015","format":false,"excerpt":"Wie jeder vern\u00fcnftige Mensch bin auch ich nat\u00fcrlich gegen eine Olympia-Bewerbung von Hamburg. H\u00e4tte man mich gefragt, h\u00e4tte ich auch gegen den Einsatz der zwei Millionen (!) Euro (s.u.) alleine f\u00fcr die Bewerbung der Kampagne in der Bev\u00f6lkerung gestimmt. Diese Kampagne ist massiv und wird zus\u00e4tzlich auch noch von einem\u2026","rel":"","context":"In &quot;Hamburg&quot;","block_context":{"text":"Hamburg","link":"https:\/\/textundblog.de\/?cat=15"},"img":{"alt_text":"","src":"https:\/\/i0.wp.com\/textundblog.de\/wp-content\/lassdichnichtkoedern.jpg?resize=350%2C200&ssl=1","width":350,"height":200,"srcset":"https:\/\/i0.wp.com\/textundblog.de\/wp-content\/lassdichnichtkoedern.jpg?resize=350%2C200&ssl=1 1x, https:\/\/i0.wp.com\/textundblog.de\/wp-content\/lassdichnichtkoedern.jpg?resize=525%2C300&ssl=1 1.5x"},"classes":[]},{"id":1821,"url":"https:\/\/textundblog.de\/?p=1821","url_meta":{"origin":3697,"position":2},"title":"Fight for Kisses: Wie Werbung wunderbar wirkt","author":"Markus","date":"17\/9\/2007","format":false,"excerpt":"Die Marketing-Agentur JWT hat sich folgenden Spruch auf die Fahnen geschrieben: We create ideas for our clients that people want to spent time with. Und nicht nur die Spots der Werbeprofis sind originell, auch die gew\u00f6hnungsbed\u00fcrftige Navigation auf der Website f\u00e4llt aus dem Rahmen und l\u00e4sst den Besucher beim Reinklicken\u2026","rel":"","context":"In &quot;Video&quot;","block_context":{"text":"Video","link":"https:\/\/textundblog.de\/?cat=18"},"img":{"alt_text":"JWT - Firmenmotto auf der Website","src":"https:\/\/i0.wp.com\/textundblog.de\/wp-content\/jwt.jpg?resize=350%2C200&ssl=1","width":350,"height":200},"classes":[]},{"id":2093,"url":"https:\/\/textundblog.de\/?p=2093","url_meta":{"origin":3697,"position":3},"title":"MoveOn ruft zum Videowettbewerb auf: ObamaIn30Seconds","author":"Markus","date":"13\/3\/2008","format":false,"excerpt":"Nicht dass es noch eines Beispieles bedurft h\u00e4tte, ich f\u00fchre ja schon seit anderthalb Jahren Buch \u00fcber die Web 2.0-Erfolge Obamas. Aber die nun von MoveOn ins Leben gerufene Kampagne ist ein weiterer Meilenstein auf dem Social Web-Erfolgsweg des vermutlich n\u00e4chsten Pr\u00e4sidenten der Vereinigten Staaten von Amerika: \u00c4hnlich der 2004\u2026","rel":"","context":"In &quot;Politik&quot;","block_context":{"text":"Politik","link":"https:\/\/textundblog.de\/?cat=9"},"img":{"alt_text":"MoveOn: ObamaIn30Seconds","src":"https:\/\/i0.wp.com\/textundblog.de\/wp-content\/obamain30seconds.jpg?resize=350%2C200&ssl=1","width":350,"height":200},"classes":[]},{"id":4573,"url":"https:\/\/textundblog.de\/?p=4573","url_meta":{"origin":3697,"position":4},"title":"KONY 2012 \u2013 Kampagne von \u00abInvisible Children\u00bb","author":"Markus","date":"7\/3\/2012","format":false,"excerpt":"Sehr bewegend. Wer die knappe halbe Stunde investiert, wird es nicht bereuen. Nach dem Anschauen bitte die Kampagnenseite besuchen: KONY 2012 by Invisible Children. Weitere Infos: Joseph Kony Lord\u2019s Resistance Army Die Netzwelt jagt den Kriegsverbrecher Joseph Kony Update 01:00 Uhr: Eine kritische Einsch\u00e4tzung der Kampagne auf Spreeblick [via @markus_breuer]\u2026","rel":"","context":"In &quot;Politik&quot;","block_context":{"text":"Politik","link":"https:\/\/textundblog.de\/?cat=9"},"img":{"alt_text":"","src":"","width":0,"height":0},"classes":[]},{"id":2848,"url":"https:\/\/textundblog.de\/?p=2848","url_meta":{"origin":3697,"position":5},"title":"Elektrischer Reporter: Obamas Wahlstrategie im Web","author":"Markus","date":"21\/3\/2009","format":false,"excerpt":"Seit Oktober 2006 habe ich den Web-2.0-Wahlkampf von Barack Obama verfolgt und etappenweise festgehalten, wie er das Netz f\u00fcr die Rekrutierung seiner Anh\u00e4nger eingesetzt hat. In einer wieder einmal sehenswerten Folge widmet sich nun der Elektrische Reporter diesem Thema und\u2026 \u2026untersucht die Mechanismen des Online-Wahlkampfs und zeigt auf, welche Lehren\u2026","rel":"","context":"In &quot;Politik&quot;","block_context":{"text":"Politik","link":"https:\/\/textundblog.de\/?cat=9"},"img":{"alt_text":"","src":"","width":0,"height":0},"classes":[]}],"_links":{"self":[{"href":"https:\/\/textundblog.de\/index.php?rest_route=\/wp\/v2\/posts\/3697","targetHints":{"allow":["GET"]}}],"collection":[{"href":"https:\/\/textundblog.de\/index.php?rest_route=\/wp\/v2\/posts"}],"about":[{"href":"https:\/\/textundblog.de\/index.php?rest_route=\/wp\/v2\/types\/post"}],"author":[{"embeddable":true,"href":"https:\/\/textundblog.de\/index.php?rest_route=\/wp\/v2\/users\/1"}],"replies":[{"embeddable":true,"href":"https:\/\/textundblog.de\/index.php?rest_route=%2Fwp%2Fv2%2Fcomments&post=3697"}],"version-history":[{"count":0,"href":"https:\/\/textundblog.de\/index.php?rest_route=\/wp\/v2\/posts\/3697\/revisions"}],"wp:attachment":[{"href":"https:\/\/textundblog.de\/index.php?rest_route=%2Fwp%2Fv2%2Fmedia&parent=3697"}],"wp:term":[{"taxonomy":"category","embeddable":true,"href":"https:\/\/textundblog.de\/index.php?rest_route=%2Fwp%2Fv2%2Fcategories&post=3697"},{"taxonomy":"post_tag","embeddable":true,"href":"https:\/\/textundblog.de\/index.php?rest_route=%2Fwp%2Fv2%2Ftags&post=3697"}],"curies":[{"name":"wp","href":"https:\/\/api.w.org\/{rel}","templated":true}]}}