{"id":3547,"date":"2010-06-05T18:09:28","date_gmt":"2010-06-05T16:09:28","guid":{"rendered":"http:\/\/textundblog.de\/?p=3547"},"modified":"2010-06-05T21:59:11","modified_gmt":"2010-06-05T19:59:11","slug":"wird-joachim-gauck-der-nachste-bundesprasident","status":"publish","type":"post","link":"https:\/\/textundblog.de\/?p=3547","title":{"rendered":"Wird Joachim Gauck der n\u00e4chste Bundespr\u00e4sident?"},"content":{"rendered":"<p><a href=\"http:\/\/www.spiegel.de\/spiegel\/0,1518,ausg-4711,00.html\"><img data-recalc-dims=\"1\" loading=\"lazy\" decoding=\"async\" src=\"https:\/\/i0.wp.com\/textundblog.de\/wp-content\/spiegelgauck.jpg?resize=312%2C412&#038;ssl=1\" width=\"312\" height=\"412\" alt=\"Aktueller Spiegel-Titel: Joachim Gauck - Der bessere Pr\u00e4sident\" title=\"Aktueller Spiegel-Titel: Joachim Gauck - Der bessere Pr\u00e4sident\" \/><\/a> <\/p>\n<p>Die ehemalige FDP-Pr\u00e4sidentschaftskandidatin Hildegard Hamm-Br\u00fccher zum am Montag erscheinenden <a href=\"http:\/\/www.spiegel.de\/spiegel\/vorab\/0,1518,698891,00.html\">SPIEGEL<\/a>: <\/p>\n<blockquote><p>Ich bin sehr entt\u00e4uscht, dass man nicht versucht hat, in dieser schwierigen innenpolitischen Situation einen gemeinsamen Kandidaten aller Parteien zu finden. Herr Gauck ist eine hervorragende Idee. Er ist politisch im Pulverdampf erprobt, kommt aber nicht aus der Parteikiste.<\/p><\/blockquote>\n<p>Ich w\u00fcrde den Seemanns-Sohn und Pfarrer <a href=\"http:\/\/de.wikipedia.org\/wiki\/Joachim_Gauck\">Joachim Gauck<\/a> w\u00e4hlen, wenn ich der Bundesversammlung angeh\u00f6rte. Das Rennen ist noch nicht gelaufen. Auch in der <a href=\"http:\/\/www.tagesschau.de\/inland\/koehlernachfolge126.html\">FDP<\/a>, nicht nur bei der &#8211; von mir sehr geachteten &#8211; <em>Grande Dame<\/em> Hildegard Hamm-Br\u00fccher, sondern auch bei den <a href=\"http:\/\/twitter.com\/fdp_berlin\/status\/15485533922\">Jungen Liberalen Berlin<\/a>, formiert sich ein Widerstand gegen Merkels im Bund durchgeboxte L\u00f6sung mit dem farblosen Christian Wulff, den die angeschlagene Kanzlerin als m\u00f6glichen Konkurrenten ins Schloss Bellevue weg loben m\u00f6chte.<\/p>\n<p>Die \u2013 selbstverst\u00e4ndlich <a href=\"http:\/\/www.tagesschau.de\/meldung212042.html\">nicht repr\u00e4sentative<\/a>, aber doch mit beeindruckenden Zahlen aufwartende \u2013 <a href=\"http:\/\/umfrage.tagesschau.de\/umfrage\/poll_dbdata.php?oid=koehlernachfolge116\">Umfrage der Tagesschau<\/a> ist sehr viel sagend: Fast 75 % von bis dato \u00fcber 50.000 teilnehmenden Bundesb\u00fcrgern w\u00fcrden Gauck w\u00e4hlen, nur 15 % Wulff:<\/p>\n<p><a href=\"http:\/\/umfrage.tagesschau.de\/umfrage\/poll_dbdata.php?oid=koehlernachfolge116\"><img data-recalc-dims=\"1\" loading=\"lazy\" decoding=\"async\" src=\"https:\/\/i0.wp.com\/textundblog.de\/wp-content\/tagesschau-umfrage.gif?resize=426%2C231&#038;ssl=1\" width=\"426\" height=\"231\" alt=\"Umfrage zur K\u00f6hler-Nachfolge der Tagesschau, Stand:5.6.10, 18 Uhr\" title=\"Umfrage zur K\u00f6hler-Nachfolge der Tagesschau, Stand:5.6.10, 18 Uhr\" \/><\/a> <\/p>\n<p>Ich zitiere <a href=\"http:\/\/twitter.com\/textundblog\/status\/15486313037\">mich<\/a> ausnahmsweise mal selbst:<\/p>\n<blockquote><p>Die Benennung von K\u00f6hler sollte schwarz-gelb im Bund einl\u00e4uten. Die von Wulff scheint deren Ende anzuk\u00fcnden. <\/p><\/blockquote>\n<p>Wird Joachim Gauck der n\u00e4chste Bundespr\u00e4sident? Ich w\u00fcrde es mir w\u00fcnschen.<\/p>\n<p><strong>Update 18:55 Uhr:<\/strong> Falls es noch eines Argumentes pro Gauck bedurfte, hier das Interview mit ihm in den Tagesthemen von gestern Abend:<\/p>\n<p><span class=\"video\"><object type=\"application\/x-shockwave-flash\" style=\"width:425px; height:344px\" data=\"http:\/\/www.youtube.com\/v\/cL9wLMEXkuQ\"><param name=\"movie\" value=\"http:\/\/www.youtube.com\/v\/cL9wLMEXkuQ\" \/><\/object> <br \/> <cite>Direktlink <a href=\"http:\/\/de.youtube.com\/watch?v=cL9wLMEXkuQ\">YouTube<\/a><\/cite><\/span><\/p>\n","protected":false},"excerpt":{"rendered":"<p>Die ehemalige FDP-Pr\u00e4sidentschaftskandidatin Hildegard Hamm-Br\u00fccher zum am Montag erscheinenden SPIEGEL: Ich bin sehr entt\u00e4uscht, dass man nicht versucht hat, in dieser schwierigen innenpolitischen Situation einen gemeinsamen Kandidaten aller Parteien zu finden. Herr Gauck ist eine hervorragende Idee. Er ist politisch im Pulverdampf erprobt, kommt aber nicht aus der Parteikiste. Ich w\u00fcrde den Seemanns-Sohn und Pfarrer [&hellip;]<\/p>\n","protected":false},"author":1,"featured_media":0,"comment_status":"open","ping_status":"open","sticky":false,"template":"","format":"standard","meta":{"site-sidebar-layout":"default","site-content-layout":"","ast-site-content-layout":"default","site-content-style":"default","site-sidebar-style":"default","ast-global-header-display":"","ast-banner-title-visibility":"","ast-main-header-display":"","ast-hfb-above-header-display":"","ast-hfb-below-header-display":"","ast-hfb-mobile-header-display":"","site-post-title":"","ast-breadcrumbs-content":"","ast-featured-img":"","footer-sml-layout":"","theme-transparent-header-meta":"","adv-header-id-meta":"","stick-header-meta":"","header-above-stick-meta":"","header-main-stick-meta":"","header-below-stick-meta":"","astra-migrate-meta-layouts":"default","ast-page-background-enabled":"default","ast-page-background-meta":{"desktop":{"background-color":"var(--ast-global-color-4)","background-image":"","background-repeat":"repeat","background-position":"center center","background-size":"auto","background-attachment":"scroll","background-type":"","background-media":"","overlay-type":"","overlay-color":"","overlay-opacity":"","overlay-gradient":""},"tablet":{"background-color":"","background-image":"","background-repeat":"repeat","background-position":"center center","background-size":"auto","background-attachment":"scroll","background-type":"","background-media":"","overlay-type":"","overlay-color":"","overlay-opacity":"","overlay-gradient":""},"mobile":{"background-color":"","background-image":"","background-repeat":"repeat","background-position":"center center","background-size":"auto","background-attachment":"scroll","background-type":"","background-media":"","overlay-type":"","overlay-color":"","overlay-opacity":"","overlay-gradient":""}},"ast-content-background-meta":{"desktop":{"background-color":"var(--ast-global-color-5)","background-image":"","background-repeat":"repeat","background-position":"center center","background-size":"auto","background-attachment":"scroll","background-type":"","background-media":"","overlay-type":"","overlay-color":"","overlay-opacity":"","overlay-gradient":""},"tablet":{"background-color":"var(--ast-global-color-5)","background-image":"","background-repeat":"repeat","background-position":"center center","background-size":"auto","background-attachment":"scroll","background-type":"","background-media":"","overlay-type":"","overlay-color":"","overlay-opacity":"","overlay-gradient":""},"mobile":{"background-color":"var(--ast-global-color-5)","background-image":"","background-repeat":"repeat","background-position":"center center","background-size":"auto","background-attachment":"scroll","background-type":"","background-media":"","overlay-type":"","overlay-color":"","overlay-opacity":"","overlay-gradient":""}},"ngg_post_thumbnail":0,"jetpack_post_was_ever_published":false,"_jetpack_newsletter_access":"","_jetpack_dont_email_post_to_subs":false,"_jetpack_newsletter_tier_id":0,"_jetpack_memberships_contains_paywalled_content":false,"_jetpack_memberships_contains_paid_content":false,"footnotes":""},"categories":[9],"tags":[],"class_list":["post-3547","post","type-post","status-publish","format-standard","hentry","category-politik"],"jetpack_featured_media_url":"","jetpack_sharing_enabled":true,"jetpack_shortlink":"https:\/\/wp.me\/p4uzZ-Vd","jetpack-related-posts":[{"id":3585,"url":"https:\/\/textundblog.de\/?p=3585","url_meta":{"origin":3547,"position":0},"title":"Joachim Gauck: Rede im Deutschen Theater","author":"Markus","date":"25\/6\/2010","format":false,"excerpt":"Direktlink YouTube Ich bin mir sicher, dass unser deutsches \u201eYes, we can\u201c das s\u00e4chsische \u201eWir sind das Volk\u201c war. Ich bin so sicher, weil ich die Wirkung dieser Botschaft erlebt habe. Weil ich erfahren habe, welch unerwartete und ungeheure Kraft in den lange Unterdr\u00fcckten noch steckte. Weil ich unter ihnen\u2026","rel":"","context":"In &quot;Politik&quot;","block_context":{"text":"Politik","link":"https:\/\/textundblog.de\/?cat=9"},"img":{"alt_text":"","src":"","width":0,"height":0},"classes":[]},{"id":10892,"url":"https:\/\/textundblog.de\/?p=10892","url_meta":{"origin":3547,"position":1},"title":"Christian Lindner: Narzissmus statt politischer Kultur","author":"Markus","date":"1\/12\/2024","format":false,"excerpt":"Die FDP hat ihre Glaubw\u00fcrdigkeit mit dem D-Day-Papier und dem von langer Hand geplanten Ausstieg aus der Ampel komplett verspielt. Das einzige, was der ehemals liberalen Partei eines Gerhard Baum, eines Burkhard Hirsch oder einer Hildegard Hamm-Br\u00fccher (die drei wurden zurecht in diesem Skeet genannt) jetzt noch helfen k\u00f6nnte, w\u00e4re\u2026","rel":"","context":"In &quot;Bluesky&quot;","block_context":{"text":"Bluesky","link":"https:\/\/textundblog.de\/?cat=33"},"img":{"alt_text":"","src":"https:\/\/i0.wp.com\/textundblog.de\/wp-content\/IMG_8153-150x150.png?resize=350%2C200&ssl=1","width":350,"height":200},"classes":[]},{"id":4311,"url":"https:\/\/textundblog.de\/?p=4311","url_meta":{"origin":3547,"position":2},"title":"Rainald Grebe: Real existierende Wahlkampfkandidaten in Berlin","author":"Markus","date":"27\/8\/2011","format":false,"excerpt":"Fans von Rainald Grebe kennen und lieben sein Lied \u00abIch bin Ihr Kandidat\u00bb. Unter dem selben Titel ist heute in der Berliner Zeitung seine Beobachtung zu real existierenden Wahlkampfkandidaten in Berlin erschienen. Eine \u00fcberaus lohnenswerte Lekt\u00fcre: Ich habe eine kleine Reise unternommen in den letzten Monaten, eine Reise in den\u2026","rel":"","context":"In &quot;Artikel&quot;","block_context":{"text":"Artikel","link":"https:\/\/textundblog.de\/?cat=5"},"img":{"alt_text":"","src":"","width":0,"height":0},"classes":[]},{"id":5907,"url":"https:\/\/textundblog.de\/?p=5907","url_meta":{"origin":3547,"position":3},"title":"Podiumsdiskussion in der Otto-Hahn-Schule","author":"Markus","date":"19\/4\/2014","format":false,"excerpt":"Update 24.4.2014: Jetzt auch mit Fotos des Podiums. Am vergangenen Dienstag, 15. April, war ich auf meiner zweiten Podiumsdiskussion in Sachen Bezirkswahl in Wandsbek. Nach der Premiere in Rahlstedt vor B\u00fcrgern aller Altersklassen, ging's dieses Mal zu j\u00fcngerem Publikum nach Jenfeld, in die Otto-Hahn-Schule, einer von 58 Stadtteilschulen in Hamburg.\u2026","rel":"","context":"In &quot;Hamburg&quot;","block_context":{"text":"Hamburg","link":"https:\/\/textundblog.de\/?cat=15"},"img":{"alt_text":"","src":"https:\/\/i0.wp.com\/textundblog.de\/wp-content\/Podiumsdiskussion07-gr.jpg?resize=350%2C200","width":350,"height":200,"srcset":"https:\/\/i0.wp.com\/textundblog.de\/wp-content\/Podiumsdiskussion07-gr.jpg?resize=350%2C200 1x, https:\/\/i0.wp.com\/textundblog.de\/wp-content\/Podiumsdiskussion07-gr.jpg?resize=525%2C300 1.5x, https:\/\/i0.wp.com\/textundblog.de\/wp-content\/Podiumsdiskussion07-gr.jpg?resize=700%2C400 2x, https:\/\/i0.wp.com\/textundblog.de\/wp-content\/Podiumsdiskussion07-gr.jpg?resize=1050%2C600 3x, https:\/\/i0.wp.com\/textundblog.de\/wp-content\/Podiumsdiskussion07-gr.jpg?resize=1400%2C800 4x"},"classes":[]},{"id":1928,"url":"https:\/\/textundblog.de\/?p=1928","url_meta":{"origin":3547,"position":4},"title":"Spitzenkandidat am Alsterufer","author":"Markus","date":"25\/11\/2007","format":false,"excerpt":"Heute beim Spaziergang am Alsterufer mit Freunden erschrocken entdeckt und an Loriots Sketch \"Der Kandidat\" gedacht (wo dieselbe Person f\u00fcr alle Parteien als Werbefigur auf Plakate kommt): Die Hamburger FDP plakatiert ihren Spitzenkandidten Hinnerk Fock. Von weitem dachte ich erst \u00abDas ist doch Henning Voscherau\u00bb. Aber nein, es ist Hinnerk\u2026","rel":"","context":"In &quot;Foto&quot;","block_context":{"text":"Foto","link":"https:\/\/textundblog.de\/?cat=10"},"img":{"alt_text":"Vogue-Cover mit Hinnerk Fock: Spitzenkandidat!","src":"https:\/\/i0.wp.com\/textundblog.de\/wp-content\/hinnerckfock.jpg?resize=350%2C200&ssl=1","width":350,"height":200},"classes":[]},{"id":5545,"url":"https:\/\/textundblog.de\/?p=5545","url_meta":{"origin":3547,"position":5},"title":"Sprachlos ob der Ignoranz gegen\u00fcber Prism","author":"Markus","date":"9\/8\/2013","format":false,"excerpt":"Wir stehen mit den Abh\u00f6rskandalen um Prism und Tempora und der Verstrickung des deutschen Geheimdienstes und der deutschen Bundesregierung(en) der vergangenen Jahre vor einem der schlimmsten politischen Skandale seit Langem. Es wird von Seiten der f\u00fcnf daran beteiligten Parteien (CDU, CSU, FDP, SPD und Gr\u00fcne) gr\u00f6\u00dftenteils gelogen, sich gegenseitig die\u2026","rel":"","context":"In &quot;Bluesky&quot;","block_context":{"text":"Bluesky","link":"https:\/\/textundblog.de\/?cat=33"},"img":{"alt_text":"","src":"https:\/\/i0.wp.com\/textundblog.de\/wp-content\/UltraBiblioteka-tdw082013.png?resize=350%2C200&ssl=1","width":350,"height":200},"classes":[]}],"_links":{"self":[{"href":"https:\/\/textundblog.de\/index.php?rest_route=\/wp\/v2\/posts\/3547","targetHints":{"allow":["GET"]}}],"collection":[{"href":"https:\/\/textundblog.de\/index.php?rest_route=\/wp\/v2\/posts"}],"about":[{"href":"https:\/\/textundblog.de\/index.php?rest_route=\/wp\/v2\/types\/post"}],"author":[{"embeddable":true,"href":"https:\/\/textundblog.de\/index.php?rest_route=\/wp\/v2\/users\/1"}],"replies":[{"embeddable":true,"href":"https:\/\/textundblog.de\/index.php?rest_route=%2Fwp%2Fv2%2Fcomments&post=3547"}],"version-history":[{"count":0,"href":"https:\/\/textundblog.de\/index.php?rest_route=\/wp\/v2\/posts\/3547\/revisions"}],"wp:attachment":[{"href":"https:\/\/textundblog.de\/index.php?rest_route=%2Fwp%2Fv2%2Fmedia&parent=3547"}],"wp:term":[{"taxonomy":"category","embeddable":true,"href":"https:\/\/textundblog.de\/index.php?rest_route=%2Fwp%2Fv2%2Fcategories&post=3547"},{"taxonomy":"post_tag","embeddable":true,"href":"https:\/\/textundblog.de\/index.php?rest_route=%2Fwp%2Fv2%2Ftags&post=3547"}],"curies":[{"name":"wp","href":"https:\/\/api.w.org\/{rel}","templated":true}]}}