{"id":3546,"date":"2010-06-04T18:17:16","date_gmt":"2010-06-04T16:17:16","guid":{"rendered":"http:\/\/textundblog.de\/?p=3546"},"modified":"2010-06-04T18:17:16","modified_gmt":"2010-06-04T16:17:16","slug":"australischer-kurzfilm-spiel-mit-dem-feuer","status":"publish","type":"post","link":"https:\/\/textundblog.de\/?p=3546","title":{"rendered":"Australischer Kurzfilm: Spiel mit dem Feuer"},"content":{"rendered":"<p><object classid=\"clsid:D27CDB6E-AE6D-11cf-96B8-444553540000\" codebase=\"http:\/\/download.macromedia.com\/pub\/shockwave\/cabs\/flash\/swflash.cab#version=10,0,0,0\" id=\"playerArte\" allowScriptAccess=\"always\" width=\"450\" height=\"255\" ><param name=\"allowFullScreen\" value=\"true\" \/><param name=\"allowScriptAccess\" value=\"always\" \/><param name=\"quality\" value=\"high\"><\/param><param name=\"movie\" value=\"http:\/\/videos.arte.tv\/videoplayer.swf?mode=prod&#038;lang=de&#038;videorefFileUrl=http%3A%2F%2Fvideos%2Earte%2Etv%2Fde%2Fdo%5Fdelegate%2Fvideos%2Fspiel%5Fmit%5Fdem%5Ffeuer%2D3237232%2Cview%2CasPlayerXml%2Exml&#038;localizedPathUrl=http%3A%2F%2Fvideos%2Earte%2Etv%2Fcae%2Fstatic%2Fflash%2Fplayer%2F&#038;videoId=3237232&#038;admin=false&#038;configFileUrl=http%3A%2F%2Fvideos%2Earte%2Etv%2Fcae%2Fstatic%2Fflash%2Fplayer%2Fconfig%2Exml&#038;embed=true\"><\/param><\/object><\/p>\n<p><a href=\"http:\/\/www.arte.tv\/de\/film\/Kurzschluss\/3243728.html\">arte<\/a> \u00fcber den beeindruckenden Kurzfilm, den ich Euch nur empfehlen kann:<\/p>\n<blockquote><p>Eine Gruppe Jugendlicher schl\u00e4gt die Zeit mit Mutproben tot. Dabei wird einer von ihnen gezwungen, eine lebenswichtige Entscheidung zu treffen.<\/p>\n<p>[&#8230;]<\/p>\n<p>2009 erh\u00e4lt &#8222;Spiel mit dem Feuer&#8220; auf dem Internationalen Kurzfilmfestival Hamburg den ARTE-Kurzfilmpreis und auf der Berlinale in der Kategorie &#8222;Generation Kplus&#8220; die &#8222;Lobende Erw\u00e4hnung f\u00fcr den besten Kurzfilm&#8220;. Des Weiteren gewinnt er 2008 die Auszeichnung &#8222;Besondere Erw\u00e4hnung Kurzfilm&#8220; der 61. Internationalen Filmfestspiele von Cannes.<\/p><\/blockquote>\n<p><a href=\"http:\/\/www.juliusavery.com\/\">Julius Avery<\/a> hat mit &laquo;Spiel mit dem Feuer&raquo; (O-Titel: &laquo;Jerrycan&raquo;) einen hervorragenden Kurzfilm (13 Min.) abgeliefert, der den schwierigen Lebensabschnitt zwischen Kindheit und Erwachsenendasein genau so eindringlich in kleine Momente und wunderbare Beobachtungen fasst, wie den Wahnsinn von Imponiergehabe und Gewalt.<\/p>\n<p>Toll, dass arte jetzt f\u00fcr seine Videos auch Embed-Codes zum Einbinden in andere Websites anbietet.<\/p>\n","protected":false},"excerpt":{"rendered":"<p>arte \u00fcber den beeindruckenden Kurzfilm, den ich Euch nur empfehlen kann: Eine Gruppe Jugendlicher schl\u00e4gt die Zeit mit Mutproben tot. Dabei wird einer von ihnen gezwungen, eine lebenswichtige Entscheidung zu treffen. [&#8230;] 2009 erh\u00e4lt &#8222;Spiel mit dem Feuer&#8220; auf dem Internationalen Kurzfilmfestival Hamburg den ARTE-Kurzfilmpreis und auf der Berlinale in der Kategorie &#8222;Generation Kplus&#8220; die [&hellip;]<\/p>\n","protected":false},"author":1,"featured_media":0,"comment_status":"open","ping_status":"open","sticky":false,"template":"","format":"standard","meta":{"site-sidebar-layout":"default","site-content-layout":"","ast-site-content-layout":"default","site-content-style":"default","site-sidebar-style":"default","ast-global-header-display":"","ast-banner-title-visibility":"","ast-main-header-display":"","ast-hfb-above-header-display":"","ast-hfb-below-header-display":"","ast-hfb-mobile-header-display":"","site-post-title":"","ast-breadcrumbs-content":"","ast-featured-img":"","footer-sml-layout":"","theme-transparent-header-meta":"","adv-header-id-meta":"","stick-header-meta":"","header-above-stick-meta":"","header-main-stick-meta":"","header-below-stick-meta":"","astra-migrate-meta-layouts":"default","ast-page-background-enabled":"default","ast-page-background-meta":{"desktop":{"background-color":"var(--ast-global-color-4)","background-image":"","background-repeat":"repeat","background-position":"center center","background-size":"auto","background-attachment":"scroll","background-type":"","background-media":"","overlay-type":"","overlay-color":"","overlay-opacity":"","overlay-gradient":""},"tablet":{"background-color":"","background-image":"","background-repeat":"repeat","background-position":"center center","background-size":"auto","background-attachment":"scroll","background-type":"","background-media":"","overlay-type":"","overlay-color":"","overlay-opacity":"","overlay-gradient":""},"mobile":{"background-color":"","background-image":"","background-repeat":"repeat","background-position":"center center","background-size":"auto","background-attachment":"scroll","background-type":"","background-media":"","overlay-type":"","overlay-color":"","overlay-opacity":"","overlay-gradient":""}},"ast-content-background-meta":{"desktop":{"background-color":"var(--ast-global-color-5)","background-image":"","background-repeat":"repeat","background-position":"center center","background-size":"auto","background-attachment":"scroll","background-type":"","background-media":"","overlay-type":"","overlay-color":"","overlay-opacity":"","overlay-gradient":""},"tablet":{"background-color":"var(--ast-global-color-5)","background-image":"","background-repeat":"repeat","background-position":"center center","background-size":"auto","background-attachment":"scroll","background-type":"","background-media":"","overlay-type":"","overlay-color":"","overlay-opacity":"","overlay-gradient":""},"mobile":{"background-color":"var(--ast-global-color-5)","background-image":"","background-repeat":"repeat","background-position":"center center","background-size":"auto","background-attachment":"scroll","background-type":"","background-media":"","overlay-type":"","overlay-color":"","overlay-opacity":"","overlay-gradient":""}},"ngg_post_thumbnail":0,"jetpack_post_was_ever_published":false,"_jetpack_newsletter_access":"","_jetpack_dont_email_post_to_subs":false,"_jetpack_newsletter_tier_id":0,"_jetpack_memberships_contains_paywalled_content":false,"_jetpack_memberships_contains_paid_content":false,"footnotes":""},"categories":[2,18],"tags":[],"class_list":["post-3546","post","type-post","status-publish","format-standard","hentry","category-kino","category-video"],"jetpack_featured_media_url":"","jetpack_sharing_enabled":true,"jetpack_shortlink":"https:\/\/wp.me\/p4uzZ-Vc","jetpack-related-posts":[{"id":4210,"url":"https:\/\/textundblog.de\/?p=4210","url_meta":{"origin":3546,"position":0},"title":"Australischer Himmel im Time-lapse: Ocean Sky","author":"Markus","date":"7\/7\/2011","format":false,"excerpt":"Ocean Sky from Alex Cherney on Vimeo. Vielleicht das faszinierendste Time-lapse-Video, das ich bisher gesehen habe. Wie Alex Cherney die auf 2,5 Minuten verdichtete Atmosph\u00e4re dieses berauschenden Naturschauspiels eingefangen hat, ist ganz und gar gro\u00dfartig. Der Software-Entwickler aus Melbourne hat eineinhalb Jahre an diesem Wahnsinnsprojekt gearbeitet und insgesamt 30 Stunden\u2026","rel":"","context":"In &quot;Video&quot;","block_context":{"text":"Video","link":"https:\/\/textundblog.de\/?cat=18"},"img":{"alt_text":"","src":"","width":0,"height":0},"classes":[]},{"id":520,"url":"https:\/\/textundblog.de\/?p=520","url_meta":{"origin":3546,"position":1},"title":"Machinima against Daumenkino","author":"Markus","date":"18\/8\/2005","format":false,"excerpt":"Eine neue Form des Filmemachens, genannt Machinima, erobert jetzt auch Hollywood. Der Name setzt sich aus \"machine\" und \"cinema\" zusammen. Die Filme sind eine Mischung aus traditionellem Storytelling und der Verwendung von Videospielsystemen anstelle menschlicher Schauspieler oder herk\u00f6mmlicher Animationen. aus: \"Neue Form des Filmemachens: Machinima erreicht Hollywood\", derstandard.at. H\u00f6rt sich\u2026","rel":"","context":"In &quot;Artikel&quot;","block_context":{"text":"Artikel","link":"https:\/\/textundblog.de\/?cat=5"},"img":{"alt_text":"","src":"","width":0,"height":0},"classes":[]},{"id":1759,"url":"https:\/\/textundblog.de\/?p=1759","url_meta":{"origin":3546,"position":2},"title":"Rom brennt wieder in Cinecitt\u00e0","author":"Markus","date":"11\/8\/2007","format":false,"excerpt":"Wer denkt bei dem verheerenden Brand in den Cinecitt\u00e0 Filmstudios in Rom nicht an die Szene aus \u00abQuo Vadis?\u00bb, in der Peter Ustinov in einer seiner f\u00fcr mich st\u00e4rksten Rollen den wahnsinnigen Nero gibt und \u00abRom brennt!\u00bb ausruft. Das Feuer, das in Rom in den Filmbauten der britischen Serie \u00abRom\u00bb\u2026","rel":"","context":"In &quot;Kino&quot;","block_context":{"text":"Kino","link":"https:\/\/textundblog.de\/?cat=2"},"img":{"alt_text":"","src":"","width":0,"height":0},"classes":[]},{"id":7675,"url":"https:\/\/textundblog.de\/?p=7675","url_meta":{"origin":3546,"position":3},"title":"Ein atemberaubender Ritt durch 121 Jahre Kinogeschichte","author":"Markus","date":"3\/1\/2017","format":false,"excerpt":"Das Kino wurde im Laufe seiner Geschichte schon des \u00f6fteren tot gesagt. Doch es ist lebendiger denn je. Und faszinierend, wie viele Filmklassiker man in diesem 15-min\u00fctigen Ritt durch die 121-j\u00e4hrige Kinogeschichte (er-)kennt. Am 28. Dezember 2016 ist das Kino 121 Jahre alt gewordenQuelle: Wikipedia \u2013 \u00abAm 28. Dezember 1895\u2026","rel":"","context":"In &quot;Kino&quot;","block_context":{"text":"Kino","link":"https:\/\/textundblog.de\/?cat=2"},"img":{"alt_text":"","src":"https:\/\/i0.wp.com\/textundblog.de\/wp-content\/kino121.jpg?resize=350%2C200&ssl=1","width":350,"height":200,"srcset":"https:\/\/i0.wp.com\/textundblog.de\/wp-content\/kino121.jpg?resize=350%2C200&ssl=1 1x, https:\/\/i0.wp.com\/textundblog.de\/wp-content\/kino121.jpg?resize=525%2C300&ssl=1 1.5x, https:\/\/i0.wp.com\/textundblog.de\/wp-content\/kino121.jpg?resize=700%2C400&ssl=1 2x"},"classes":[]},{"id":3693,"url":"https:\/\/textundblog.de\/?p=3693","url_meta":{"origin":3546,"position":4},"title":"Your Lucky Day","author":"Markus","date":"18\/8\/2010","format":false,"excerpt":"Your Lucky Day from Dan on Vimeo. Diesen Kurzfilm, der vor ein paar Tagen schon durch diverse Blogs zog, hab ich heute Abend erst bei esse est percipi angeschaut. Er ist ein gutes Beispiel daf\u00fcr, wie Kurzfilme durch das Internet eine Art Revival erleben. Spannend, gut aufgenommen und klasse gespielt:\u2026","rel":"","context":"In &quot;Kino&quot;","block_context":{"text":"Kino","link":"https:\/\/textundblog.de\/?cat=2"},"img":{"alt_text":"","src":"","width":0,"height":0},"classes":[]},{"id":1733,"url":"https:\/\/textundblog.de\/?p=1733","url_meta":{"origin":3546,"position":5},"title":"Michelangelo Antonioni (1912-2007)","author":"Markus","date":"31\/7\/2007","format":false,"excerpt":"Jetzt auch Antonioni: Wie heute bekannt wurde, ist gestern Michelangelo Antonioni ist im Alter von 94 Jahren gestorben. An einem einzigen Tag verliert die Filmgeschichte zwei ihrer ganz gro\u00dfen Regisseure: Ingmar Bergman und Michelangelo Antonioni. Das hei\u00dft die Filmgeschichte verliert sie ja nicht, in ihren Filmen leben sie weiter: Antonioni\u2026","rel":"","context":"In &quot;Kino&quot;","block_context":{"text":"Kino","link":"https:\/\/textundblog.de\/?cat=2"},"img":{"alt_text":"","src":"","width":0,"height":0},"classes":[]}],"_links":{"self":[{"href":"https:\/\/textundblog.de\/index.php?rest_route=\/wp\/v2\/posts\/3546","targetHints":{"allow":["GET"]}}],"collection":[{"href":"https:\/\/textundblog.de\/index.php?rest_route=\/wp\/v2\/posts"}],"about":[{"href":"https:\/\/textundblog.de\/index.php?rest_route=\/wp\/v2\/types\/post"}],"author":[{"embeddable":true,"href":"https:\/\/textundblog.de\/index.php?rest_route=\/wp\/v2\/users\/1"}],"replies":[{"embeddable":true,"href":"https:\/\/textundblog.de\/index.php?rest_route=%2Fwp%2Fv2%2Fcomments&post=3546"}],"version-history":[{"count":0,"href":"https:\/\/textundblog.de\/index.php?rest_route=\/wp\/v2\/posts\/3546\/revisions"}],"wp:attachment":[{"href":"https:\/\/textundblog.de\/index.php?rest_route=%2Fwp%2Fv2%2Fmedia&parent=3546"}],"wp:term":[{"taxonomy":"category","embeddable":true,"href":"https:\/\/textundblog.de\/index.php?rest_route=%2Fwp%2Fv2%2Fcategories&post=3546"},{"taxonomy":"post_tag","embeddable":true,"href":"https:\/\/textundblog.de\/index.php?rest_route=%2Fwp%2Fv2%2Ftags&post=3546"}],"curies":[{"name":"wp","href":"https:\/\/api.w.org\/{rel}","templated":true}]}}