{"id":3545,"date":"2010-06-04T10:13:59","date_gmt":"2010-06-04T08:13:59","guid":{"rendered":"http:\/\/textundblog.de\/?p=3545"},"modified":"2011-11-10T23:09:15","modified_gmt":"2011-11-10T22:09:15","slug":"der-freitagstexter-ist-braun-weis","status":"publish","type":"post","link":"https:\/\/textundblog.de\/?p=3545","title":{"rendered":"Der Freitagstexter ist braun-wei\u00df"},"content":{"rendered":"<p><a href=\"http:\/\/wiki.textundblog.de\/\"><img data-recalc-dims=\"1\" loading=\"lazy\" decoding=\"async\" src=\"https:\/\/i0.wp.com\/textundblog.de\/wp-content\/freitagstexter2.gif?resize=400%2C85&#038;ssl=1\" width=\"400\" height=\"85\" alt=\"Freitagstexter\" title=\"Freitagstexter\" \/><\/a><\/p>\n<p>Der <a href=\"http:\/\/wiki.textundblog.de\/\">Freitagstexter<\/a>, damals von Tim Berners-Lee gleich mit der Erfindung des WWW ins Leben gerufen, macht wieder mal Station in dieser H\u00fctte<footnote>Beim letzten Mal gab&#8217;s \u00fcbrigens satte <a href=\"https:\/\/textundblog.de\/?p=2497\">141 Kommentare<\/a>. \ud83d\ude09<\/footnote>. Der FC St. Pauli ist in diesem Jahr <a href=\"http:\/\/community.fcstpauli100.com\/welcome\">100 Jahre alt<\/a> geworden und feiert das seit Wochen ununterbrochen. Bei so viel Geschichte und solch langen Traditionen muss auch der beliebte Fotobetextungswettbewerb in braun-wei\u00dfe Farben geh\u00fcllt werden:<\/p>\n<p><img data-recalc-dims=\"1\" loading=\"lazy\" decoding=\"async\" src=\"https:\/\/i0.wp.com\/textundblog.de\/wp-content\/ft-lechner.jpg?resize=500%2C333&#038;ssl=1\" width=\"500\" height=\"333\" alt=\"Gesucht: Eurer Text zu diesem Bild\" title=\"Gesucht: Eurer Text zu diesem Bild\" \/><\/p>\n<p>Seit <a href=\"http:\/\/www.stefangroenveld.de\/sport\/schon-wieder-gewonnen\/\">Stefan Groenveld<\/a> diese gro\u00dfartige Aufnahme von Florian Lechner (Foto Nr. 4\/10) ver\u00f6ffentlicht hat, wollte ich nur noch gewinnen, um Euch dieses Foto zur Betextung vorzulegen. <a href=\"http:\/\/www.ennomane.de\/2010\/06\/04\/freitagstexter-siegerehrung\/\">Enno<\/a> hat mich zum Sieger gemacht. Bis Dienstag, 24:00 Uhr, habt Ihr Zeit einen Text zu diesem Bild zu liefern. Der Gewinner richtet dann den n\u00e4chsten Freitagstexter aus. Los geht&#8217;s:<\/p>\n","protected":false},"excerpt":{"rendered":"<p>Der Freitagstexter, damals von Tim Berners-Lee gleich mit der Erfindung des WWW ins Leben gerufen, macht wieder mal Station in dieser H\u00fctteBeim letzten Mal gab&#8217;s \u00fcbrigens satte 141 Kommentare. \ud83d\ude09. Der FC St. Pauli ist in diesem Jahr 100 Jahre alt geworden und feiert das seit Wochen ununterbrochen. Bei so viel Geschichte und solch langen [&hellip;]<\/p>\n","protected":false},"author":1,"featured_media":0,"comment_status":"open","ping_status":"open","sticky":false,"template":"","format":"standard","meta":{"site-sidebar-layout":"default","site-content-layout":"","ast-site-content-layout":"default","site-content-style":"default","site-sidebar-style":"default","ast-global-header-display":"","ast-banner-title-visibility":"","ast-main-header-display":"","ast-hfb-above-header-display":"","ast-hfb-below-header-display":"","ast-hfb-mobile-header-display":"","site-post-title":"","ast-breadcrumbs-content":"","ast-featured-img":"","footer-sml-layout":"","theme-transparent-header-meta":"","adv-header-id-meta":"","stick-header-meta":"","header-above-stick-meta":"","header-main-stick-meta":"","header-below-stick-meta":"","astra-migrate-meta-layouts":"default","ast-page-background-enabled":"default","ast-page-background-meta":{"desktop":{"background-color":"var(--ast-global-color-4)","background-image":"","background-repeat":"repeat","background-position":"center center","background-size":"auto","background-attachment":"scroll","background-type":"","background-media":"","overlay-type":"","overlay-color":"","overlay-opacity":"","overlay-gradient":""},"tablet":{"background-color":"","background-image":"","background-repeat":"repeat","background-position":"center center","background-size":"auto","background-attachment":"scroll","background-type":"","background-media":"","overlay-type":"","overlay-color":"","overlay-opacity":"","overlay-gradient":""},"mobile":{"background-color":"","background-image":"","background-repeat":"repeat","background-position":"center center","background-size":"auto","background-attachment":"scroll","background-type":"","background-media":"","overlay-type":"","overlay-color":"","overlay-opacity":"","overlay-gradient":""}},"ast-content-background-meta":{"desktop":{"background-color":"var(--ast-global-color-5)","background-image":"","background-repeat":"repeat","background-position":"center center","background-size":"auto","background-attachment":"scroll","background-type":"","background-media":"","overlay-type":"","overlay-color":"","overlay-opacity":"","overlay-gradient":""},"tablet":{"background-color":"var(--ast-global-color-5)","background-image":"","background-repeat":"repeat","background-position":"center center","background-size":"auto","background-attachment":"scroll","background-type":"","background-media":"","overlay-type":"","overlay-color":"","overlay-opacity":"","overlay-gradient":""},"mobile":{"background-color":"var(--ast-global-color-5)","background-image":"","background-repeat":"repeat","background-position":"center center","background-size":"auto","background-attachment":"scroll","background-type":"","background-media":"","overlay-type":"","overlay-color":"","overlay-opacity":"","overlay-gradient":""}},"ngg_post_thumbnail":0,"jetpack_post_was_ever_published":false,"_jetpack_newsletter_access":"","_jetpack_dont_email_post_to_subs":false,"_jetpack_newsletter_tier_id":0,"_jetpack_memberships_contains_paywalled_content":false,"_jetpack_memberships_contains_paid_content":false,"footnotes":""},"categories":[76,10],"tags":[],"class_list":["post-3545","post","type-post","status-publish","format-standard","hentry","category-fc-st-pauli","category-foto"],"jetpack_featured_media_url":"","jetpack_sharing_enabled":true,"jetpack_shortlink":"https:\/\/wp.me\/p4uzZ-Vb","jetpack-related-posts":[{"id":3552,"url":"https:\/\/textundblog.de\/?p=3552","url_meta":{"origin":3545,"position":0},"title":"Freitagstexter: H\u00f6schenfoto Siegerehrung","author":"Markus","date":"9\/6\/2010","format":false,"excerpt":"73 Textvorschl\u00e4ge f\u00fcr das geniale Lechner-Foto von Sportfotograf Stefan Groenveld. Da hei\u00dft es erst mal danke sagen f\u00fcr Eure kreative Energie beim Kampf um den begehrten Eintrag ins Freitagstexter-Wiki. 5 Kommentare waren nach langwierigem Auswahlverfahren in der engeren Wahl zum Sieger gek\u00fcrt zu werden. And here are the results of\u2026","rel":"","context":"In &quot;FC St. Pauli&quot;","block_context":{"text":"FC St. Pauli","link":"https:\/\/textundblog.de\/?cat=76"},"img":{"alt_text":"Freitagstexter-Pokal","src":"https:\/\/i0.wp.com\/textundblog.de\/wp-content\/freitagstexterpokal.jpg?resize=350%2C200&ssl=1","width":350,"height":200},"classes":[]},{"id":4393,"url":"https:\/\/textundblog.de\/?p=4393","url_meta":{"origin":3545,"position":1},"title":"Ab Freitag wird wieder ein Text zum Bild gesucht","author":"Markus","date":"9\/11\/2011","format":false,"excerpt":"Was haben wir schon einen Spa\u00df gehabt mit dem Freitagstexter, vielleicht eines der am l\u00e4ngsten andauernden Mems im Netz. Der Verlauf des Freitagstexters wird in diesem Wiki seit Oktober 2007 festgehalten. Seine Urspr\u00fcnge reichen aber bis ins Jahr 2005 zur\u00fcck. Hier im Blog ist er schon f\u00fcnf mal aufgeschlagen (u.a.\u2026","rel":"","context":"In &quot;Foto&quot;","block_context":{"text":"Foto","link":"https:\/\/textundblog.de\/?cat=10"},"img":{"alt_text":"Freitagstexter: freudige Nachricht","src":"https:\/\/i0.wp.com\/textundblog.de\/wp-content\/freitagstextertweet.png?resize=350%2C200&ssl=1","width":350,"height":200},"classes":[]},{"id":2094,"url":"https:\/\/textundblog.de\/?p=2094","url_meta":{"origin":3545,"position":2},"title":"Die Freitagstexter-Karawane","author":"Markus","date":"14\/3\/2008","format":false,"excerpt":"Meine Damen und Herren, liebe Leserinnen und Leser von Text & Blog! Bitte beachten Sie doch mal wieder den Freitagstexter, eine nette TraditionWo der Freitagstexter in der Vergangenheit schon \u00fcberall war und welche Vorschl\u00e4ge eingereicht wurden, habe ich seit Oktober 2007 in einem eigens eingerichteten Freitagstexter-Wiki festgehalten. der Fotobetextung. Die\u2026","rel":"","context":"In &quot;Foto&quot;","block_context":{"text":"Foto","link":"https:\/\/textundblog.de\/?cat=10"},"img":{"alt_text":"J\u00f6rn Schaar richtet den aktuellen Freitagstexter aus","src":"https:\/\/i0.wp.com\/textundblog.de\/wp-content\/freitagstexterjoernschaar.jpg?resize=350%2C200&ssl=1","width":350,"height":200},"classes":[]},{"id":2485,"url":"https:\/\/textundblog.de\/?p=2485","url_meta":{"origin":3545,"position":3},"title":"Freitagstexter zum dritten Mal auf Text &amp; Blog","author":"Markus","date":"3\/9\/2008","format":false,"excerpt":"Nach November 2007 und M\u00e4rz 2008 ist es mir zum dritten Mal verg\u00f6nnt worden, den Freitagstexter-Wettbewerb zu gewinnen. Die Weltregierung k\u00fcrte meinen letzten Freitag eingereichten Fototext und sorgt daf\u00fcr, dass kommenden Freitag ein Bild auf Text & Blog erscheinen wird, zu dem ich alle kreativen K\u00f6pfe (also Euch!) jetzt schon\u2026","rel":"","context":"In &quot;Foto&quot;","block_context":{"text":"Foto","link":"https:\/\/textundblog.de\/?cat=10"},"img":{"alt_text":"Freitagstexter-Foto bei der Weltregierung","src":"https:\/\/i0.wp.com\/textundblog.de\/wp-content\/federrad-ft.jpg?resize=350%2C200&ssl=1","width":350,"height":200},"classes":[]},{"id":4395,"url":"https:\/\/textundblog.de\/?p=4395","url_meta":{"origin":3545,"position":4},"title":"Freitagstexter 11.11.11","author":"Markus","date":"11\/11\/2011","format":false,"excerpt":"Der Freitagstexter, dieser ganzj\u00e4hrig n\u00e4rrische Wettbewerb der Bildbetextung, ist wieder mal auf Text\u00a0&\u00a0Blog gelandet. Body & Face hat meinen Fototext aus der Vorwoche pr\u00e4miert. Bis kommenden Dienstag, 15.11.11, um 24 Uhr freue ich mich auf eure Vorschl\u00e4ge zu diesem Foto: Legt los, der Kommentar-Bereich geh\u00f6rt euch. Am Mittwoch-Vormittag wird dann\u2026","rel":"","context":"In &quot;Internet&quot;","block_context":{"text":"Internet","link":"https:\/\/textundblog.de\/?cat=4"},"img":{"alt_text":"Freitagstexter","src":"https:\/\/i0.wp.com\/textundblog.de\/wp-content\/freitagstexter2.gif?resize=350%2C200&ssl=1","width":350,"height":200},"classes":[]},{"id":1946,"url":"https:\/\/textundblog.de\/?p=1946","url_meta":{"origin":3545,"position":5},"title":"FreitagsText &amp; Blog: Freitagstexter","author":"Markus","date":"7\/12\/2007","format":false,"excerpt":"Zum ersten Mal auf \u00abText & Blog\u00bb: Freitagstexter. Eine originelle Tradition kreativer Menschen, die auf eine lange Geschichte in der deutschsprachigen Blogosph\u00e4re zur\u00fcckblickt ist dank Herrn Sabbeljans weiser Entscheidung hier gelandet. Bis Dienstag 24:00 Uhr d\u00fcrfen und sollen nun beherzt und rege Kommentare (lustig, originell, ernst, nachdenklich - wie ihr\u2026","rel":"","context":"In &quot;Foto&quot;","block_context":{"text":"Foto","link":"https:\/\/textundblog.de\/?cat=10"},"img":{"alt_text":"Freitagstexter - Welcher Text f\u00e4llt euch zu diesem Bild ein?","src":"https:\/\/i0.wp.com\/textundblog.de\/wp-content\/fingerimmund.jpg?resize=350%2C200&ssl=1","width":350,"height":200},"classes":[]}],"_links":{"self":[{"href":"https:\/\/textundblog.de\/index.php?rest_route=\/wp\/v2\/posts\/3545","targetHints":{"allow":["GET"]}}],"collection":[{"href":"https:\/\/textundblog.de\/index.php?rest_route=\/wp\/v2\/posts"}],"about":[{"href":"https:\/\/textundblog.de\/index.php?rest_route=\/wp\/v2\/types\/post"}],"author":[{"embeddable":true,"href":"https:\/\/textundblog.de\/index.php?rest_route=\/wp\/v2\/users\/1"}],"replies":[{"embeddable":true,"href":"https:\/\/textundblog.de\/index.php?rest_route=%2Fwp%2Fv2%2Fcomments&post=3545"}],"version-history":[{"count":0,"href":"https:\/\/textundblog.de\/index.php?rest_route=\/wp\/v2\/posts\/3545\/revisions"}],"wp:attachment":[{"href":"https:\/\/textundblog.de\/index.php?rest_route=%2Fwp%2Fv2%2Fmedia&parent=3545"}],"wp:term":[{"taxonomy":"category","embeddable":true,"href":"https:\/\/textundblog.de\/index.php?rest_route=%2Fwp%2Fv2%2Fcategories&post=3545"},{"taxonomy":"post_tag","embeddable":true,"href":"https:\/\/textundblog.de\/index.php?rest_route=%2Fwp%2Fv2%2Ftags&post=3545"}],"curies":[{"name":"wp","href":"https:\/\/api.w.org\/{rel}","templated":true}]}}