{"id":350,"date":"2005-04-15T23:28:37","date_gmt":"2005-04-15T21:28:37","guid":{"rendered":"http:\/\/textundblog.de\/?p=350"},"modified":"2005-04-15T23:28:37","modified_gmt":"2005-04-15T21:28:37","slug":"paradiesisch","status":"publish","type":"post","link":"https:\/\/textundblog.de\/?p=350","title":{"rendered":"Paradiesisch?"},"content":{"rendered":"<p>&#8222;<a href=\"http:\/\/www.brandeins.de\/home\/inhalt_detail.asp?id=1644&#038;MenuID=8&#038;MagID=61&#038;sid=su84146181181960315\">Wir leben in paradiesischen Zust\u00e4nden<\/a>&#8220; sagt G\u00f6tz W. Werner, der Gr\u00fcnder der dm-M\u00e4rkte, im Interview mit brandeins. <\/p>\n<blockquote><p>Wir leben heute in einem Einkaufsparadies, das hei\u00dft, unsere F\u00e4higkeit, G\u00fcter und Dienstleistungen hervorzubringen, ist gr\u00f6\u00dfer als die Bed\u00fcrfnisse der Menschen.<\/p><\/blockquote>\n<p>Vielleicht liegt auch gerade darin das Problem!?<\/p>\n","protected":false},"excerpt":{"rendered":"<p>&#8222;Wir leben in paradiesischen Zust\u00e4nden&#8220; sagt G\u00f6tz W. Werner, der Gr\u00fcnder der dm-M\u00e4rkte, im Interview mit brandeins. Wir leben heute in einem Einkaufsparadies, das hei\u00dft, unsere F\u00e4higkeit, G\u00fcter und Dienstleistungen hervorzubringen, ist gr\u00f6\u00dfer als die Bed\u00fcrfnisse der Menschen. Vielleicht liegt auch gerade darin das Problem!?<\/p>\n","protected":false},"author":1,"featured_media":0,"comment_status":"open","ping_status":"open","sticky":false,"template":"","format":"standard","meta":{"site-sidebar-layout":"default","site-content-layout":"","ast-site-content-layout":"default","site-content-style":"default","site-sidebar-style":"default","ast-global-header-display":"","ast-banner-title-visibility":"","ast-main-header-display":"","ast-hfb-above-header-display":"","ast-hfb-below-header-display":"","ast-hfb-mobile-header-display":"","site-post-title":"","ast-breadcrumbs-content":"","ast-featured-img":"","footer-sml-layout":"","theme-transparent-header-meta":"","adv-header-id-meta":"","stick-header-meta":"","header-above-stick-meta":"","header-main-stick-meta":"","header-below-stick-meta":"","astra-migrate-meta-layouts":"default","ast-page-background-enabled":"default","ast-page-background-meta":{"desktop":{"background-color":"var(--ast-global-color-4)","background-image":"","background-repeat":"repeat","background-position":"center center","background-size":"auto","background-attachment":"scroll","background-type":"","background-media":"","overlay-type":"","overlay-color":"","overlay-opacity":"","overlay-gradient":""},"tablet":{"background-color":"","background-image":"","background-repeat":"repeat","background-position":"center center","background-size":"auto","background-attachment":"scroll","background-type":"","background-media":"","overlay-type":"","overlay-color":"","overlay-opacity":"","overlay-gradient":""},"mobile":{"background-color":"","background-image":"","background-repeat":"repeat","background-position":"center center","background-size":"auto","background-attachment":"scroll","background-type":"","background-media":"","overlay-type":"","overlay-color":"","overlay-opacity":"","overlay-gradient":""}},"ast-content-background-meta":{"desktop":{"background-color":"var(--ast-global-color-5)","background-image":"","background-repeat":"repeat","background-position":"center center","background-size":"auto","background-attachment":"scroll","background-type":"","background-media":"","overlay-type":"","overlay-color":"","overlay-opacity":"","overlay-gradient":""},"tablet":{"background-color":"var(--ast-global-color-5)","background-image":"","background-repeat":"repeat","background-position":"center center","background-size":"auto","background-attachment":"scroll","background-type":"","background-media":"","overlay-type":"","overlay-color":"","overlay-opacity":"","overlay-gradient":""},"mobile":{"background-color":"var(--ast-global-color-5)","background-image":"","background-repeat":"repeat","background-position":"center center","background-size":"auto","background-attachment":"scroll","background-type":"","background-media":"","overlay-type":"","overlay-color":"","overlay-opacity":"","overlay-gradient":""}},"ngg_post_thumbnail":0,"jetpack_post_was_ever_published":false,"_jetpack_newsletter_access":"","_jetpack_dont_email_post_to_subs":false,"_jetpack_newsletter_tier_id":0,"_jetpack_memberships_contains_paywalled_content":false,"_jetpack_memberships_contains_paid_content":false,"footnotes":""},"categories":[5,9],"tags":[],"class_list":["post-350","post","type-post","status-publish","format-standard","hentry","category-artikel","category-politik"],"jetpack_featured_media_url":"","jetpack_sharing_enabled":true,"jetpack_shortlink":"https:\/\/wp.me\/p4uzZ-5E","jetpack-related-posts":[{"id":1773,"url":"https:\/\/textundblog.de\/?p=1773","url_meta":{"origin":350,"position":0},"title":"ttt &#8211; Tatbestand Soziologie und anderes","author":"Markus","date":"19\/8\/2007","format":false,"excerpt":"Den an Kultur interessierten Lesern von Text & Blog brauche ich ja nicht zu erz\u00e4hlen, dass Titel Thesen Temperamente eine gute Kultursendung ist. Aber manchmal lohnt es sich ja darauf hinzuweisen, wenn besonders interessante Themen anstehen, wie etwa heute: ttt befasst sich in dem Beitrag \u00abTatbestand Soziologie\u00bb mit dem vor\u2026","rel":"","context":"In &quot;Hamburg&quot;","block_context":{"text":"Hamburg","link":"https:\/\/textundblog.de\/?cat=15"},"img":{"alt_text":"","src":"","width":0,"height":0},"classes":[]},{"id":1282,"url":"https:\/\/textundblog.de\/?p=1282","url_meta":{"origin":350,"position":1},"title":"\u00d6ffentlich-rechtliche Regionalarroganz","author":"Markus","date":"10\/11\/2006","format":false,"excerpt":"Da ist ganz offensichtlich jemand einem weiblichen Horst Schl\u00e4mmer begegnet: Der Blogartikel \u00abWarum ich keine Entertainmentgr\u00f6\u00dfe bin\u00bb von Volker Str\u00fcbing ist ein sch\u00f6nes Beispiel f\u00fcr \u00f6ffentlich-rechtliche Regionalarroganz.","rel":"","context":"In &quot;Literatur&quot;","block_context":{"text":"Literatur","link":"https:\/\/textundblog.de\/?cat=11"},"img":{"alt_text":"","src":"","width":0,"height":0},"classes":[]},{"id":6276,"url":"https:\/\/textundblog.de\/?p=6276","url_meta":{"origin":350,"position":2},"title":"You are so beautiful to me &#8211; Eine Ode an die Tomate","author":"Markus","date":"23\/8\/2014","format":false,"excerpt":"Nach dem Betrachten der Doku \u00abTriumph der Tomate\u00bb werdet ihr vielleicht darauf verzichten, industriell hergestellte Tomaten aus dem Discounter zu kaufen und auf Tomaten vom Wochenmarkt zur\u00fcckgreifen (es gibt ja zum Beispiel kaum etwas Leckereres als Tomaten mit Fleur de sel): Vor rund 500 Jahren begann die Tomate, sich in\u2026","rel":"","context":"In &quot;Internet&quot;","block_context":{"text":"Internet","link":"https:\/\/textundblog.de\/?cat=4"},"img":{"alt_text":"","src":"https:\/\/i0.wp.com\/textundblog.de\/wp-content\/tomaten-doku-arte.jpg?resize=350%2C200&ssl=1","width":350,"height":200,"srcset":"https:\/\/i0.wp.com\/textundblog.de\/wp-content\/tomaten-doku-arte.jpg?resize=350%2C200&ssl=1 1x, https:\/\/i0.wp.com\/textundblog.de\/wp-content\/tomaten-doku-arte.jpg?resize=525%2C300&ssl=1 1.5x, https:\/\/i0.wp.com\/textundblog.de\/wp-content\/tomaten-doku-arte.jpg?resize=700%2C400&ssl=1 2x"},"classes":[]},{"id":3495,"url":"https:\/\/textundblog.de\/?p=3495","url_meta":{"origin":350,"position":3},"title":"Dominik Graf: Im Angesicht des Verbrechens","author":"Markus","date":"27\/4\/2010","format":false,"excerpt":"Direktlink YouTube Nicht verpassen oder wenigstens aufzeichnen und zu gegebener Zeit schauen: Heute startet auf arte die Ausstrahlung von Dominik Grafs von allen in den Himmel gelobter TV-Serie \u00abIm Angesicht des Verbrechens\u00bb. Auf der Berlinale wurde das Mammutwerk ja in 2 Teilen gezeigt (2x5 Stunden, das hab ich mir aber\u2026","rel":"","context":"In &quot;Kino&quot;","block_context":{"text":"Kino","link":"https:\/\/textundblog.de\/?cat=2"},"img":{"alt_text":"Szenenfoto. \u00a9 ARD\/Julia von Vietinghoff","src":"https:\/\/i0.wp.com\/textundblog.de\/wp-content\/imangesichtdesverbrechens.jpg?resize=350%2C200&ssl=1","width":350,"height":200},"classes":[]},{"id":4329,"url":"https:\/\/textundblog.de\/?p=4329","url_meta":{"origin":350,"position":4},"title":"Leben ist Bewegung","author":"Markus","date":"14\/9\/2011","format":false,"excerpt":"Der kurze Film erz\u00e4hlt in Bildern r\u00fcckw\u00e4rts die Erlebnisse von drei unterschiedlichen Menschen, die bewusst ihren Tag (er)leben. \u00abLeben ist Bewegung\u00bb von Adi Wojaczek. [via Julian Struck auf Facebook]","rel":"","context":"In &quot;Kino&quot;","block_context":{"text":"Kino","link":"https:\/\/textundblog.de\/?cat=2"},"img":{"alt_text":"","src":"","width":0,"height":0},"classes":[]},{"id":2723,"url":"https:\/\/textundblog.de\/?p=2723","url_meta":{"origin":350,"position":5},"title":"Ciao 2008 &#8211; Tomte: Die Geigen bei Wonderful World","author":"Markus","date":"31\/12\/2008","format":false,"excerpt":"Mit einer der sch\u00f6nsten Live-Aufnahmen aus dem Jahr 2008, eingespielt von der Hamburger Band Tomte im Radiokulturhaus Wien, verabschiede ich das zu Ende gehende Jahr 2008 und w\u00fcnsche Euch Alles Gute f\u00fcr das kommende Jahr 2009. Direktlink YouTube Ich lebe mich durch eines der sch\u00f6nsten Leben Mit den sch\u00f6nsten Songs\u2026","rel":"","context":"In &quot;Musik&quot;","block_context":{"text":"Musik","link":"https:\/\/textundblog.de\/?cat=7"},"img":{"alt_text":"","src":"","width":0,"height":0},"classes":[]}],"_links":{"self":[{"href":"https:\/\/textundblog.de\/index.php?rest_route=\/wp\/v2\/posts\/350","targetHints":{"allow":["GET"]}}],"collection":[{"href":"https:\/\/textundblog.de\/index.php?rest_route=\/wp\/v2\/posts"}],"about":[{"href":"https:\/\/textundblog.de\/index.php?rest_route=\/wp\/v2\/types\/post"}],"author":[{"embeddable":true,"href":"https:\/\/textundblog.de\/index.php?rest_route=\/wp\/v2\/users\/1"}],"replies":[{"embeddable":true,"href":"https:\/\/textundblog.de\/index.php?rest_route=%2Fwp%2Fv2%2Fcomments&post=350"}],"version-history":[{"count":0,"href":"https:\/\/textundblog.de\/index.php?rest_route=\/wp\/v2\/posts\/350\/revisions"}],"wp:attachment":[{"href":"https:\/\/textundblog.de\/index.php?rest_route=%2Fwp%2Fv2%2Fmedia&parent=350"}],"wp:term":[{"taxonomy":"category","embeddable":true,"href":"https:\/\/textundblog.de\/index.php?rest_route=%2Fwp%2Fv2%2Fcategories&post=350"},{"taxonomy":"post_tag","embeddable":true,"href":"https:\/\/textundblog.de\/index.php?rest_route=%2Fwp%2Fv2%2Ftags&post=350"}],"curies":[{"name":"wp","href":"https:\/\/api.w.org\/{rel}","templated":true}]}}