{"id":348,"date":"2005-04-15T14:28:30","date_gmt":"2005-04-15T12:28:30","guid":{"rendered":"http:\/\/textundblog.de\/?p=348"},"modified":"2005-04-15T14:29:31","modified_gmt":"2005-04-15T12:29:31","slug":"faszination-leben","status":"publish","type":"post","link":"https:\/\/textundblog.de\/?p=348","title":{"rendered":"Faszination Leben"},"content":{"rendered":"<p><a href=\"http:\/\/www.nationalgeographic.com\/channel\/inthewomb\/index.html\"><img loading=\"lazy\" decoding=\"async\" src=\".\/wp-content\/foetus.jpg\" width=\"218\" height=\"140\" alt=\"F\u00f6tus, 7 Monate\" title=\"F\u00f6tus, 7 Monate\" \/><\/a><br \/>\nNeue, beeindruckende Fotos \u00fcber heranwachsendes Leben bei National Geographic: <a href=\"http:\/\/www.nationalgeographic.com\/channel\/inthewomb\/index.html\">In the Womb<\/a><br \/>\n[via <a href=\"http:\/\/www.periodistadigital.com\/salud\/object.php?o=49269\">periodistadigital<\/a>]<\/p>\n","protected":false},"excerpt":{"rendered":"<p>Neue, beeindruckende Fotos \u00fcber heranwachsendes Leben bei National Geographic: In the Womb [via periodistadigital]<\/p>\n","protected":false},"author":1,"featured_media":0,"comment_status":"open","ping_status":"open","sticky":false,"template":"","format":"standard","meta":{"site-sidebar-layout":"default","site-content-layout":"","ast-site-content-layout":"default","site-content-style":"default","site-sidebar-style":"default","ast-global-header-display":"","ast-banner-title-visibility":"","ast-main-header-display":"","ast-hfb-above-header-display":"","ast-hfb-below-header-display":"","ast-hfb-mobile-header-display":"","site-post-title":"","ast-breadcrumbs-content":"","ast-featured-img":"","footer-sml-layout":"","theme-transparent-header-meta":"","adv-header-id-meta":"","stick-header-meta":"","header-above-stick-meta":"","header-main-stick-meta":"","header-below-stick-meta":"","astra-migrate-meta-layouts":"default","ast-page-background-enabled":"default","ast-page-background-meta":{"desktop":{"background-color":"var(--ast-global-color-4)","background-image":"","background-repeat":"repeat","background-position":"center center","background-size":"auto","background-attachment":"scroll","background-type":"","background-media":"","overlay-type":"","overlay-color":"","overlay-opacity":"","overlay-gradient":""},"tablet":{"background-color":"","background-image":"","background-repeat":"repeat","background-position":"center center","background-size":"auto","background-attachment":"scroll","background-type":"","background-media":"","overlay-type":"","overlay-color":"","overlay-opacity":"","overlay-gradient":""},"mobile":{"background-color":"","background-image":"","background-repeat":"repeat","background-position":"center center","background-size":"auto","background-attachment":"scroll","background-type":"","background-media":"","overlay-type":"","overlay-color":"","overlay-opacity":"","overlay-gradient":""}},"ast-content-background-meta":{"desktop":{"background-color":"var(--ast-global-color-5)","background-image":"","background-repeat":"repeat","background-position":"center center","background-size":"auto","background-attachment":"scroll","background-type":"","background-media":"","overlay-type":"","overlay-color":"","overlay-opacity":"","overlay-gradient":""},"tablet":{"background-color":"var(--ast-global-color-5)","background-image":"","background-repeat":"repeat","background-position":"center center","background-size":"auto","background-attachment":"scroll","background-type":"","background-media":"","overlay-type":"","overlay-color":"","overlay-opacity":"","overlay-gradient":""},"mobile":{"background-color":"var(--ast-global-color-5)","background-image":"","background-repeat":"repeat","background-position":"center center","background-size":"auto","background-attachment":"scroll","background-type":"","background-media":"","overlay-type":"","overlay-color":"","overlay-opacity":"","overlay-gradient":""}},"ngg_post_thumbnail":0,"jetpack_post_was_ever_published":false,"_jetpack_newsletter_access":"","_jetpack_dont_email_post_to_subs":false,"_jetpack_newsletter_tier_id":0,"_jetpack_memberships_contains_paywalled_content":false,"_jetpack_memberships_contains_paid_content":false,"footnotes":""},"categories":[10],"tags":[],"class_list":["post-348","post","type-post","status-publish","format-standard","hentry","category-foto"],"jetpack_featured_media_url":"","jetpack_sharing_enabled":true,"jetpack_shortlink":"https:\/\/wp.me\/p4uzZ-5C","jetpack-related-posts":[{"id":2082,"url":"https:\/\/textundblog.de\/?p=2082","url_meta":{"origin":348,"position":0},"title":"Dietmar Gottschall: Sein Sohn zeigt uns seine Fotos","author":"Markus","date":"9\/3\/2008","format":false,"excerpt":"Der Journalist und Fotograf Dietmar Gottschall hat dieses und zig Tausende weitere Fotos zwischen 1965 und ca. 1980 geschossen. Nach seinem Tod 1997 erf\u00fcllt sein Sohn Juri Gottschall nun das Lebenswerk des Vaters: Die Fotos, Dokumente der Zeitgeschichte und der privaten Eindr\u00fccke einer jetzt schon fernen Zeit, einer breiten \u00d6ffentlichkeit\u2026","rel":"","context":"In &quot;Foto&quot;","block_context":{"text":"Foto","link":"https:\/\/textundblog.de\/?cat=10"},"img":{"alt_text":"Foto: Dietmar Gottschall (1968)","src":"https:\/\/i0.wp.com\/textundblog.de\/wp-content\/dietmargottschall.jpg?resize=350%2C200&ssl=1","width":350,"height":200},"classes":[]},{"id":6625,"url":"https:\/\/textundblog.de\/?p=6625","url_meta":{"origin":348,"position":1},"title":"Fotobuch mit Lautsprechern","author":"Markus","date":"29\/4\/2015","format":false,"excerpt":"Eine M\u00f6glichkeit, wie das gedruckte Buch und multimediale Inhalte zusammenwachsen k\u00f6nnen, stellt dieses au\u00dfergew\u00f6hnliche Fotobuch mit den aktuellsten Exponaten von World Press PhotoDie einzelnen Fotos werden auch auf der Website von World Press Photo pr\u00e4sentiert. dar: Jede Fotoseite ist quasi auch ein Lautsprecher, der 2-15-min\u00fctige Kommentare zu den gezeigten preisgekr\u00f6nten\u2026","rel":"","context":"In &quot;Literatur&quot;","block_context":{"text":"Literatur","link":"https:\/\/textundblog.de\/?cat=11"},"img":{"alt_text":"","src":"https:\/\/i0.wp.com\/textundblog.de\/wp-content\/worldpressphoto.jpg?resize=350%2C200&ssl=1","width":350,"height":200,"srcset":"https:\/\/i0.wp.com\/textundblog.de\/wp-content\/worldpressphoto.jpg?resize=350%2C200&ssl=1 1x, https:\/\/i0.wp.com\/textundblog.de\/wp-content\/worldpressphoto.jpg?resize=525%2C300&ssl=1 1.5x"},"classes":[]},{"id":4417,"url":"https:\/\/textundblog.de\/?p=4417","url_meta":{"origin":348,"position":2},"title":"The Pale Blue Dot &#8211; A Tribute to Carl Sagan","author":"Markus","date":"29\/11\/2011","format":false,"excerpt":"http:\/\/www.youtube.com\/watch?v=KMjEVG2rrFQ Einfach nur beeindruckend. Die Stimme des Pulitzer-Preistr\u00e4gers Carl Sagan unterlegt mit extrem beeindruckenden Bildern unseres Universums. Pale Blue Dot ist der Name des ber\u00fchmten Fotos, das die Raumsonde Voyager 1 1990 aus einer Entfernung von etwa 6,4 Milliarden Kilometern, und damit aus der gr\u00f6\u00dften Distanz, aus der jemals ein\u2026","rel":"","context":"In &quot;Video&quot;","block_context":{"text":"Video","link":"https:\/\/textundblog.de\/?cat=18"},"img":{"alt_text":"","src":"https:\/\/i0.wp.com\/img.youtube.com\/vi\/KMjEVG2rrFQ\/0.jpg?resize=350%2C200","width":350,"height":200},"classes":[]},{"id":267,"url":"https:\/\/textundblog.de\/?p=267","url_meta":{"origin":348,"position":3},"title":"Digitale Galerie NYPL","author":"Markus","date":"6\/3\/2005","format":false,"excerpt":"Die \"New York Public Library\" hat eine digitale Galerie mit \u00fcber 275.000 Bildern und Fotos er\u00f6ffnet. NYPL Digital Gallery provides access to over 275,000 images digitized from primary sources and printed rarities in the collections of The New York Public Library, including illuminated manuscripts, historical maps, vintage posters, rare prints\u2026","rel":"","context":"In &quot;Foto&quot;","block_context":{"text":"Foto","link":"https:\/\/textundblog.de\/?cat=10"},"img":{"alt_text":"Kitagawa Utamaro","src":".\/wp-content\/nypl1.jpg","width":350,"height":200},"classes":[]},{"id":4929,"url":"https:\/\/textundblog.de\/?p=4929","url_meta":{"origin":348,"position":4},"title":"Joachim Jungius &#8211; Der Zettelkasten des Doktors &#8211; Ausstellung \u00fcber einen Vordenker","author":"Markus","date":"5\/9\/2012","format":false,"excerpt":"Heute er\u00f6ffnen wir in der Stabi die lange und mit Spannung erwartete Jungius-Ausstellung. Eben beim Aufbau habe ich obiges Foto geschossen. Finde es h\u00f6chst beeindruckend, was die Stabi da mit dem NachlassMeinel, Christoph (1992): Die Bibliothek des Joachim Jungius: ein Beitrag zur Historia litteraria der fr\u00fchen Neuzeit. Auch online zug\u00e4nglich.\u2026","rel":"","context":"In &quot;Hamburg&quot;","block_context":{"text":"Hamburg","link":"https:\/\/textundblog.de\/?cat=15"},"img":{"alt_text":"Doktorarbeit von Joachim Jungius (1619)","src":"https:\/\/i0.wp.com\/textundblog.de\/wp-content\/jungius-doktorarb.jpg?resize=350%2C200&ssl=1","width":350,"height":200},"classes":[]},{"id":2001,"url":"https:\/\/textundblog.de\/?p=2001","url_meta":{"origin":348,"position":5},"title":"Flickr-Pilotprojekt der Library of Congress","author":"Markus","date":"19\/1\/2008","format":false,"excerpt":"Auf diesem Foto zu sehen ist Mrs. A. Scott Burden, zwischen 1910-15, eines der 3.000 auf Flickr ver\u00f6ffentlichten Fotos der Library of Congress (LOC), die sich vorgenommen hat 14 Millionen Bilder, Karten und Drucke zu ver\u00f6ffentlichen und auf Flickr frei zug\u00e4nglich zu machen. Wer gerne in alten Fotos st\u00f6bert, hat\u2026","rel":"","context":"In &quot;Foto&quot;","block_context":{"text":"Foto","link":"https:\/\/textundblog.de\/?cat=10"},"img":{"alt_text":"Mrs. A. Scott Burden","src":"https:\/\/i0.wp.com\/textundblog.de\/wp-content\/scottburden.jpg?resize=350%2C200&ssl=1","width":350,"height":200},"classes":[]}],"_links":{"self":[{"href":"https:\/\/textundblog.de\/index.php?rest_route=\/wp\/v2\/posts\/348","targetHints":{"allow":["GET"]}}],"collection":[{"href":"https:\/\/textundblog.de\/index.php?rest_route=\/wp\/v2\/posts"}],"about":[{"href":"https:\/\/textundblog.de\/index.php?rest_route=\/wp\/v2\/types\/post"}],"author":[{"embeddable":true,"href":"https:\/\/textundblog.de\/index.php?rest_route=\/wp\/v2\/users\/1"}],"replies":[{"embeddable":true,"href":"https:\/\/textundblog.de\/index.php?rest_route=%2Fwp%2Fv2%2Fcomments&post=348"}],"version-history":[{"count":0,"href":"https:\/\/textundblog.de\/index.php?rest_route=\/wp\/v2\/posts\/348\/revisions"}],"wp:attachment":[{"href":"https:\/\/textundblog.de\/index.php?rest_route=%2Fwp%2Fv2%2Fmedia&parent=348"}],"wp:term":[{"taxonomy":"category","embeddable":true,"href":"https:\/\/textundblog.de\/index.php?rest_route=%2Fwp%2Fv2%2Fcategories&post=348"},{"taxonomy":"post_tag","embeddable":true,"href":"https:\/\/textundblog.de\/index.php?rest_route=%2Fwp%2Fv2%2Ftags&post=348"}],"curies":[{"name":"wp","href":"https:\/\/api.w.org\/{rel}","templated":true}]}}