{"id":3470,"date":"2010-04-09T17:01:20","date_gmt":"2010-04-09T15:01:20","guid":{"rendered":"http:\/\/textundblog.de\/?p=3470"},"modified":"2011-03-22T10:02:44","modified_gmt":"2011-03-22T09:02:44","slug":"afm-shirt-von-st-pauli","status":"publish","type":"post","link":"https:\/\/textundblog.de\/?p=3470","title":{"rendered":"AFM-Shirt von St. Pauli"},"content":{"rendered":"<p><img data-recalc-dims=\"1\" loading=\"lazy\" decoding=\"async\" src=\"https:\/\/i0.wp.com\/textundblog.de\/wp-content\/afm-shirt.jpg?resize=500%2C375&#038;ssl=1\" width=\"500\" height=\"375\" alt=\"Mein AFM-Shirt - gleich anprobiert: passt! ;-)\" title=\"Mein AFM-Shirt - gleich anprobiert: passt! ;-)\" \/><\/p>\n<p>Die Abk\u00fcrzung <a href=\"http:\/\/www.fcstpauli-afm.de\/c\/afm\/?id=home\">AFM<\/a> steht beim FC St. Pauli f\u00fcr <em>Abteilung F\u00f6rdernde Mitglieder<\/em>. So ein F\u00f6rderndes Mitglied bin ich Anfang des Jahres geworden (siehe mein abgeschickter <a href=\"https:\/\/textundblog.de\/?p=3373\">Mitgliedsantrag FC St. Pauli<\/a>). AFM hatte Neu-Mitgliedern und deren Werbern AFM-Shirts in Aussicht gestellt (Aktion: <a href=\"http:\/\/www.fcstpauli-afm.de\/c\/afm\/index.php?id=198\">Mitglieder werben Mitglieder<\/a>). Heute kam meines an (siehe Foto oben), und meine &#8222;Werberin&#8220;, Frau Jekylla, bekam Ihres hoffentlich heute auch (denn am heutigen Tag kann sie es gleichzeitig als <a href=\"http:\/\/jekylla.wordpress.com\/2010\/04\/09\/einfach-nur-mal-so\/\">Geburtstagsgeschenk<\/a> von St. Pauli betrachten).<\/p>\n<p>Am Montag-Abend im super wichtigen Spiel gegen Augsburg bin ich nat\u00fcrlich in der S\u00fcdkurve mit meinem AFM-Shirt am Start. Forza St. Pauli!<\/p>\n","protected":false},"excerpt":{"rendered":"<p>Die Abk\u00fcrzung AFM steht beim FC St. Pauli f\u00fcr Abteilung F\u00f6rdernde Mitglieder. So ein F\u00f6rderndes Mitglied bin ich Anfang des Jahres geworden (siehe mein abgeschickter Mitgliedsantrag FC St. Pauli). AFM hatte Neu-Mitgliedern und deren Werbern AFM-Shirts in Aussicht gestellt (Aktion: Mitglieder werben Mitglieder). Heute kam meines an (siehe Foto oben), und meine &#8222;Werberin&#8220;, Frau Jekylla, [&hellip;]<\/p>\n","protected":false},"author":1,"featured_media":0,"comment_status":"open","ping_status":"open","sticky":false,"template":"","format":"standard","meta":{"site-sidebar-layout":"default","site-content-layout":"","ast-site-content-layout":"default","site-content-style":"default","site-sidebar-style":"default","ast-global-header-display":"","ast-banner-title-visibility":"","ast-main-header-display":"","ast-hfb-above-header-display":"","ast-hfb-below-header-display":"","ast-hfb-mobile-header-display":"","site-post-title":"","ast-breadcrumbs-content":"","ast-featured-img":"","footer-sml-layout":"","theme-transparent-header-meta":"","adv-header-id-meta":"","stick-header-meta":"","header-above-stick-meta":"","header-main-stick-meta":"","header-below-stick-meta":"","astra-migrate-meta-layouts":"default","ast-page-background-enabled":"default","ast-page-background-meta":{"desktop":{"background-color":"var(--ast-global-color-4)","background-image":"","background-repeat":"repeat","background-position":"center center","background-size":"auto","background-attachment":"scroll","background-type":"","background-media":"","overlay-type":"","overlay-color":"","overlay-opacity":"","overlay-gradient":""},"tablet":{"background-color":"","background-image":"","background-repeat":"repeat","background-position":"center center","background-size":"auto","background-attachment":"scroll","background-type":"","background-media":"","overlay-type":"","overlay-color":"","overlay-opacity":"","overlay-gradient":""},"mobile":{"background-color":"","background-image":"","background-repeat":"repeat","background-position":"center center","background-size":"auto","background-attachment":"scroll","background-type":"","background-media":"","overlay-type":"","overlay-color":"","overlay-opacity":"","overlay-gradient":""}},"ast-content-background-meta":{"desktop":{"background-color":"var(--ast-global-color-5)","background-image":"","background-repeat":"repeat","background-position":"center center","background-size":"auto","background-attachment":"scroll","background-type":"","background-media":"","overlay-type":"","overlay-color":"","overlay-opacity":"","overlay-gradient":""},"tablet":{"background-color":"var(--ast-global-color-5)","background-image":"","background-repeat":"repeat","background-position":"center center","background-size":"auto","background-attachment":"scroll","background-type":"","background-media":"","overlay-type":"","overlay-color":"","overlay-opacity":"","overlay-gradient":""},"mobile":{"background-color":"var(--ast-global-color-5)","background-image":"","background-repeat":"repeat","background-position":"center center","background-size":"auto","background-attachment":"scroll","background-type":"","background-media":"","overlay-type":"","overlay-color":"","overlay-opacity":"","overlay-gradient":""}},"ngg_post_thumbnail":0,"jetpack_post_was_ever_published":false,"_jetpack_newsletter_access":"","_jetpack_dont_email_post_to_subs":false,"_jetpack_newsletter_tier_id":0,"_jetpack_memberships_contains_paywalled_content":false,"_jetpack_memberships_contains_paid_content":false,"footnotes":""},"categories":[76,10,17],"tags":[],"class_list":["post-3470","post","type-post","status-publish","format-standard","hentry","category-fc-st-pauli","category-foto","category-fussball"],"jetpack_featured_media_url":"","jetpack_sharing_enabled":true,"jetpack_shortlink":"https:\/\/wp.me\/p4uzZ-TY","jetpack-related-posts":[{"id":3373,"url":"https:\/\/textundblog.de\/?p=3373","url_meta":{"origin":3470,"position":0},"title":"Mitgliedsantrag FC St. Pauli","author":"Markus","date":"27\/1\/2010","format":false,"excerpt":"Der Trend geht zur Zweitmitgliedschaft. Mitglied des 1. FC Saarbr\u00fccken bin ich schon seit 13 Jahren. Im 5. Jahr in Hamburg lebend, wird es aber auch mal Zeit (und war schon lange \u00fcberf\u00e4llig), dass ich zus\u00e4tzlich noch Mitglied beim FC St. Pauli werde. Diese AFM-Mitglieder-Aktion hat nur den Ausschlag f\u00fcr\u2026","rel":"","context":"In &quot;FC St. Pauli&quot;","block_context":{"text":"FC St. Pauli","link":"https:\/\/textundblog.de\/?cat=76"},"img":{"alt_text":"Brief mit dem Mitgliedsantrag f\u00fcr den FC St. Pauli & FCS-Mitgliedsausweis","src":"https:\/\/i0.wp.com\/textundblog.de\/wp-content\/stpauli-mitgl-brief.jpg?resize=350%2C200&ssl=1","width":350,"height":200},"classes":[]},{"id":3943,"url":"https:\/\/textundblog.de\/?p=3943","url_meta":{"origin":3470,"position":1},"title":"Modefan mit Herz: FC St. Pauli Geburtstagsgutschein","author":"Markus","date":"22\/1\/2011","format":false,"excerpt":"Wie berichtet, waren im Dezember mein Bruder und meine Schw\u00e4gerin wieder mal zu Besuch in Hamburg. Ehe sie ins Saarland zur\u00fcck fuhren, haben sie in meiner Wohnung eine \u00dcberraschung zu meinem Geburtstag versteckt, die ich per E-Mail-Hinweis unter meinem Plattenspieler fand: Einen Gutschein f\u00fcr den FCSP-Fanshop. Sehr praktisch, hegte ich\u2026","rel":"","context":"In &quot;FC St. Pauli&quot;","block_context":{"text":"FC St. Pauli","link":"https:\/\/textundblog.de\/?cat=76"},"img":{"alt_text":"Neue FCSP-Jacke","src":"https:\/\/i0.wp.com\/textundblog.de\/wp-content\/jacke-fcsp.jpg?resize=350%2C200&ssl=1","width":350,"height":200},"classes":[]},{"id":2767,"url":"https:\/\/textundblog.de\/?p=2767","url_meta":{"origin":3470,"position":2},"title":"Mitgliedschaft 1. FC Saarbr\u00fccken goes on","author":"Markus","date":"26\/1\/2009","format":false,"excerpt":"Wer A Pauli sagt, kann auch B FCS sagen. Wer 'ne Pauli-Dauerkarte mit saison\u00fcbergreifender Stehgarantie in der S\u00fcd hat, der kann auch seinen FCS-Mitgliedsausweis ein weiteres Jahr behalten. Ich hatte mich ja nach der entt\u00e4uschenden Entwicklung der letzten Jahre im Mai 2008 von meinem ehemaligen Verein 1. FC Saarbr\u00fccken verabschiedet.\u2026","rel":"","context":"In &quot;Fu\u00dfball&quot;","block_context":{"text":"Fu\u00dfball","link":"https:\/\/textundblog.de\/?cat=17"},"img":{"alt_text":"1. FC Saarbr\u00fccken-Mitgliedsausweis & St. Pauli-Dauerkarte","src":"https:\/\/i0.wp.com\/textundblog.de\/wp-content\/fcsmitglpaulidauer.jpg?resize=350%2C200&ssl=1","width":350,"height":200},"classes":[]},{"id":3827,"url":"https:\/\/textundblog.de\/?p=3827","url_meta":{"origin":3470,"position":3},"title":"In der Magischen Schlange am Millerntor &#8211; Vol. 3","author":"Markus","date":"8\/11\/2010","format":false,"excerpt":"Ich fragte ja schon beim ersten Anstehen am 13.8. (\u00abFC St. Pauli: Bilder einer Anstehung\u00bb): Wie bekloppt kann man sein? \u2013 Heute fr\u00fch lud der Magische FC nach der zweiten Schlangen-Zelebrierung am 4.10. zum dritten Mal die Mitglieder zum Beine-in-den-Bauch-Stehen am Millerntor ein. Herr Sparschaeler, Herr Curi0us und ich folgten\u2026","rel":"","context":"In &quot;FC St. Pauli&quot;","block_context":{"text":"FC St. Pauli","link":"https:\/\/textundblog.de\/?cat=76"},"img":{"alt_text":"","src":"https:\/\/i0.wp.com\/textundblog.de\/wp-content\/schlange-11-2010-1.jpg?resize=350%2C200","width":350,"height":200},"classes":[]},{"id":3681,"url":"https:\/\/textundblog.de\/?p=3681","url_meta":{"origin":3470,"position":4},"title":"FC St. Pauli: Bilder einer Anstehung","author":"Markus","date":"13\/8\/2010","format":false,"excerpt":"Foto-Album auf Flickr Wie bekloppt kann man sein? Wecker stellen f\u00fcr 4:45 Uhr, Anstehen ab 6:00 Uhr, um sich sechs Stunden sp\u00e4ter (und nicht vier, wie im ersten Freudentaumel irrt\u00fcmlich gepostet) um 12 Uhr wie ein kleines Kind zu freuen, dass man drei Karten f\u00fcr die ersten drei Heimspiele des\u2026","rel":"","context":"In &quot;FC St. Pauli&quot;","block_context":{"text":"FC St. Pauli","link":"https:\/\/textundblog.de\/?cat=76"},"img":{"alt_text":"","src":"","width":0,"height":0},"classes":[]},{"id":4246,"url":"https:\/\/textundblog.de\/?p=4246","url_meta":{"origin":3470,"position":5},"title":"Babylon calling \u2013 Film \u00fcber den FC St. Pauli: Paulinen Platz","author":"Markus","date":"20\/7\/2011","format":false,"excerpt":"Paulinen Platz - 1 from shootv on Vimeo. Dieser Film \u00fcber den FC St. Pauli besticht nicht nur durch sein babylonisches Sprachgewirr (mehr schlecht als recht gesprochenes Englisch, versehen mit romanischem Flair durch die italienischen Untertitel). Er zeigt auch sch\u00f6ne Aufnahmen aus Amburgo (Hamburg) und Gesichter, die zum Magischen FC\u2026","rel":"","context":"In &quot;FC St. Pauli&quot;","block_context":{"text":"FC St. Pauli","link":"https:\/\/textundblog.de\/?cat=76"},"img":{"alt_text":"Paulinen Platz","src":"https:\/\/i0.wp.com\/textundblog.de\/wp-content\/pauliane-mv.jpg?resize=350%2C200&ssl=1","width":350,"height":200},"classes":[]}],"_links":{"self":[{"href":"https:\/\/textundblog.de\/index.php?rest_route=\/wp\/v2\/posts\/3470","targetHints":{"allow":["GET"]}}],"collection":[{"href":"https:\/\/textundblog.de\/index.php?rest_route=\/wp\/v2\/posts"}],"about":[{"href":"https:\/\/textundblog.de\/index.php?rest_route=\/wp\/v2\/types\/post"}],"author":[{"embeddable":true,"href":"https:\/\/textundblog.de\/index.php?rest_route=\/wp\/v2\/users\/1"}],"replies":[{"embeddable":true,"href":"https:\/\/textundblog.de\/index.php?rest_route=%2Fwp%2Fv2%2Fcomments&post=3470"}],"version-history":[{"count":0,"href":"https:\/\/textundblog.de\/index.php?rest_route=\/wp\/v2\/posts\/3470\/revisions"}],"wp:attachment":[{"href":"https:\/\/textundblog.de\/index.php?rest_route=%2Fwp%2Fv2%2Fmedia&parent=3470"}],"wp:term":[{"taxonomy":"category","embeddable":true,"href":"https:\/\/textundblog.de\/index.php?rest_route=%2Fwp%2Fv2%2Fcategories&post=3470"},{"taxonomy":"post_tag","embeddable":true,"href":"https:\/\/textundblog.de\/index.php?rest_route=%2Fwp%2Fv2%2Ftags&post=3470"}],"curies":[{"name":"wp","href":"https:\/\/api.w.org\/{rel}","templated":true}]}}