{"id":345,"date":"2005-04-14T17:40:46","date_gmt":"2005-04-14T15:40:46","guid":{"rendered":"http:\/\/textundblog.de\/?p=345"},"modified":"2005-04-14T17:44:28","modified_gmt":"2005-04-14T15:44:28","slug":"345","status":"publish","type":"post","link":"https:\/\/textundblog.de\/?p=345","title":{"rendered":"Das n\u00e4chste gro\u00dfe Ding"},"content":{"rendered":"<p><a href=\"http:\/\/www.ksta.de\/html\/artikel\/1113314506605.shtml\"><img loading=\"lazy\" decoding=\"async\" src=\".\/wp-content\/spitzwegblogger.jpg\" width=\"211\" height=\"140\" alt=\"Spitzwegs Blogger\" title=\"Spitzwegs Blogger\" \/><\/a><br \/>\nBloggen: Das n\u00e4chste gro\u00dfe Ding! -Ach? Wer&#8217;s noch ertragen kann, etwas \u00fcber den Bloghype zu lesen, m\u00f6ge die neuesten Zeilen im K\u00f6lner Stadtanzeiger konsultieren: &#8222;<a href=\"http:\/\/www.ksta.de\/html\/artikel\/1113314506605.shtml\">Das n\u00e4chste gro\u00dfe Ding im Netz<\/a>&#8222;, die sich vor allem mit der zunehmenden Bedeutung der Blogs f\u00fcr Jugendliche besch\u00e4ftigen.<\/p>\n<blockquote><p>F\u00fcr erfahrene Internetnutzer sind die kurz Blogs genannten Seiten l\u00e4ngst wichtiger Teil ihrer t\u00e4glichen Reise durchs Internet, w\u00e4hrend das Gros der Surfer gerade einmal zaghaft anf\u00e4ngt, sich mit dem Thema zu befassen.<\/p><\/blockquote>\n<p>Im ebenfalls beim K\u00f6lner Stadtanzeiger ver\u00f6ffentlichten <a href=\"http:\/\/www.ksta.de\/html\/artikel\/1113314506003.shtml\">Interview mit Kai Pahl<\/a> (Mitautor des Buches &#8222;Blogs!&#8220;) bringt dieser es treffend auf den Punkt: <\/p>\n<blockquote><p>Bloggen ist so popul\u00e4r geworden, weil es so einfach ist.<\/p><\/blockquote>\n<p>[via <a href=\"http:\/\/www.industrial-technology-and-witchcraft.de\/index.php?\/ITW\/14257\/\">it&#038;w<\/a>]<\/p>\n","protected":false},"excerpt":{"rendered":"<p>Bloggen: Das n\u00e4chste gro\u00dfe Ding! -Ach? Wer&#8217;s noch ertragen kann, etwas \u00fcber den Bloghype zu lesen, m\u00f6ge die neuesten Zeilen im K\u00f6lner Stadtanzeiger konsultieren: &#8222;Das n\u00e4chste gro\u00dfe Ding im Netz&#8222;, die sich vor allem mit der zunehmenden Bedeutung der Blogs f\u00fcr Jugendliche besch\u00e4ftigen. F\u00fcr erfahrene Internetnutzer sind die kurz Blogs genannten Seiten l\u00e4ngst wichtiger Teil [&hellip;]<\/p>\n","protected":false},"author":1,"featured_media":0,"comment_status":"open","ping_status":"open","sticky":false,"template":"","format":"standard","meta":{"site-sidebar-layout":"default","site-content-layout":"","ast-site-content-layout":"default","site-content-style":"default","site-sidebar-style":"default","ast-global-header-display":"","ast-banner-title-visibility":"","ast-main-header-display":"","ast-hfb-above-header-display":"","ast-hfb-below-header-display":"","ast-hfb-mobile-header-display":"","site-post-title":"","ast-breadcrumbs-content":"","ast-featured-img":"","footer-sml-layout":"","theme-transparent-header-meta":"","adv-header-id-meta":"","stick-header-meta":"","header-above-stick-meta":"","header-main-stick-meta":"","header-below-stick-meta":"","astra-migrate-meta-layouts":"default","ast-page-background-enabled":"default","ast-page-background-meta":{"desktop":{"background-color":"var(--ast-global-color-4)","background-image":"","background-repeat":"repeat","background-position":"center center","background-size":"auto","background-attachment":"scroll","background-type":"","background-media":"","overlay-type":"","overlay-color":"","overlay-opacity":"","overlay-gradient":""},"tablet":{"background-color":"","background-image":"","background-repeat":"repeat","background-position":"center center","background-size":"auto","background-attachment":"scroll","background-type":"","background-media":"","overlay-type":"","overlay-color":"","overlay-opacity":"","overlay-gradient":""},"mobile":{"background-color":"","background-image":"","background-repeat":"repeat","background-position":"center center","background-size":"auto","background-attachment":"scroll","background-type":"","background-media":"","overlay-type":"","overlay-color":"","overlay-opacity":"","overlay-gradient":""}},"ast-content-background-meta":{"desktop":{"background-color":"var(--ast-global-color-5)","background-image":"","background-repeat":"repeat","background-position":"center center","background-size":"auto","background-attachment":"scroll","background-type":"","background-media":"","overlay-type":"","overlay-color":"","overlay-opacity":"","overlay-gradient":""},"tablet":{"background-color":"var(--ast-global-color-5)","background-image":"","background-repeat":"repeat","background-position":"center center","background-size":"auto","background-attachment":"scroll","background-type":"","background-media":"","overlay-type":"","overlay-color":"","overlay-opacity":"","overlay-gradient":""},"mobile":{"background-color":"var(--ast-global-color-5)","background-image":"","background-repeat":"repeat","background-position":"center center","background-size":"auto","background-attachment":"scroll","background-type":"","background-media":"","overlay-type":"","overlay-color":"","overlay-opacity":"","overlay-gradient":""}},"ngg_post_thumbnail":0,"jetpack_post_was_ever_published":false,"_jetpack_newsletter_access":"","_jetpack_dont_email_post_to_subs":false,"_jetpack_newsletter_tier_id":0,"_jetpack_memberships_contains_paywalled_content":false,"_jetpack_memberships_contains_paid_content":false,"footnotes":""},"categories":[5,4],"tags":[],"class_list":["post-345","post","type-post","status-publish","format-standard","hentry","category-artikel","category-internet"],"jetpack_featured_media_url":"","jetpack_sharing_enabled":true,"jetpack_shortlink":"https:\/\/wp.me\/s4uzZ-345","jetpack-related-posts":[{"id":2824,"url":"https:\/\/textundblog.de\/?p=2824","url_meta":{"origin":345,"position":0},"title":"Historisches Stadtarchiv in K\u00f6ln eingest\u00fcrzt","author":"Markus","date":"3\/3\/2009","format":false,"excerpt":"Foto: express.de Ludmilla Carone berichtet aus der N\u00e4he des Geschehens [via Werkstatt]. Wie furchtbar. Es hat beim Einsturz des Historischen Stadtarchivs K\u00f6ln offensichtlich Tote gegeben. Der K\u00f6lner Stadtanzeiger geht von bis zu 30 Toten aus: Auf dem Waidmarkt sind Teile des Historischen Stadtarchivs eingest\u00fcrzt. Es ist von bis zu 30\u2026","rel":"","context":"In &quot;Internet&quot;","block_context":{"text":"Internet","link":"https:\/\/textundblog.de\/?cat=4"},"img":{"alt_text":"Historisches Satdtarchiv in K\u00f6ln eingest\u00fcrzt","src":"https:\/\/i0.wp.com\/textundblog.de\/wp-content\/einsturzkoeln.jpg?resize=350%2C200&ssl=1","width":350,"height":200},"classes":[]},{"id":2840,"url":"https:\/\/textundblog.de\/?p=2840","url_meta":{"origin":345,"position":1},"title":"Zweiter Tag in Nowosibirsk","author":"Markus","date":"13\/3\/2009","format":false,"excerpt":"v.r.n.l.: Ilja Kabanow, Majia Schelkownikowa und ich Dieses Mal ein nicht ganz so ausf\u00fchrlicher Bericht wie gestern vom zweiten Tag in Nowosibirsk. Nicht, weil nichts Neues passiert w\u00e4re, sondern ganz im Gegenteil: So viel erlebt und erfahren, dass kaum Zeit bleibt, dar\u00fcber zu bloggen. Wird selbstverst\u00e4ndlich nachgeholt. Nur soviel: heute\u2026","rel":"","context":"In &quot;Foto&quot;","block_context":{"text":"Foto","link":"https:\/\/textundblog.de\/?cat=10"},"img":{"alt_text":"Ilja, Majia und ich","src":"https:\/\/i0.wp.com\/textundblog.de\/wp-content\/majia-ilja-ma.jpg?resize=350%2C200&ssl=1","width":350,"height":200},"classes":[]},{"id":1216,"url":"https:\/\/textundblog.de\/?p=1216","url_meta":{"origin":345,"position":2},"title":"Blogr\u00fcckstau und web2.0-Aussichten","author":"Markus","date":"5\/10\/2006","format":false,"excerpt":"Nach fast zwei Wochen filmfestivalbedingter Netzabwesenheit erschl\u00e4gt mich die Informationsf\u00fclle des Internets beinahe und ich merke wieder einmal, wie wichtig die kontinuierliche Verfolgung mir wichtiger Websites\/Blogs geworden ist. Die ca. 5800 (!) ungelesenen Blogpostings (bei 325 abonnierten Feeds) hab ich jetzt in zwei Tagen auf unter 4000 reduziert, nat\u00fcrlich war\u2026","rel":"","context":"In &quot;Informationskompetenz&quot;","block_context":{"text":"Informationskompetenz","link":"https:\/\/textundblog.de\/?cat=16"},"img":{"alt_text":"","src":"","width":0,"height":0},"classes":[]},{"id":799,"url":"https:\/\/textundblog.de\/?p=799","url_meta":{"origin":345,"position":3},"title":"New York Magazine zum Blogging Boom","author":"Markus","date":"13\/2\/2006","format":false,"excerpt":"Von den wenigen ber\u00fchmten A-Bloggern, der Mittelschicht an B-Boggern und der breiten Masse an C-Bloggern berichtet die Zeitschrift \u00abNew York Magazine\u00bb. Dabei wird der Blogging Boom unter verschiedenen Gesichtspunkten durchleuchtet, etwa wie die TOP-50-Blogs untereinander vernetzt sind, wie auch ein C-Blogger - wenn er es denn will - werbemitteltechnisch gro\u00dfe\u2026","rel":"","context":"In &quot;Artikel&quot;","block_context":{"text":"Artikel","link":"https:\/\/textundblog.de\/?cat=5"},"img":{"alt_text":"New York Magazine","src":"https:\/\/i0.wp.com\/www.textundblog.de\/wp-content\/nyblog.jpg?resize=350%2C200","width":350,"height":200},"classes":[]},{"id":2838,"url":"https:\/\/textundblog.de\/?p=2838","url_meta":{"origin":345,"position":4},"title":"Russische und deutsche Blogger treffen sich in Nowosibirsk","author":"Markus","date":"12\/3\/2009","format":false,"excerpt":"Heute fr\u00fch kurz vor Acht, Ortszeit Nowosibirsk, also 3 Uhr deutscher Zeit, sind wir auf dem Flughafen Nowosibirsk gelandet. Temperatur bei -8\u00b0 wurde gar nicht so kalt empfunden (das sollte sich im Laufe des Tages aber noch \u00e4ndern). Transfer zum zentral gelegenen Hotel Sibir, das einen guten Eindruck auf uns\u2026","rel":"","context":"In &quot;Internet&quot;","block_context":{"text":"Internet","link":"https:\/\/textundblog.de\/?cat=4"},"img":{"alt_text":"Flughafen Nowosibirsk","src":"https:\/\/i0.wp.com\/textundblog.de\/wp-content\/flughafennowosibirsk.jpg?resize=350%2C200&ssl=1","width":350,"height":200},"classes":[]},{"id":3432,"url":"https:\/\/textundblog.de\/?p=3432","url_meta":{"origin":345,"position":5},"title":"Linked Open Data: Verhei\u00dfungsvoller Beginn mit offenen bibliographischen Daten","author":"Markus","date":"13\/3\/2010","format":false,"excerpt":"Vor ein paar Tagen habe ich hier im Blog auf das Thema Linked Open Data hingewiesen. Ein Paradebeispiel daf\u00fcr, eigene Daten der Allgemeinheit zur Verf\u00fcgung zu stellen, damit diese sie f\u00fcr ihre Zwecke weiter verarbeiten kann, wurde nun im Umfeld der Universit\u00e4ts- und Stadtbibliothek K\u00f6ln umgesetzt: Die Universit\u00e4ts- und Stadtbibliothek\u2026","rel":"","context":"In &quot;Internet&quot;","block_context":{"text":"Internet","link":"https:\/\/textundblog.de\/?cat=4"},"img":{"alt_text":"Linked Open Data Cloud","src":"https:\/\/i0.wp.com\/textundblog.de\/wp-content\/linkedopendata.jpg?resize=350%2C200&ssl=1","width":350,"height":200},"classes":[]}],"_links":{"self":[{"href":"https:\/\/textundblog.de\/index.php?rest_route=\/wp\/v2\/posts\/345","targetHints":{"allow":["GET"]}}],"collection":[{"href":"https:\/\/textundblog.de\/index.php?rest_route=\/wp\/v2\/posts"}],"about":[{"href":"https:\/\/textundblog.de\/index.php?rest_route=\/wp\/v2\/types\/post"}],"author":[{"embeddable":true,"href":"https:\/\/textundblog.de\/index.php?rest_route=\/wp\/v2\/users\/1"}],"replies":[{"embeddable":true,"href":"https:\/\/textundblog.de\/index.php?rest_route=%2Fwp%2Fv2%2Fcomments&post=345"}],"version-history":[{"count":0,"href":"https:\/\/textundblog.de\/index.php?rest_route=\/wp\/v2\/posts\/345\/revisions"}],"wp:attachment":[{"href":"https:\/\/textundblog.de\/index.php?rest_route=%2Fwp%2Fv2%2Fmedia&parent=345"}],"wp:term":[{"taxonomy":"category","embeddable":true,"href":"https:\/\/textundblog.de\/index.php?rest_route=%2Fwp%2Fv2%2Fcategories&post=345"},{"taxonomy":"post_tag","embeddable":true,"href":"https:\/\/textundblog.de\/index.php?rest_route=%2Fwp%2Fv2%2Ftags&post=345"}],"curies":[{"name":"wp","href":"https:\/\/api.w.org\/{rel}","templated":true}]}}