{"id":341,"date":"2005-04-12T23:44:15","date_gmt":"2005-04-12T21:44:15","guid":{"rendered":"http:\/\/textundblog.de\/?p=341"},"modified":"2005-04-12T23:47:21","modified_gmt":"2005-04-12T21:47:21","slug":"die-googleisierung-der-bildung-medienmami","status":"publish","type":"post","link":"https:\/\/textundblog.de\/?p=341","title":{"rendered":"Die Googleisierung der Bildung"},"content":{"rendered":"<p><a href=\"http:\/\/medienmami.uni-ulm.de\/?item=die-googleisierung-der-bildung\"><img loading=\"lazy\" decoding=\"async\" src=\".\/wp-content\/googlebildung.gif\" width=\"308\" height=\"126\" alt=\"Google\" title=\"Google\" \/><\/a><br \/>\n<a href=\"http:\/\/medienmami.uni-ulm.de\/?item=die-googleisierung-der-bildung\">Die Googleisierung der Bildung<\/a><\/p>\n<blockquote><p>Sch\u00fcler tun es. Studenten tun es. Lehrer tun es. Professoren tun es. Sie tun etwas, was bis vor ein paar Jahren niemand ausgesprochen h\u00e4tte. Weil es das Wort einfach nicht gab. Sie &#8222;googeln&#8220;. Sie googeln nach Informationen. Sie googeln nach Wissen. Sie googeln nach Zuf\u00e4llen. Sie googeln nach Daten. Sie googeln nach ihrem eigenen Namen. Beeindruckend.<\/p><\/blockquote>\n<p>[via <a href=\"http:\/\/log.netbib.de\/archives\/2005\/04\/12\/googleisierung-der-bildung\/\">netbib<\/a>]<\/p>\n","protected":false},"excerpt":{"rendered":"<p>Die Googleisierung der Bildung Sch\u00fcler tun es. Studenten tun es. Lehrer tun es. Professoren tun es. Sie tun etwas, was bis vor ein paar Jahren niemand ausgesprochen h\u00e4tte. Weil es das Wort einfach nicht gab. Sie &#8222;googeln&#8220;. Sie googeln nach Informationen. Sie googeln nach Wissen. Sie googeln nach Zuf\u00e4llen. Sie googeln nach Daten. Sie googeln [&hellip;]<\/p>\n","protected":false},"author":1,"featured_media":0,"comment_status":"open","ping_status":"open","sticky":false,"template":"","format":"standard","meta":{"site-sidebar-layout":"default","site-content-layout":"","ast-site-content-layout":"default","site-content-style":"default","site-sidebar-style":"default","ast-global-header-display":"","ast-banner-title-visibility":"","ast-main-header-display":"","ast-hfb-above-header-display":"","ast-hfb-below-header-display":"","ast-hfb-mobile-header-display":"","site-post-title":"","ast-breadcrumbs-content":"","ast-featured-img":"","footer-sml-layout":"","theme-transparent-header-meta":"","adv-header-id-meta":"","stick-header-meta":"","header-above-stick-meta":"","header-main-stick-meta":"","header-below-stick-meta":"","astra-migrate-meta-layouts":"default","ast-page-background-enabled":"default","ast-page-background-meta":{"desktop":{"background-color":"var(--ast-global-color-4)","background-image":"","background-repeat":"repeat","background-position":"center center","background-size":"auto","background-attachment":"scroll","background-type":"","background-media":"","overlay-type":"","overlay-color":"","overlay-opacity":"","overlay-gradient":""},"tablet":{"background-color":"","background-image":"","background-repeat":"repeat","background-position":"center center","background-size":"auto","background-attachment":"scroll","background-type":"","background-media":"","overlay-type":"","overlay-color":"","overlay-opacity":"","overlay-gradient":""},"mobile":{"background-color":"","background-image":"","background-repeat":"repeat","background-position":"center center","background-size":"auto","background-attachment":"scroll","background-type":"","background-media":"","overlay-type":"","overlay-color":"","overlay-opacity":"","overlay-gradient":""}},"ast-content-background-meta":{"desktop":{"background-color":"var(--ast-global-color-5)","background-image":"","background-repeat":"repeat","background-position":"center center","background-size":"auto","background-attachment":"scroll","background-type":"","background-media":"","overlay-type":"","overlay-color":"","overlay-opacity":"","overlay-gradient":""},"tablet":{"background-color":"var(--ast-global-color-5)","background-image":"","background-repeat":"repeat","background-position":"center center","background-size":"auto","background-attachment":"scroll","background-type":"","background-media":"","overlay-type":"","overlay-color":"","overlay-opacity":"","overlay-gradient":""},"mobile":{"background-color":"var(--ast-global-color-5)","background-image":"","background-repeat":"repeat","background-position":"center center","background-size":"auto","background-attachment":"scroll","background-type":"","background-media":"","overlay-type":"","overlay-color":"","overlay-opacity":"","overlay-gradient":""}},"ngg_post_thumbnail":0,"jetpack_post_was_ever_published":false,"_jetpack_newsletter_access":"","_jetpack_dont_email_post_to_subs":false,"_jetpack_newsletter_tier_id":0,"_jetpack_memberships_contains_paywalled_content":false,"_jetpack_memberships_contains_paid_content":false,"footnotes":""},"categories":[5,4],"tags":[],"class_list":["post-341","post","type-post","status-publish","format-standard","hentry","category-artikel","category-internet"],"jetpack_featured_media_url":"","jetpack_sharing_enabled":true,"jetpack_shortlink":"https:\/\/wp.me\/p4uzZ-5v","jetpack-related-posts":[{"id":1134,"url":"https:\/\/textundblog.de\/?p=1134","url_meta":{"origin":341,"position":0},"title":"Nach googeln technoraten","author":"Markus","date":"14\/8\/2006","format":false,"excerpt":"Google mit gro\u00dfem G will nicht mehr, da\u00df man googelt (mit kleinem g). Es wird sicher nur ein paar Tage dauern bis das widerrufen oder wenigstens relativiert wird. Solange kann man ja nachlesen, was Blogs dar\u00fcber schreiben. Ich empfehle daher nach googeln zu technoraten. [via The Exit]","rel":"","context":"In &quot;Internet&quot;","block_context":{"text":"Internet","link":"https:\/\/textundblog.de\/?cat=4"},"img":{"alt_text":"Google","src":"https:\/\/i0.wp.com\/www.textundblog.de\/wp-content\/google.gif?resize=350%2C200","width":350,"height":200},"classes":[]},{"id":3290,"url":"https:\/\/textundblog.de\/?p=3290","url_meta":{"origin":341,"position":1},"title":"Nachtkritik: Guten Morgen Harald Schmidt. Leider umsonst gegoogelt.","author":"Markus","date":"5\/12\/2009","format":false,"excerpt":"Das Theater-Rezensionsportal nachtkritik.de ist schlagfertig. Harald Schmidt erw\u00e4hnt es in einem Interview in DIE ZEIT (\u00abDie Strumpfhose hat Erl\u00f6sungsqualit\u00e4t\u00bb) in seiner Antwort auf die Frage, ob er Interesse am Titel \u00abBester Nachwuchsregisseur\u00bb habe: Warum nicht? Es w\u00e4re auch altmodisch zu sagen, ich lese keine Kritiken. Wir googeln sofort bei nachtkritik.de\u2026","rel":"","context":"In &quot;Artikel&quot;","block_context":{"text":"Artikel","link":"https:\/\/textundblog.de\/?cat=5"},"img":{"alt_text":"","src":"","width":0,"height":0},"classes":[]},{"id":4390,"url":"https:\/\/textundblog.de\/?p=4390","url_meta":{"origin":341,"position":2},"title":"Lesenswerter Artikel von Hannah Beitzer \u00fcber die Piratenpartei","author":"Markus","date":"6\/11\/2011","format":false,"excerpt":"Seit zweieinhalb Jahren bin ich Mitglied der Piratenpartei (siehe Tweet zur Ankunft meines Mitgliedsausweises). Nat\u00fcrlich freue ich mich \u00fcber die guten Prognosen der Piraten in den bundesweiten Umfragen, befl\u00fcgelt vom viel beachteten Erfolg der Berliner Piraten. Genau so staune ich \u00fcber das immer noch mangelnde Verst\u00e4ndnis f\u00fcr die Piratenpartei und\u2026","rel":"","context":"In &quot;Artikel&quot;","block_context":{"text":"Artikel","link":"https:\/\/textundblog.de\/?cat=5"},"img":{"alt_text":"(von mir schr\u00e4g gestelltes) Logo der Piratenpartei","src":"https:\/\/i0.wp.com\/textundblog.de\/wp-content\/piratenlogo-persp.jpg?resize=350%2C200&ssl=1","width":350,"height":200},"classes":[]},{"id":3989,"url":"https:\/\/textundblog.de\/?p=3989","url_meta":{"origin":341,"position":3},"title":"Warum reagieren die Fans von Guttenberg so realit\u00e4tsfern?","author":"Markus","date":"2\/3\/2011","format":false,"excerpt":"Grafik erzeugt mit Wordle. Basierend auf diesem Kommentar von Herrn Haekelschwein. Dass es gerade die Leser der BILD sind, die nun jammern, dass ihr geliebter Guttenberg zur\u00fcck treten musste, verwundert kaum, hat dieses Blatt ihn doch als politischen Star geradezu in den Himmel geschrieben. Grundlos, wie wir nicht erst seit\u2026","rel":"","context":"In &quot;Politik&quot;","block_context":{"text":"Politik","link":"https:\/\/textundblog.de\/?cat=9"},"img":{"alt_text":"Grafik erzeugt aus Herrn Haekelschweins Kommentar zu den Guttenbergern","src":"https:\/\/i0.wp.com\/textundblog.de\/wp-content\/guttenberger.jpg?resize=350%2C200&ssl=1","width":350,"height":200},"classes":[]},{"id":2605,"url":"https:\/\/textundblog.de\/?p=2605","url_meta":{"origin":341,"position":4},"title":"Worst case scenario &#8211; Auswandern bei McCain-Sieg?","author":"Markus","date":"2\/11\/2008","format":false,"excerpt":"Die einzige Zeitung, die ich noch auf totem Papier lese, ist die Frankfurter Allgemeine Sonntagszeitung. Ich freue mich jeden Sonntag darauf. Heute beim Fr\u00fchst\u00fcck habe ich zum Beispiel im Feuilleton den Artikel \u00abworst case scenario\u00bb mit Interesse gelesen, den ich Euch nun, da er auch online frei zug\u00e4nglich ist, zur\u2026","rel":"","context":"In &quot;Artikel&quot;","block_context":{"text":"Artikel","link":"https:\/\/textundblog.de\/?cat=5"},"img":{"alt_text":"Jonathan Safran Foer","src":"https:\/\/i0.wp.com\/textundblog.de\/wp-content\/fazworstcase.jpg?resize=350%2C200&ssl=1","width":350,"height":200},"classes":[]},{"id":153,"url":"https:\/\/textundblog.de\/?p=153","url_meta":{"origin":341,"position":5},"title":"225 Jahre &#8222;Neue Z\u00fcrcher Zeitung&#8220;","author":"Markus","date":"12\/1\/2005","format":false,"excerpt":"Erste Ausgabe 12. 01.1780 (NZZ) | Timeline Sie ist seri\u00f6s, gelegentlich etwas t\u00fctelig, aber eine feste Bank: Heute wird die \"Neue Z\u00fcrcher Zeitung\" 225 Jahre alt. schreibt Peter Glotz im Tagesspiegel zum beeindruckenden Geburtstag dieser wichtigen europ\u00e4ischen Tageszeitung. Die NZZ selbst stellt anl\u00e4\u00dflich ihres Birthdays im Rahmen des Artikels \"225\u2026","rel":"","context":"In &quot;Artikel&quot;","block_context":{"text":"Artikel","link":"https:\/\/textundblog.de\/?cat=5"},"img":{"alt_text":"NZZ","src":".\/wp-content\/nzz1780.jpg","width":350,"height":200},"classes":[]}],"_links":{"self":[{"href":"https:\/\/textundblog.de\/index.php?rest_route=\/wp\/v2\/posts\/341","targetHints":{"allow":["GET"]}}],"collection":[{"href":"https:\/\/textundblog.de\/index.php?rest_route=\/wp\/v2\/posts"}],"about":[{"href":"https:\/\/textundblog.de\/index.php?rest_route=\/wp\/v2\/types\/post"}],"author":[{"embeddable":true,"href":"https:\/\/textundblog.de\/index.php?rest_route=\/wp\/v2\/users\/1"}],"replies":[{"embeddable":true,"href":"https:\/\/textundblog.de\/index.php?rest_route=%2Fwp%2Fv2%2Fcomments&post=341"}],"version-history":[{"count":0,"href":"https:\/\/textundblog.de\/index.php?rest_route=\/wp\/v2\/posts\/341\/revisions"}],"wp:attachment":[{"href":"https:\/\/textundblog.de\/index.php?rest_route=%2Fwp%2Fv2%2Fmedia&parent=341"}],"wp:term":[{"taxonomy":"category","embeddable":true,"href":"https:\/\/textundblog.de\/index.php?rest_route=%2Fwp%2Fv2%2Fcategories&post=341"},{"taxonomy":"post_tag","embeddable":true,"href":"https:\/\/textundblog.de\/index.php?rest_route=%2Fwp%2Fv2%2Ftags&post=341"}],"curies":[{"name":"wp","href":"https:\/\/api.w.org\/{rel}","templated":true}]}}