{"id":3373,"date":"2010-01-27T15:09:24","date_gmt":"2010-01-27T14:09:24","guid":{"rendered":"http:\/\/textundblog.de\/?p=3373"},"modified":"2011-03-22T10:05:17","modified_gmt":"2011-03-22T09:05:17","slug":"mitgliedsantrag-fc-st-pauli","status":"publish","type":"post","link":"https:\/\/textundblog.de\/?p=3373","title":{"rendered":"Mitgliedsantrag FC St. Pauli"},"content":{"rendered":"<p><img data-recalc-dims=\"1\" loading=\"lazy\" decoding=\"async\" src=\"https:\/\/i0.wp.com\/textundblog.de\/wp-content\/stpauli-mitgl-brief.jpg?resize=500%2C375&#038;ssl=1\" width=\"500\" height=\"375\" alt=\"Brief mit dem Mitgliedsantrag f\u00fcr den FC St. Pauli &#038; FCS-Mitgliedsausweis\" title=\"Brief mit dem Mitgliedsantrag f\u00fcr den FC St. Pauli &#038; FCS-Mitgliedsausweis\" \/><\/p>\n<p><img data-recalc-dims=\"1\" loading=\"lazy\" decoding=\"async\" src=\"https:\/\/i0.wp.com\/textundblog.de\/wp-content\/afm-logo.jpg?resize=200%2C321&#038;ssl=1\" width=\"200\" height=\"321\" alt=\"AFM St. Pauli\" title=\"AFM St. Pauli\" class=\"bildrechts\"\/> Der Trend geht zur Zweitmitgliedschaft. Mitglied des <a href=\"https:\/\/textundblog.de\/?s=%22FC+Saarbr%C3%BCcken%22\">1. FC Saarbr\u00fccken<\/a> bin ich schon seit 13 Jahren. Im 5. Jahr in Hamburg lebend, wird es aber auch mal Zeit (und war schon lange \u00fcberf\u00e4llig), dass ich zus\u00e4tzlich noch Mitglied beim <a href=\"https:\/\/textundblog.de\/?s=%22st.+pauli%22\">FC St. Pauli<\/a> werde. <\/p>\n<p>Diese <a href=\"http:\/\/www.fcstpauli-afm.de\/c\/afm\/index.php?id=198\">AFM-Mitglieder-Aktion<\/a> hat nur den Ausschlag f\u00fcr einen schon l\u00e4nger fest stehenden Entschluss gegeben. Der Brief geht nun im Osten der Hansestadt, im wundersch\u00f6nen Wandsbek, auf die Post und wird morgen bei den Nachbarn im Westen, im zweitsch\u00f6nsten Stadtteil St. Pauli, eintreffen.<\/p>\n","protected":false},"excerpt":{"rendered":"<p>Der Trend geht zur Zweitmitgliedschaft. Mitglied des 1. FC Saarbr\u00fccken bin ich schon seit 13 Jahren. Im 5. Jahr in Hamburg lebend, wird es aber auch mal Zeit (und war schon lange \u00fcberf\u00e4llig), dass ich zus\u00e4tzlich noch Mitglied beim FC St. Pauli werde. Diese AFM-Mitglieder-Aktion hat nur den Ausschlag f\u00fcr einen schon l\u00e4nger fest stehenden [&hellip;]<\/p>\n","protected":false},"author":1,"featured_media":0,"comment_status":"open","ping_status":"open","sticky":false,"template":"","format":"standard","meta":{"site-sidebar-layout":"default","site-content-layout":"","ast-site-content-layout":"default","site-content-style":"default","site-sidebar-style":"default","ast-global-header-display":"","ast-banner-title-visibility":"","ast-main-header-display":"","ast-hfb-above-header-display":"","ast-hfb-below-header-display":"","ast-hfb-mobile-header-display":"","site-post-title":"","ast-breadcrumbs-content":"","ast-featured-img":"","footer-sml-layout":"","theme-transparent-header-meta":"","adv-header-id-meta":"","stick-header-meta":"","header-above-stick-meta":"","header-main-stick-meta":"","header-below-stick-meta":"","astra-migrate-meta-layouts":"default","ast-page-background-enabled":"default","ast-page-background-meta":{"desktop":{"background-color":"var(--ast-global-color-4)","background-image":"","background-repeat":"repeat","background-position":"center center","background-size":"auto","background-attachment":"scroll","background-type":"","background-media":"","overlay-type":"","overlay-color":"","overlay-opacity":"","overlay-gradient":""},"tablet":{"background-color":"","background-image":"","background-repeat":"repeat","background-position":"center center","background-size":"auto","background-attachment":"scroll","background-type":"","background-media":"","overlay-type":"","overlay-color":"","overlay-opacity":"","overlay-gradient":""},"mobile":{"background-color":"","background-image":"","background-repeat":"repeat","background-position":"center center","background-size":"auto","background-attachment":"scroll","background-type":"","background-media":"","overlay-type":"","overlay-color":"","overlay-opacity":"","overlay-gradient":""}},"ast-content-background-meta":{"desktop":{"background-color":"var(--ast-global-color-5)","background-image":"","background-repeat":"repeat","background-position":"center center","background-size":"auto","background-attachment":"scroll","background-type":"","background-media":"","overlay-type":"","overlay-color":"","overlay-opacity":"","overlay-gradient":""},"tablet":{"background-color":"var(--ast-global-color-5)","background-image":"","background-repeat":"repeat","background-position":"center center","background-size":"auto","background-attachment":"scroll","background-type":"","background-media":"","overlay-type":"","overlay-color":"","overlay-opacity":"","overlay-gradient":""},"mobile":{"background-color":"var(--ast-global-color-5)","background-image":"","background-repeat":"repeat","background-position":"center center","background-size":"auto","background-attachment":"scroll","background-type":"","background-media":"","overlay-type":"","overlay-color":"","overlay-opacity":"","overlay-gradient":""}},"ngg_post_thumbnail":0,"jetpack_post_was_ever_published":false,"_jetpack_newsletter_access":"","_jetpack_dont_email_post_to_subs":false,"_jetpack_newsletter_tier_id":0,"_jetpack_memberships_contains_paywalled_content":false,"_jetpack_memberships_contains_paid_content":false,"footnotes":""},"categories":[76,17,12],"tags":[],"class_list":["post-3373","post","type-post","status-publish","format-standard","hentry","category-fc-st-pauli","category-fussball","category-saarland"],"jetpack_featured_media_url":"","jetpack_sharing_enabled":true,"jetpack_shortlink":"https:\/\/wp.me\/p4uzZ-Sp","jetpack-related-posts":[{"id":3470,"url":"https:\/\/textundblog.de\/?p=3470","url_meta":{"origin":3373,"position":0},"title":"AFM-Shirt von St. Pauli","author":"Markus","date":"9\/4\/2010","format":false,"excerpt":"Die Abk\u00fcrzung AFM steht beim FC St. Pauli f\u00fcr Abteilung F\u00f6rdernde Mitglieder. So ein F\u00f6rderndes Mitglied bin ich Anfang des Jahres geworden (siehe mein abgeschickter Mitgliedsantrag FC St. Pauli). AFM hatte Neu-Mitgliedern und deren Werbern AFM-Shirts in Aussicht gestellt (Aktion: Mitglieder werben Mitglieder). Heute kam meines an (siehe Foto oben),\u2026","rel":"","context":"In &quot;FC St. Pauli&quot;","block_context":{"text":"FC St. Pauli","link":"https:\/\/textundblog.de\/?cat=76"},"img":{"alt_text":"Mein AFM-Shirt - gleich anprobiert: passt! ;-)","src":"https:\/\/i0.wp.com\/textundblog.de\/wp-content\/afm-shirt.jpg?resize=350%2C200&ssl=1","width":350,"height":200},"classes":[]},{"id":2767,"url":"https:\/\/textundblog.de\/?p=2767","url_meta":{"origin":3373,"position":1},"title":"Mitgliedschaft 1. FC Saarbr\u00fccken goes on","author":"Markus","date":"26\/1\/2009","format":false,"excerpt":"Wer A Pauli sagt, kann auch B FCS sagen. Wer 'ne Pauli-Dauerkarte mit saison\u00fcbergreifender Stehgarantie in der S\u00fcd hat, der kann auch seinen FCS-Mitgliedsausweis ein weiteres Jahr behalten. Ich hatte mich ja nach der entt\u00e4uschenden Entwicklung der letzten Jahre im Mai 2008 von meinem ehemaligen Verein 1. FC Saarbr\u00fccken verabschiedet.\u2026","rel":"","context":"In &quot;Fu\u00dfball&quot;","block_context":{"text":"Fu\u00dfball","link":"https:\/\/textundblog.de\/?cat=17"},"img":{"alt_text":"1. FC Saarbr\u00fccken-Mitgliedsausweis & St. Pauli-Dauerkarte","src":"https:\/\/i0.wp.com\/textundblog.de\/wp-content\/fcsmitglpaulidauer.jpg?resize=350%2C200&ssl=1","width":350,"height":200},"classes":[]},{"id":3827,"url":"https:\/\/textundblog.de\/?p=3827","url_meta":{"origin":3373,"position":2},"title":"In der Magischen Schlange am Millerntor &#8211; Vol. 3","author":"Markus","date":"8\/11\/2010","format":false,"excerpt":"Ich fragte ja schon beim ersten Anstehen am 13.8. (\u00abFC St. Pauli: Bilder einer Anstehung\u00bb): Wie bekloppt kann man sein? \u2013 Heute fr\u00fch lud der Magische FC nach der zweiten Schlangen-Zelebrierung am 4.10. zum dritten Mal die Mitglieder zum Beine-in-den-Bauch-Stehen am Millerntor ein. Herr Sparschaeler, Herr Curi0us und ich folgten\u2026","rel":"","context":"In &quot;FC St. Pauli&quot;","block_context":{"text":"FC St. Pauli","link":"https:\/\/textundblog.de\/?cat=76"},"img":{"alt_text":"","src":"https:\/\/i0.wp.com\/textundblog.de\/wp-content\/schlange-11-2010-1.jpg?resize=350%2C200","width":350,"height":200},"classes":[]},{"id":3681,"url":"https:\/\/textundblog.de\/?p=3681","url_meta":{"origin":3373,"position":3},"title":"FC St. Pauli: Bilder einer Anstehung","author":"Markus","date":"13\/8\/2010","format":false,"excerpt":"Foto-Album auf Flickr Wie bekloppt kann man sein? Wecker stellen f\u00fcr 4:45 Uhr, Anstehen ab 6:00 Uhr, um sich sechs Stunden sp\u00e4ter (und nicht vier, wie im ersten Freudentaumel irrt\u00fcmlich gepostet) um 12 Uhr wie ein kleines Kind zu freuen, dass man drei Karten f\u00fcr die ersten drei Heimspiele des\u2026","rel":"","context":"In &quot;FC St. Pauli&quot;","block_context":{"text":"FC St. Pauli","link":"https:\/\/textundblog.de\/?cat=76"},"img":{"alt_text":"","src":"","width":0,"height":0},"classes":[]},{"id":4246,"url":"https:\/\/textundblog.de\/?p=4246","url_meta":{"origin":3373,"position":4},"title":"Babylon calling \u2013 Film \u00fcber den FC St. Pauli: Paulinen Platz","author":"Markus","date":"20\/7\/2011","format":false,"excerpt":"Paulinen Platz - 1 from shootv on Vimeo. Dieser Film \u00fcber den FC St. Pauli besticht nicht nur durch sein babylonisches Sprachgewirr (mehr schlecht als recht gesprochenes Englisch, versehen mit romanischem Flair durch die italienischen Untertitel). Er zeigt auch sch\u00f6ne Aufnahmen aus Amburgo (Hamburg) und Gesichter, die zum Magischen FC\u2026","rel":"","context":"In &quot;FC St. Pauli&quot;","block_context":{"text":"FC St. Pauli","link":"https:\/\/textundblog.de\/?cat=76"},"img":{"alt_text":"Paulinen Platz","src":"https:\/\/i0.wp.com\/textundblog.de\/wp-content\/pauliane-mv.jpg?resize=350%2C200&ssl=1","width":350,"height":200},"classes":[]},{"id":3865,"url":"https:\/\/textundblog.de\/?p=3865","url_meta":{"origin":3373,"position":5},"title":"Anstehen in klirrender K\u00e4lte &#8211; Kartenschlange Vol. 4","author":"Markus","date":"27\/11\/2010","format":false,"excerpt":"Heute war es dann zum 4. Mal so weit: nach dem 13.8., dem 4.10. und dem 8.11. gab es die bis dato h\u00e4rteste Anstehprobe an den Magischen Kassen am Millerntor: Hartgesottene Mitglieder des Kiezclubs standen sich die Beine in den Bauch bei minus 6 Grad. Doch hier soll nicht gejammert\u2026","rel":"","context":"In &quot;FC St. Pauli&quot;","block_context":{"text":"FC St. Pauli","link":"https:\/\/textundblog.de\/?cat=76"},"img":{"alt_text":"","src":"https:\/\/i0.wp.com\/textundblog.de\/wp-content\/IMG_1059.jpg?resize=350%2C200","width":350,"height":200},"classes":[]}],"_links":{"self":[{"href":"https:\/\/textundblog.de\/index.php?rest_route=\/wp\/v2\/posts\/3373","targetHints":{"allow":["GET"]}}],"collection":[{"href":"https:\/\/textundblog.de\/index.php?rest_route=\/wp\/v2\/posts"}],"about":[{"href":"https:\/\/textundblog.de\/index.php?rest_route=\/wp\/v2\/types\/post"}],"author":[{"embeddable":true,"href":"https:\/\/textundblog.de\/index.php?rest_route=\/wp\/v2\/users\/1"}],"replies":[{"embeddable":true,"href":"https:\/\/textundblog.de\/index.php?rest_route=%2Fwp%2Fv2%2Fcomments&post=3373"}],"version-history":[{"count":0,"href":"https:\/\/textundblog.de\/index.php?rest_route=\/wp\/v2\/posts\/3373\/revisions"}],"wp:attachment":[{"href":"https:\/\/textundblog.de\/index.php?rest_route=%2Fwp%2Fv2%2Fmedia&parent=3373"}],"wp:term":[{"taxonomy":"category","embeddable":true,"href":"https:\/\/textundblog.de\/index.php?rest_route=%2Fwp%2Fv2%2Fcategories&post=3373"},{"taxonomy":"post_tag","embeddable":true,"href":"https:\/\/textundblog.de\/index.php?rest_route=%2Fwp%2Fv2%2Ftags&post=3373"}],"curies":[{"name":"wp","href":"https:\/\/api.w.org\/{rel}","templated":true}]}}