{"id":3277,"date":"2009-11-27T13:23:19","date_gmt":"2009-11-27T12:23:19","guid":{"rendered":"http:\/\/textundblog.de\/?p=3277"},"modified":"2010-08-17T22:50:52","modified_gmt":"2010-08-17T20:50:52","slug":"uberraschung-im-leuchtcast-%e2%80%93-1-fc-saarbrucken-heute-gegen-koln-ii","status":"publish","type":"post","link":"https:\/\/textundblog.de\/?p=3277","title":{"rendered":"\u00dcberraschung im Leuchtcast \u2013 1. FC Saarbr\u00fccken heute gegen K\u00f6ln II"},"content":{"rendered":"<p><a href=\"http:\/\/leuchtturm-fcs.blogspot.com\/2009\/11\/leuchtcast-18-das-fcs-podcast.html\"><img data-recalc-dims=\"1\" loading=\"lazy\" decoding=\"async\" src=\"https:\/\/i0.wp.com\/textundblog.de\/wp-content\/leuchturm-podcast.jpg?resize=500%2C300&#038;ssl=1\" width=\"500\" height=\"300\" alt=\"Leuchtturm: Leuchtcast, der Podcast zum FCS\" title=\"Leuchtturm: Leuchtcast, der Podcast zum FCS\" \/><\/a><\/p>\n<p>Heute Nacht beim Abarbeiten des Feed-Readers dachte ich, ich h\u00f6re nicht richtig. In meinem Unterordner mit den aufs Saarland bezogenen RSS-Feeds entdecke ich den neuen <a href=\"http:\/\/leuchtturm-fcs.blogspot.com\/2009\/11\/leuchtcast-18-das-fcs-podcast.html\">Leuchtturm-Podcast<\/a> von Carsten mit dem sch\u00f6nen Titel\u2026 <\/p>\n<blockquote><p>Alles zum morgigen Spiel beim 1. FC K\u00f6ln II und den letzten Entwicklungen vor dem Redaktionsschluss.<\/p><\/blockquote>\n<p>\u2026und dachte, da h\u00f6r ich doch mal rein, quasi als Vorbereitung auf das Spiel der Saarbr\u00fccker morgen (nunmehr heute) in K\u00f6ln. Und dann die gro\u00dfe \u00dcberraschung f\u00fcr mich: als ich ganz unerwartet liebe Gr\u00fc\u00dfe im Podcast vernehme und mich sogar freuen darf, dass Carsten den Zuh\u00f6rern des Leuchtturm-Podcastes mein Blog empfiehlt. Carsten, besten Dank daf\u00fcr, die \u00dcberraschung ist Dir echt gelungen und Du hast mir damit eine gro\u00dfe Freude gemacht. Leider hat ja die Berichterstattung \u00fcber den FCS hier im Blog sehr nachgelassen. Vielleicht ist f\u00fcr die FCS-Fans noch ganz interessant, welche Abschieds-\u00dcberraschungsf\u00eate mir meine Freunde aus dem Saarland gemacht hatten, als ich vor 4,5 Jahren (damals spielte unser FCS noch in Liga zwei) von Saarbr\u00fccken nach Hamburg zog: <a href=\"https:\/\/textundblog.de\/?p=354\">Das Wunder vom Eschberg<\/a>.<\/p>\n<p><img data-recalc-dims=\"1\" loading=\"lazy\" decoding=\"async\" src=\"https:\/\/i0.wp.com\/textundblog.de\/wp-content\/ludwigspark-fcs-bonn-lomo.jpg?resize=500%2C375&#038;ssl=1\" width=\"500\" height=\"375\" alt=\"Blick aus der Virage Est ins Saarbr\u00fccker Ludwigsparkstadion\" title=\"Blick aus der Virage Est ins Saarbr\u00fccker Ludwigsparkstadion\" \/><\/p>\n<p>Mit Carsten, weiteren FCS-Fans von Twitter (gr\u00f6\u00dftenteils auch Redaktionsmitgliedern der Fan-Zeitschrift Leuchtturm) und einem lieben Bekannten, war ich ja heute vor einer Woche nach \u00fcber drei Jahren Abwesenheit endlich mal wieder im Saarbr\u00fccker Ludwigspark. Wir durften uns gemeinsam \u00fcber einen <a href=\"http:\/\/www.kicker.de\/news\/fussball\/regionalliga\/rlwest\/regionalliga-west\/2009-10\/15\/940127\/spielschema_1-fc-saarbruecken-106_bonner-sc-131.html\">3:1-Sieg<\/a> gegen den Bonner SC freuen. Und es war wieder einmal gro\u00dfartig, in diesem Stadion zu sein, in das ich \u00fcber 20 Jahre regelm\u00e4\u00dfig gegangen war. War ich fr\u00fcher auch immer im A-Block, standen wir vergangene Woche in der <em>Virage Est<\/em>, im E-Block (Blick von dort, siehe Foto oben). Der saarl\u00e4ndische Traditionsclub hat es nach dem Absturz in die 5. Liga echt verdient, da unten wieder &#8218;raus zu kommen. Dieses Jahr sind sie gerade erst wieder in die Regionalliga (also die 4. Liga) aufgestiegen. <\/p>\n<p><a href=\"http:\/\/fc-saarbruecken.de\/\"><img data-recalc-dims=\"1\" loading=\"lazy\" decoding=\"async\" src=\"https:\/\/i0.wp.com\/textundblog.de\/wp-content\/fcstabregio-11-2009.jpg?resize=500%2C245&#038;ssl=1\" width=\"500\" height=\"245\" alt=\"Die aktuelle Tabelle der Regionalliga West zeigt: FCS wieder auf dem Weg nach oben\" title=\"Die aktuelle Tabelle der Regionalliga West zeigt: FCS wieder auf dem Weg nach oben\" \/><\/a><\/p>\n<p>Ein Blick auf die aktuelle Tabelle der Regionalliga West auf der Homepage des <a href=\"http:\/\/fc-saarbruecken.de\/\">1. FC Saarbr\u00fccken<\/a> zeigt, dass die Blau-Schwarzen auf dem besten Weg zur\u00fcck nach oben sind. Ich dr\u00fccke aus Hamburg weiter die Daumen, dass der Club und seine Fans bald wieder in den Profifu\u00dfball zur\u00fcckkehren. <\/p>\n<p><img data-recalc-dims=\"1\" loading=\"lazy\" decoding=\"async\" src=\"https:\/\/i0.wp.com\/textundblog.de\/wp-content\/ludwigspark-fcs-bonn.jpg?resize=500%2C375&#038;ssl=1\" width=\"500\" height=\"375\" alt=\"Blick aus der Virage Est (E-Block) ins Ludwigsparkstadion, 20.11.09 gegen Bonner SC\" title=\"Blick aus der Virage Est (E-Block) ins Ludwigsparkstadion, 20.11.09 gegen Bonner SC\" \/><\/p>\n<p>Und den Freunden des Leuchtturmes sei gesagt, das n\u00e4chste Heft wird es beim \u00fcbern\u00e4chsten Heimspiel gegen die SV Elversberg geben. Leseproben schon jetzt im <a href=\"http:\/\/leuchtturm-fcs.blogspot.com\/\">Leuchturm-Blog<\/a>. Das Spiel heute Abend (Anpfiff: 19 Uhr) gegen K\u00f6ln II (<a href=\"http:\/\/www.saarbruecker-zeitung.de\/sz-berichte\/sport\/Einer-der-auszog-um-in-der-Bundesliga-zu-spielen;art2820,3114860\">Vorbericht SZ<\/a>) wird auch wieder vom <a href=\"https:\/\/textundblog.de\/?p=1865\">FCS-Fanradio<\/a> \u00fcbertragen. Wenn ich es schaffe, h\u00f6re ich rein und dr\u00fccke den Saarbr\u00fcckern die Daumen, dass die Erfolgsserie weiter geht. Dass das gegen die starken K\u00f6lner, die ja auch oben in der <a href=\"http:\/\/www.kicker.de\/news\/fussball\/regionalliga\/rlwest\/regionalliga-west\/2009-10\/spieltag.html\">Tabelle<\/a> (auf Platz 5) stehen, kein Selbstl\u00e4ufer wird, ist klar. Und da unten rauszukommen ist schwerer als reinzurutschen (ok, 5 \u20ac ins Phrasenschwein). Aber das Team, das Trainer Dieter Ferner da zusammengestellt hat, konnte mich letzte Woche gegen die gut aufgestellten Bonner schon \u00fcberzeugen. K\u00f6nnte also klappen mit der R\u00fcckkehr in den Profifu\u00dfball\u2026 \ud83d\ude09<\/p>\n","protected":false},"excerpt":{"rendered":"<p>Heute Nacht beim Abarbeiten des Feed-Readers dachte ich, ich h\u00f6re nicht richtig. In meinem Unterordner mit den aufs Saarland bezogenen RSS-Feeds entdecke ich den neuen Leuchtturm-Podcast von Carsten mit dem sch\u00f6nen Titel\u2026 Alles zum morgigen Spiel beim 1. FC K\u00f6ln II und den letzten Entwicklungen vor dem Redaktionsschluss. \u2026und dachte, da h\u00f6r ich doch mal [&hellip;]<\/p>\n","protected":false},"author":1,"featured_media":0,"comment_status":"open","ping_status":"open","sticky":false,"template":"","format":"standard","meta":{"site-sidebar-layout":"default","site-content-layout":"","ast-site-content-layout":"default","site-content-style":"default","site-sidebar-style":"default","ast-global-header-display":"","ast-banner-title-visibility":"","ast-main-header-display":"","ast-hfb-above-header-display":"","ast-hfb-below-header-display":"","ast-hfb-mobile-header-display":"","site-post-title":"","ast-breadcrumbs-content":"","ast-featured-img":"","footer-sml-layout":"","theme-transparent-header-meta":"","adv-header-id-meta":"","stick-header-meta":"","header-above-stick-meta":"","header-main-stick-meta":"","header-below-stick-meta":"","astra-migrate-meta-layouts":"default","ast-page-background-enabled":"default","ast-page-background-meta":{"desktop":{"background-color":"var(--ast-global-color-4)","background-image":"","background-repeat":"repeat","background-position":"center center","background-size":"auto","background-attachment":"scroll","background-type":"","background-media":"","overlay-type":"","overlay-color":"","overlay-opacity":"","overlay-gradient":""},"tablet":{"background-color":"","background-image":"","background-repeat":"repeat","background-position":"center center","background-size":"auto","background-attachment":"scroll","background-type":"","background-media":"","overlay-type":"","overlay-color":"","overlay-opacity":"","overlay-gradient":""},"mobile":{"background-color":"","background-image":"","background-repeat":"repeat","background-position":"center center","background-size":"auto","background-attachment":"scroll","background-type":"","background-media":"","overlay-type":"","overlay-color":"","overlay-opacity":"","overlay-gradient":""}},"ast-content-background-meta":{"desktop":{"background-color":"var(--ast-global-color-5)","background-image":"","background-repeat":"repeat","background-position":"center center","background-size":"auto","background-attachment":"scroll","background-type":"","background-media":"","overlay-type":"","overlay-color":"","overlay-opacity":"","overlay-gradient":""},"tablet":{"background-color":"var(--ast-global-color-5)","background-image":"","background-repeat":"repeat","background-position":"center center","background-size":"auto","background-attachment":"scroll","background-type":"","background-media":"","overlay-type":"","overlay-color":"","overlay-opacity":"","overlay-gradient":""},"mobile":{"background-color":"var(--ast-global-color-5)","background-image":"","background-repeat":"repeat","background-position":"center center","background-size":"auto","background-attachment":"scroll","background-type":"","background-media":"","overlay-type":"","overlay-color":"","overlay-opacity":"","overlay-gradient":""}},"ngg_post_thumbnail":0,"jetpack_post_was_ever_published":false,"_jetpack_newsletter_access":"","_jetpack_dont_email_post_to_subs":false,"_jetpack_newsletter_tier_id":0,"_jetpack_memberships_contains_paywalled_content":false,"_jetpack_memberships_contains_paid_content":false,"footnotes":""},"categories":[17,12],"tags":[75],"class_list":["post-3277","post","type-post","status-publish","format-standard","hentry","category-fussball","category-saarland","tag-fcs"],"jetpack_featured_media_url":"","jetpack_sharing_enabled":true,"jetpack_shortlink":"https:\/\/wp.me\/p4uzZ-QR","jetpack-related-posts":[{"id":1622,"url":"https:\/\/textundblog.de\/?p=1622","url_meta":{"origin":3277,"position":0},"title":"Quo vadis, Saarbr\u00fccken?","author":"Markus","date":"2\/6\/2007","format":false,"excerpt":"In zehn Minuten startet eines der wichtigsten Spiele in der j\u00fcngeren Geschichte des 1. FCS Saarbr\u00fccken. Der kicker schreibt vom \u00abHerzschlagfinale im Keller\u00bb. Carsten bringt es im FCSBlog mit \u00abDer Tag X\u00bb auf den Punkt. Wir spielen bei den Amateuren des VfB Stuttgart um das nackte \u00dcberleben, denn ein Abstieg\u2026","rel":"","context":"In &quot;Fu\u00dfball&quot;","block_context":{"text":"Fu\u00dfball","link":"https:\/\/textundblog.de\/?cat=17"},"img":{"alt_text":"Quo vadis, Saarbr\u00fccken?","src":"https:\/\/i0.wp.com\/textundblog.de\/wp-content\/fcsquovadis.jpg?resize=350%2C200&ssl=1","width":350,"height":200},"classes":[]},{"id":1548,"url":"https:\/\/textundblog.de\/?p=1548","url_meta":{"origin":3277,"position":1},"title":"Offener Brief an die Mannschaft des 1. FCS","author":"Markus","date":"8\/4\/2007","format":false,"excerpt":"Der 1. FC Saarbr\u00fccken hat gestern beim Tabellenf\u00fchrer der Regionalliga S\u00fcd, dem SV Wehen, durch ein Eigentor in der 72. Minute einen m\u00f6glichen Punkt verspielt und sich mit der 1:0-Niederlage der Abstiegszone bedrohlich nahe gebracht. Carsten vom FCSBlog richtet einen Offenen Brief an die Mannschaft des 1. FC Saarbr\u00fccken, der\u2026","rel":"","context":"In &quot;Fu\u00dfball&quot;","block_context":{"text":"Fu\u00dfball","link":"https:\/\/textundblog.de\/?cat=17"},"img":{"alt_text":"1. FC Saarbr\u00fccken","src":"https:\/\/i0.wp.com\/textundblog.de\/wp-content\/fcswappenk.jpg?resize=350%2C200&ssl=1","width":350,"height":200},"classes":[]},{"id":1557,"url":"https:\/\/textundblog.de\/?p=1557","url_meta":{"origin":3277,"position":2},"title":"Abstiegsgipfel im Ludwigspark","author":"Markus","date":"13\/4\/2007","format":false,"excerpt":"Na, geht doch: Die Mannschaft des 1. FCS scheint den Offenen Brief von Carsten gelesen und verstanden zu haben. Sie f\u00fchren zur Pause im Abstiegsgipfel im Ludwigspark 3:1 gegen 1860 M\u00fcnchen II (Torsch\u00fctzen). Update 20:50 Uhr: Endergebnis: 5:2 ! Wichtig, wichtig! Kicker-Spielbericht: \u00abSaarbr\u00fccken kanzelt 1860 ab\u00bb. Aber jetzt m\u00fcssen sie\u2026","rel":"","context":"In &quot;Fu\u00dfball&quot;","block_context":{"text":"Fu\u00dfball","link":"https:\/\/textundblog.de\/?cat=17"},"img":{"alt_text":"1. FC Saarbr\u00fccken","src":"https:\/\/i0.wp.com\/textundblog.de\/wp-content\/fcswappenk.jpg?resize=350%2C200&ssl=1","width":350,"height":200},"classes":[]},{"id":1818,"url":"https:\/\/textundblog.de\/?p=1818","url_meta":{"origin":3277,"position":3},"title":"Sportliches Konzept des 1. FC Saarbr\u00fccken","author":"Markus","date":"14\/9\/2007","format":false,"excerpt":"Sportlich l\u00e4uft es im Moment hervorragend beim 1. FC Saarbr\u00fccken: Nach 7 Spieltagen ein Torverh\u00e4ltnis von 27:4, Platz zwei in der Oberliga S\u00fcdwest, ohne Spielverlust, allerdings ein paar Ligen zu tief. Damit sich das \u00e4ndert, wurde der komplette Verein umgekrempelt: neue Vereinsf\u00fchrung (Horst Hinschberger, siehe Video unten), neues Management (Wolfgang\u2026","rel":"","context":"In &quot;Fu\u00dfball&quot;","block_context":{"text":"Fu\u00dfball","link":"https:\/\/textundblog.de\/?cat=17"},"img":{"alt_text":"","src":"","width":0,"height":0},"classes":[]},{"id":1613,"url":"https:\/\/textundblog.de\/?p=1613","url_meta":{"origin":3277,"position":4},"title":"Der FC St. Pauli ist dort, wo Saarbr\u00fccken noch hin muss","author":"Markus","date":"26\/5\/2007","format":false,"excerpt":"Pauli hat es gestern meinen Saarbr\u00fcckern vorgemacht, nach vier Jahren sind sie wieder ins Profilager aufgestiegen. M\u00f6ge mein FCS das m\u00f6glichst schnell nachmachen! Doch dazu m\u00fcssen sie heute erstmal den Klassenerhalt in der Regionalliga S\u00fcd packen. Die Mannschaft des FC St. Pauli spielt in der n\u00e4chsten Saison in der 2.\u2026","rel":"","context":"In &quot;FC St. Pauli&quot;","block_context":{"text":"FC St. Pauli","link":"https:\/\/textundblog.de\/?cat=76"},"img":{"alt_text":"1. FC Saarbr\u00fccken","src":"https:\/\/i0.wp.com\/textundblog.de\/wp-content\/fcswappenk.jpg?resize=350%2C200&ssl=1","width":350,"height":200},"classes":[]},{"id":3907,"url":"https:\/\/textundblog.de\/?p=3907","url_meta":{"origin":3277,"position":5},"title":"\u00abhr2 \u2013 Der Tag\u00bb \u00fcber das Saarland &#8211; Von wegen klein, aber l\u00e4stig","author":"Markus","date":"23\/12\/2010","format":false,"excerpt":"Seit heute bin ich \u00fcber Weihnachten und Neujahr in meiner saarl\u00e4ndischen Heimat. Gestern Abend beim Kofferpacken kam von @mattsches der prima Tipp, mir doch den \u00abhr2 \u2013 Der Tag\u00bb-Podcast zum Saarland f\u00fcr die Zugreise aufzunehmen. Gesagt getan, habe die 55 Minuten heute im Zug geh\u00f6rt und fand das viel besser,\u2026","rel":"","context":"In &quot;Radio&quot;","block_context":{"text":"Radio","link":"https:\/\/textundblog.de\/?cat=19"},"img":{"alt_text":"hr2 Der Tag","src":"https:\/\/i0.wp.com\/www.textundblog.de\/wp-content\/hr2dertag.jpg?resize=350%2C200","width":350,"height":200},"classes":[]}],"_links":{"self":[{"href":"https:\/\/textundblog.de\/index.php?rest_route=\/wp\/v2\/posts\/3277","targetHints":{"allow":["GET"]}}],"collection":[{"href":"https:\/\/textundblog.de\/index.php?rest_route=\/wp\/v2\/posts"}],"about":[{"href":"https:\/\/textundblog.de\/index.php?rest_route=\/wp\/v2\/types\/post"}],"author":[{"embeddable":true,"href":"https:\/\/textundblog.de\/index.php?rest_route=\/wp\/v2\/users\/1"}],"replies":[{"embeddable":true,"href":"https:\/\/textundblog.de\/index.php?rest_route=%2Fwp%2Fv2%2Fcomments&post=3277"}],"version-history":[{"count":0,"href":"https:\/\/textundblog.de\/index.php?rest_route=\/wp\/v2\/posts\/3277\/revisions"}],"wp:attachment":[{"href":"https:\/\/textundblog.de\/index.php?rest_route=%2Fwp%2Fv2%2Fmedia&parent=3277"}],"wp:term":[{"taxonomy":"category","embeddable":true,"href":"https:\/\/textundblog.de\/index.php?rest_route=%2Fwp%2Fv2%2Fcategories&post=3277"},{"taxonomy":"post_tag","embeddable":true,"href":"https:\/\/textundblog.de\/index.php?rest_route=%2Fwp%2Fv2%2Ftags&post=3277"}],"curies":[{"name":"wp","href":"https:\/\/api.w.org\/{rel}","templated":true}]}}