{"id":3257,"date":"2009-11-13T15:09:00","date_gmt":"2009-11-13T14:09:00","guid":{"rendered":"http:\/\/textundblog.de\/?p=3257"},"modified":"2009-11-13T15:20:11","modified_gmt":"2009-11-13T14:20:11","slug":"la-brass-banda-im-uebel-gefahrlich","status":"publish","type":"post","link":"https:\/\/textundblog.de\/?p=3257","title":{"rendered":"La Brass Banda im Uebel &amp; Gef\u00e4hrlich"},"content":{"rendered":"<p>Das <em>La Brass Banda<\/em>-Konzert gestern Abend (heftigst beworben in meinem <a href=\"https:\/\/textundblog.de\/?p=3242\">Vorbericht<\/a>) war einfach nur gro\u00dfartig. Nachdem ich im M\u00e4rz bereits live erleben durfte, wie sie einen kleinen sibirischen Jazzkeller in <a href=\"https:\/\/textundblog.de\/?p=2818\">Nowosibirsk<\/a> mit bayrischer Tuba &#038; Trompete zum Gl\u00fchen brachten, waren auch die gesch\u00e4tzten 700 Leute im Hamburger Club <a href=\"http:\/\/www.uebelundgefaehrlich.com\/index.php?toggle=home&#038;id=984\">Uebel &#038; Gef\u00e4hrlich<\/a> schnell im bayrischen Bann.<br \/>\n<a href=\"http:\/\/www.flickr.com\/photos\/textundblog\/4100013415\/\"><br \/>\n<img data-recalc-dims=\"1\" loading=\"lazy\" decoding=\"async\" src=\"https:\/\/i0.wp.com\/textundblog.de\/wp-content\/treppeuebelgefaehrlich.jpg?resize=250%2C333&#038;ssl=1\" width=\"250\" height=\"333\" alt=\"Die Wendeltreppe hoch zum Uebel &#038; Gef\u00e4hrlich\" title=\"Die Wendeltreppe hoch zum Uebel &#038; Gef\u00e4hrlich\" class=\"bildrechts\"\/><\/a> Wer nicht den Aufzug mit Liftboy \u2013 einer Art St. Pauli-Variante des Hotel-Pagen Felix Krull \u2013 nahm, konnte schon beim Aufstieg \u00fcber die geniale Wendeltreppe erahnen, dass einen im vierten Stock des <a href=\"http:\/\/de.wikipedia.org\/wiki\/Hamburger_Flakt%C3%BCrme\">Betonbunkers<\/a> auf dem Heiligengeistfeld etwas ganz Spezielles erwarten w\u00fcrde.<br \/>\nUnd von der <del datetime=\"2009-11-13T13:21:21+00:00\">grausam schlechten<\/del> gew\u00f6hnungsbed\u00fcrftigen Vorband einmal abgesehen, war das ein h\u00f6chst gelungenes Konzert. Nicht nur ein integrierter Bayrisch-Kurs mit erfolgreicher Animation zum Mitsingen (der f\u00fcr Nordzungen keinesfalls leichten Texte), sondern auch ein herrlich respektloser Exkurs in verschiedenste Musikrichtungen, ohne Ber\u00fchrungs\u00e4ngste, im Gegenteil, mit musikalischer Ironie \u00fcber Gypsy Brass, Techno, Reggae bis hin zum Jazz.<\/p>\n<p>Ungef\u00e4hr so ging es gestern auch im <em>Uebel und Gef\u00e4hrlich<\/em> ab, hier auch sch\u00f6n zu sehen, wie die D\u00e4nen (und die anderen G\u00e4ste) auf dem <a href=\"http:\/\/de.wikipedia.org\/wiki\/Roskilde-Festival\">Roskilde-Festival<\/a> in D\u00e4nemark im Juni 2009 auf die f\u00fcnf Jungs aus bayern abgefahren sind:<\/p>\n<p><span class=\"video\"><object type=\"application\/x-shockwave-flash\" style=\"width:425px; height:344px\" data=\"http:\/\/www.youtube.com\/v\/cu75Ts6zNCw\"><param name=\"movie\" value=\"http:\/\/www.youtube.com\/v\/cu75Ts6zNCw\" \/><\/object> <br \/> <cite>Direktlink <a href=\"http:\/\/de.youtube.com\/watch?v=cu75Ts6zNCw\">YouTube<\/a><\/cite><\/span><\/p>\n<p>Heute ist auch in der taz ein guter Artikel erschienen, der die <a href=\"http:\/\/www.taz.de\/1\/archiv\/print-archiv\/printressorts\/digi-artikel\/?ressort=ku&#038;dig=2009%2F11%2F13%2Fa0113&#038;cHash=cfd4148021\">Chiemgauer Oberkrainer<\/a> gut vorstellt, und der allen, die bisher die Chance verpasst haben, <em>La Brass Banda<\/em> mal live zu erleben, deutlich machen d\u00fcrfte, dies schleunigst nachzuholen:<\/p>\n<blockquote><p>La Brass Banda spielen Tuba statt E-Gitarre, tragen Lederhosen statt Jeans, haben aber mit Volkst\u00fcmeleien nichts am Hut. Im Ausland werden sie als Popband rezipiert<\/p><\/blockquote>\n<p><a href=\"http:\/\/www.wordle.net\/show\/wrdl\/1331794\/La_Brass_Banda\"><img data-recalc-dims=\"1\" loading=\"lazy\" decoding=\"async\" src=\"https:\/\/i0.wp.com\/textundblog.de\/wp-content\/brassbandawordle.jpg?resize=500%2C287&#038;ssl=1\" width=\"500\" height=\"287\" alt=\"La Brass Banda \" title=\"La Brass Banda \u2013 Generiert aus taz-Artikel vom 13.11.09\" \/><\/a><br \/>\n<cite>(<a href=\"http:\/\/www.taz.de\/1\/archiv\/print-archiv\/printressorts\/digi-artikel\/?ressort=ku&#038;dig=2009%2F11%2F13%2Fa0113&#038;cHash=cfd4148021\">taz-Artikel<\/a> mit <a href=\"http:\/\/www.wordle.net\/show\/wrdl\/1331794\/La_Brass_Banda\">Wordle<\/a> visualisiert)<\/cite><\/p>\n<p>Die n\u00e4chste Gelegenheit <em>La Brass Banda<\/em> live zu sehen, bietet sich am 17. November in Liverpool. Und wo noch? Guckstdu <a href=\"http:\/\/www.myspace.com\/labrassbanda\">Tour-Daten<\/a>.<\/p>\n","protected":false},"excerpt":{"rendered":"<p>Das La Brass Banda-Konzert gestern Abend (heftigst beworben in meinem Vorbericht) war einfach nur gro\u00dfartig. Nachdem ich im M\u00e4rz bereits live erleben durfte, wie sie einen kleinen sibirischen Jazzkeller in Nowosibirsk mit bayrischer Tuba &#038; Trompete zum Gl\u00fchen brachten, waren auch die gesch\u00e4tzten 700 Leute im Hamburger Club Uebel &#038; Gef\u00e4hrlich schnell im bayrischen Bann. [&hellip;]<\/p>\n","protected":false},"author":1,"featured_media":0,"comment_status":"open","ping_status":"open","sticky":false,"template":"","format":"standard","meta":{"site-sidebar-layout":"default","site-content-layout":"","ast-site-content-layout":"default","site-content-style":"default","site-sidebar-style":"default","ast-global-header-display":"","ast-banner-title-visibility":"","ast-main-header-display":"","ast-hfb-above-header-display":"","ast-hfb-below-header-display":"","ast-hfb-mobile-header-display":"","site-post-title":"","ast-breadcrumbs-content":"","ast-featured-img":"","footer-sml-layout":"","theme-transparent-header-meta":"","adv-header-id-meta":"","stick-header-meta":"","header-above-stick-meta":"","header-main-stick-meta":"","header-below-stick-meta":"","astra-migrate-meta-layouts":"default","ast-page-background-enabled":"default","ast-page-background-meta":{"desktop":{"background-color":"var(--ast-global-color-4)","background-image":"","background-repeat":"repeat","background-position":"center center","background-size":"auto","background-attachment":"scroll","background-type":"","background-media":"","overlay-type":"","overlay-color":"","overlay-opacity":"","overlay-gradient":""},"tablet":{"background-color":"","background-image":"","background-repeat":"repeat","background-position":"center center","background-size":"auto","background-attachment":"scroll","background-type":"","background-media":"","overlay-type":"","overlay-color":"","overlay-opacity":"","overlay-gradient":""},"mobile":{"background-color":"","background-image":"","background-repeat":"repeat","background-position":"center center","background-size":"auto","background-attachment":"scroll","background-type":"","background-media":"","overlay-type":"","overlay-color":"","overlay-opacity":"","overlay-gradient":""}},"ast-content-background-meta":{"desktop":{"background-color":"var(--ast-global-color-5)","background-image":"","background-repeat":"repeat","background-position":"center center","background-size":"auto","background-attachment":"scroll","background-type":"","background-media":"","overlay-type":"","overlay-color":"","overlay-opacity":"","overlay-gradient":""},"tablet":{"background-color":"var(--ast-global-color-5)","background-image":"","background-repeat":"repeat","background-position":"center center","background-size":"auto","background-attachment":"scroll","background-type":"","background-media":"","overlay-type":"","overlay-color":"","overlay-opacity":"","overlay-gradient":""},"mobile":{"background-color":"var(--ast-global-color-5)","background-image":"","background-repeat":"repeat","background-position":"center center","background-size":"auto","background-attachment":"scroll","background-type":"","background-media":"","overlay-type":"","overlay-color":"","overlay-opacity":"","overlay-gradient":""}},"ngg_post_thumbnail":0,"jetpack_post_was_ever_published":false,"_jetpack_newsletter_access":"","_jetpack_dont_email_post_to_subs":false,"_jetpack_newsletter_tier_id":0,"_jetpack_memberships_contains_paywalled_content":false,"_jetpack_memberships_contains_paid_content":false,"footnotes":""},"categories":[15,7],"tags":[],"class_list":["post-3257","post","type-post","status-publish","format-standard","hentry","category-hamburg","category-musik"],"jetpack_featured_media_url":"","jetpack_sharing_enabled":true,"jetpack_shortlink":"https:\/\/wp.me\/p4uzZ-Qx","jetpack-related-posts":[{"id":3242,"url":"https:\/\/textundblog.de\/?p=3242","url_meta":{"origin":3257,"position":0},"title":"La Brass Banda in Hamburg","author":"Markus","date":"7\/11\/2009","format":false,"excerpt":"Foto: labrassbanda.com La Brass Banda ist eine gro\u00dfartige Band aus Bayern, die ich im M\u00e4rz bei meinem Kulturtrip nach Sibirien im Rahmen von sibSTANCIJA_09 kennen lernen durfte. Seither sag ich allen: Wenn Ihr die mal live sehen k\u00f6nnt, macht das. Nicht abschrecken lassen von der bayrischen Folklore, f\u00fcr die man\u2026","rel":"","context":"In &quot;Internet&quot;","block_context":{"text":"Internet","link":"https:\/\/textundblog.de\/?cat=4"},"img":{"alt_text":"La Brass Banda - Foto: labrassbanda.com","src":"https:\/\/i0.wp.com\/textundblog.de\/wp-content\/labrassbanda-foto.jpg?resize=350%2C200&ssl=1","width":350,"height":200},"classes":[]},{"id":5387,"url":"https:\/\/textundblog.de\/?p=5387","url_meta":{"origin":3257,"position":1},"title":"Besser &#8218;La Brass Banda&#8216; mit &#8218;Nackert'(-en F\u00fc\u00dfen) beim ESC in Malm\u00f6","author":"Markus","date":"19\/5\/2013","format":false,"excerpt":"http:\/\/youtu.be\/oXEwDtTSBqE Nat\u00fcrlich h\u00e4tten auch meine sibirischen FreundeDer Ausdruck \"sibirische Freunde\" bezieht sich darauf, dass ich die Band und die einzelnen Bandmitglieder vor 4 Jahren in Nowosibirsk kennen gelernt habe. von \u00abLa Brass Banda\u00bb gegen den ebenfalls barfu\u00df vorgetragenen d\u00e4nischen Ohrwurm \u00abOnly Teardrops\u00bb von der bezaubernden Emmelie de Forest gestern Abend\u2026","rel":"","context":"In &quot;Musik&quot;","block_context":{"text":"Musik","link":"https:\/\/textundblog.de\/?cat=7"},"img":{"alt_text":"","src":"https:\/\/i0.wp.com\/img.youtube.com\/vi\/oXEwDtTSBqE\/0.jpg?resize=350%2C200","width":350,"height":200},"classes":[]},{"id":2856,"url":"https:\/\/textundblog.de\/?p=2856","url_meta":{"origin":3257,"position":2},"title":"Cat Power mit Werewolf im neuen Almod\u00f3var","author":"Markus","date":"23\/3\/2009","format":false,"excerpt":"Wer hier schon l\u00e4nger mitliest, wei\u00df, dass ich die Musik von Cat Power gerne mag (ich war letztes Jahr auf dem Konzert in Hamburg) und dass ich eine besondere Beziehung zum Kino von Pedro Almod\u00f3var habe (den Maestro hab ich schon zwei mal pers\u00f6nlich getroffen und meine Magisterarbeit \u00fcber sein\u2026","rel":"","context":"In &quot;Kino&quot;","block_context":{"text":"Kino","link":"https:\/\/textundblog.de\/?cat=2"},"img":{"alt_text":"","src":"","width":0,"height":0},"classes":[]},{"id":3099,"url":"https:\/\/textundblog.de\/?p=3099","url_meta":{"origin":3257,"position":3},"title":"Vom zeitgem\u00e4\u00dfen und f\u00fcr die K\u00fcnstler profitablen Umgang mit Urheberrechten","author":"Markus","date":"1\/8\/2009","format":false,"excerpt":"Es gibt immer wieder Menschen, die nicht verstehen k\u00f6nnen, wie K\u00fcnstler und sonstige Urheber davon leben sollen, wenn ihre Werke frei im Netz verf\u00fcgbar sind. Mit Beispielen wie diesen, die zugegeben ganz besonders herausragend sind, wird es vielleicht ein bisschen besser deutlich, wie das gehen kann: Direktlink YouTube F\u00fcr einen\u2026","rel":"","context":"In &quot;Musik&quot;","block_context":{"text":"Musik","link":"https:\/\/textundblog.de\/?cat=7"},"img":{"alt_text":"","src":"","width":0,"height":0},"classes":[]},{"id":919,"url":"https:\/\/textundblog.de\/?p=919","url_meta":{"origin":3257,"position":4},"title":"Blogtipps zum Welttag des Buches","author":"Markus","date":"23\/4\/2006","format":false,"excerpt":"Und dann gibt es da noch den Buch-Blogger, alias J\u00f6rg Petermann, diesmal auf deutsch, auch heute gestartet, einfach pers\u00f6nlich. Sehr sch\u00f6n, der Feed ist schon abonniert.","rel":"","context":"In &quot;Literatur&quot;","block_context":{"text":"Literatur","link":"https:\/\/textundblog.de\/?cat=11"},"img":{"alt_text":"la tormenta en un vaso","src":"https:\/\/i0.wp.com\/www.textundblog.de\/wp-content\/tormentaenunvaso.jpg?resize=350%2C200","width":350,"height":200},"classes":[]},{"id":1344,"url":"https:\/\/textundblog.de\/?p=1344","url_meta":{"origin":3257,"position":5},"title":"Podcasts von Radio Nacional de Espa\u00f1a","author":"Markus","date":"11\/12\/2006","format":false,"excerpt":"Das spanische staatliche Radio, Radio Nacional de Espa\u00f1a, entdeckt die Podcasts und bietet seit Neuestem seinen H\u00f6rern verschiedene Podcast-Feeds zu den Sendern RN1, RN3, RN5 und Radio Exterior de Espa\u00f1a an. Im Prinzip sind solche Podcasts ja nichts anderes als Radio \u00fcber das Internet. Aber durch die M\u00f6glichkeit zu bestimmten\u2026","rel":"","context":"In &quot;Radio&quot;","block_context":{"text":"Radio","link":"https:\/\/textundblog.de\/?cat=19"},"img":{"alt_text":"Podcast Radio Nacional de Espa\u00f1a","src":".\/wp-content\/rnepodcast.jpg","width":350,"height":200},"classes":[]}],"_links":{"self":[{"href":"https:\/\/textundblog.de\/index.php?rest_route=\/wp\/v2\/posts\/3257","targetHints":{"allow":["GET"]}}],"collection":[{"href":"https:\/\/textundblog.de\/index.php?rest_route=\/wp\/v2\/posts"}],"about":[{"href":"https:\/\/textundblog.de\/index.php?rest_route=\/wp\/v2\/types\/post"}],"author":[{"embeddable":true,"href":"https:\/\/textundblog.de\/index.php?rest_route=\/wp\/v2\/users\/1"}],"replies":[{"embeddable":true,"href":"https:\/\/textundblog.de\/index.php?rest_route=%2Fwp%2Fv2%2Fcomments&post=3257"}],"version-history":[{"count":0,"href":"https:\/\/textundblog.de\/index.php?rest_route=\/wp\/v2\/posts\/3257\/revisions"}],"wp:attachment":[{"href":"https:\/\/textundblog.de\/index.php?rest_route=%2Fwp%2Fv2%2Fmedia&parent=3257"}],"wp:term":[{"taxonomy":"category","embeddable":true,"href":"https:\/\/textundblog.de\/index.php?rest_route=%2Fwp%2Fv2%2Fcategories&post=3257"},{"taxonomy":"post_tag","embeddable":true,"href":"https:\/\/textundblog.de\/index.php?rest_route=%2Fwp%2Fv2%2Ftags&post=3257"}],"curies":[{"name":"wp","href":"https:\/\/api.w.org\/{rel}","templated":true}]}}