{"id":3211,"date":"2009-10-23T00:50:47","date_gmt":"2009-10-22T22:50:47","guid":{"rendered":"http:\/\/textundblog.de\/?p=3211"},"modified":"2009-10-23T09:45:04","modified_gmt":"2009-10-23T07:45:04","slug":"forever-%e2%80%93-der-friedhof-pere-lachaise","status":"publish","type":"post","link":"https:\/\/textundblog.de\/?p=3211","title":{"rendered":"Forever \u2013 Der Friedhof P\u00e8re Lachaise"},"content":{"rendered":"<p>Jetzt lief heute Abend auf arte dieser gro\u00dfartige Dokumentarfilm, der mich 2006 auf dem Filmfestival von San Sebasti\u00e1n so beeindruckt hat, und ich hab ihn verpasst. Gut, dass es die <a href=\"http:\/\/plus7.arte.tv\/de\/1698106,templateId=noncache.html?go.x=0&#038;go.y=0&#038;search=forever\">arte-Mediathek<\/a> gibt und dass der bewegende Film der Holl\u00e4nderin Heddy Honigmann am 6. November um 9:55 Uhr nochmal wiederholt wird: <a href=\"http:\/\/www.arte.tv\/de\/woche\/244,broadcastingNum=1031261,day=6,week=43,year=2009.html\">Forever \u2013 Der Friedhof P\u00e8re Lachaise<\/a>.<\/p>\n<p><span class=\"video\"><object type=\"application\/x-shockwave-flash\" style=\"width:425px; height:344px\" data=\"http:\/\/www.youtube.com\/v\/l0w74gc4NGc\"><param name=\"movie\" value=\"http:\/\/www.youtube.com\/v\/l0w74gc4NGc\" \/><\/object> <br \/> <cite>Direktlink <a href=\"http:\/\/de.youtube.com\/watch?v=l0w74gc4NGc\">YouTube<\/a><\/cite><\/span><\/p>\n<blockquote><p>\n&#8222;Forever&#8220; ist ein Film \u00fcber die Kraft und die Lebendigkeit der Kunst, \u00fcber einen Ort, wo die Liebe und der Tod sich die Hand reichen, wo die Sch\u00f6nheit alles \u00fcberlebt: der Friedhof P\u00e8re Lachaise in Paris.<\/p><\/blockquote>\n<p>Jedes Mal, wenn ich das Lied <a href=\"https:\/\/textundblog.de\/?p=2881\">De la main gauche<\/a> von Daniele Messia h\u00f6re, die auch dort begraben liegt, bekomme ich eine G\u00e4nsehaut.<\/p>\n","protected":false},"excerpt":{"rendered":"<p>Jetzt lief heute Abend auf arte dieser gro\u00dfartige Dokumentarfilm, der mich 2006 auf dem Filmfestival von San Sebasti\u00e1n so beeindruckt hat, und ich hab ihn verpasst. Gut, dass es die arte-Mediathek gibt und dass der bewegende Film der Holl\u00e4nderin Heddy Honigmann am 6. November um 9:55 Uhr nochmal wiederholt wird: Forever \u2013 Der Friedhof P\u00e8re [&hellip;]<\/p>\n","protected":false},"author":1,"featured_media":0,"comment_status":"open","ping_status":"open","sticky":false,"template":"","format":"standard","meta":{"site-sidebar-layout":"default","site-content-layout":"","ast-site-content-layout":"default","site-content-style":"default","site-sidebar-style":"default","ast-global-header-display":"","ast-banner-title-visibility":"","ast-main-header-display":"","ast-hfb-above-header-display":"","ast-hfb-below-header-display":"","ast-hfb-mobile-header-display":"","site-post-title":"","ast-breadcrumbs-content":"","ast-featured-img":"","footer-sml-layout":"","theme-transparent-header-meta":"","adv-header-id-meta":"","stick-header-meta":"","header-above-stick-meta":"","header-main-stick-meta":"","header-below-stick-meta":"","astra-migrate-meta-layouts":"default","ast-page-background-enabled":"default","ast-page-background-meta":{"desktop":{"background-color":"var(--ast-global-color-4)","background-image":"","background-repeat":"repeat","background-position":"center center","background-size":"auto","background-attachment":"scroll","background-type":"","background-media":"","overlay-type":"","overlay-color":"","overlay-opacity":"","overlay-gradient":""},"tablet":{"background-color":"","background-image":"","background-repeat":"repeat","background-position":"center center","background-size":"auto","background-attachment":"scroll","background-type":"","background-media":"","overlay-type":"","overlay-color":"","overlay-opacity":"","overlay-gradient":""},"mobile":{"background-color":"","background-image":"","background-repeat":"repeat","background-position":"center center","background-size":"auto","background-attachment":"scroll","background-type":"","background-media":"","overlay-type":"","overlay-color":"","overlay-opacity":"","overlay-gradient":""}},"ast-content-background-meta":{"desktop":{"background-color":"var(--ast-global-color-5)","background-image":"","background-repeat":"repeat","background-position":"center center","background-size":"auto","background-attachment":"scroll","background-type":"","background-media":"","overlay-type":"","overlay-color":"","overlay-opacity":"","overlay-gradient":""},"tablet":{"background-color":"var(--ast-global-color-5)","background-image":"","background-repeat":"repeat","background-position":"center center","background-size":"auto","background-attachment":"scroll","background-type":"","background-media":"","overlay-type":"","overlay-color":"","overlay-opacity":"","overlay-gradient":""},"mobile":{"background-color":"var(--ast-global-color-5)","background-image":"","background-repeat":"repeat","background-position":"center center","background-size":"auto","background-attachment":"scroll","background-type":"","background-media":"","overlay-type":"","overlay-color":"","overlay-opacity":"","overlay-gradient":""}},"ngg_post_thumbnail":0,"jetpack_post_was_ever_published":false,"_jetpack_newsletter_access":"","_jetpack_dont_email_post_to_subs":false,"_jetpack_newsletter_tier_id":0,"_jetpack_memberships_contains_paywalled_content":false,"_jetpack_memberships_contains_paid_content":false,"footnotes":""},"categories":[2,3,18],"tags":[],"class_list":["post-3211","post","type-post","status-publish","format-standard","hentry","category-kino","category-tv","category-video"],"jetpack_featured_media_url":"","jetpack_sharing_enabled":true,"jetpack_shortlink":"https:\/\/wp.me\/p4uzZ-PN","jetpack-related-posts":[{"id":2881,"url":"https:\/\/textundblog.de\/?p=2881","url_meta":{"origin":3211,"position":0},"title":"Danielle Messia: De la main gauche","author":"Markus","date":"5\/4\/2009","format":false,"excerpt":"Auf das Lied \u00abDe la main gauche\u00bb von Danielle Messia bin ich mal gesto\u00dfen, als ich den Dokumentarfilm Forever (Update 22.10.09: Forever wurde heute auf arte gezeigt) \u00fcber den Pariser Friedhof P\u00e8re Lachaise und das Schicksal der dort begrabenen Menschen gesehen habe. Danielle Messia, 1985 29-j\u00e4hrig an Leuk\u00e4mie gestorben, liegt\u2026","rel":"","context":"In &quot;Musik&quot;","block_context":{"text":"Musik","link":"https:\/\/textundblog.de\/?cat=7"},"img":{"alt_text":"","src":"","width":0,"height":0},"classes":[]},{"id":3308,"url":"https:\/\/textundblog.de\/?p=3308","url_meta":{"origin":3211,"position":1},"title":"James Camerons 3D-Epos Avatar","author":"Markus","date":"14\/12\/2009","format":false,"excerpt":"Direktlink YouTube Wei\u00df noch nicht so recht, was ich von dem Film halten soll. Die Lobeshymnen sind ja allerorten zu lesen. Ab Donnerstag ist er auch in Deutschland zu sehen. In dazu ausgestatteten Kinos auch als 3D. Joshua Davis schreibt auf Wired, warum Cameron so lange, sprich f\u00fcnf (!) Jahre,\u2026","rel":"","context":"In &quot;Artikel&quot;","block_context":{"text":"Artikel","link":"https:\/\/textundblog.de\/?cat=5"},"img":{"alt_text":"","src":"","width":0,"height":0},"classes":[]},{"id":5058,"url":"https:\/\/textundblog.de\/?p=5058","url_meta":{"origin":3211,"position":2},"title":"Sigur R\u00f3s: \u00abFj\u00f6gur p\u00edan\u00f3\u00bb \u2013 Am Anfang war der Teig","author":"Markus","date":"18\/10\/2012","format":false,"excerpt":"Sigur R\u00f3s: Fj\u00f6gur P\u00edan\u00f3 from Sigur R\u00f3s Valtari Mystery Films on Vimeo. Es gibt Musik, auf die man nicht \u2013 oder nur sehr schwer \u2013 tanzen kann, die aber trotzdem gro\u00dfartig ist. Sigur R\u00f3s geh\u00f6rt f\u00fcr mich dazu. Besonders schwer stelle ich mir die tanzende Bewegung auf diesen Song vor.\u2026","rel":"","context":"In &quot;Musik&quot;","block_context":{"text":"Musik","link":"https:\/\/textundblog.de\/?cat=7"},"img":{"alt_text":"Sigur R\u00f3s: \u00abFj\u00f6gur p\u00edan\u00f3\u00bb","src":"https:\/\/i0.wp.com\/textundblog.de\/wp-content\/sigurros-still.jpg?resize=350%2C200&ssl=1","width":350,"height":200},"classes":[]},{"id":3099,"url":"https:\/\/textundblog.de\/?p=3099","url_meta":{"origin":3211,"position":3},"title":"Vom zeitgem\u00e4\u00dfen und f\u00fcr die K\u00fcnstler profitablen Umgang mit Urheberrechten","author":"Markus","date":"1\/8\/2009","format":false,"excerpt":"Es gibt immer wieder Menschen, die nicht verstehen k\u00f6nnen, wie K\u00fcnstler und sonstige Urheber davon leben sollen, wenn ihre Werke frei im Netz verf\u00fcgbar sind. Mit Beispielen wie diesen, die zugegeben ganz besonders herausragend sind, wird es vielleicht ein bisschen besser deutlich, wie das gehen kann: Direktlink YouTube F\u00fcr einen\u2026","rel":"","context":"In &quot;Musik&quot;","block_context":{"text":"Musik","link":"https:\/\/textundblog.de\/?cat=7"},"img":{"alt_text":"","src":"","width":0,"height":0},"classes":[]},{"id":2150,"url":"https:\/\/textundblog.de\/?p=2150","url_meta":{"origin":3211,"position":4},"title":"Amerikas gr\u00f6\u00dfter Friedhof: Cementerio Crist\u00f3bal Col\u00f3n","author":"Markus","date":"2\/5\/2008","format":false,"excerpt":"(M\u00e1s fotos en Sevenload, tambi\u00e9n como Slideshow) Die Eindr\u00fccke aus Kuba sind so mannigfaltig, das l\u00e4sst sich gar nicht alles in einen Artikel packen. Ich werde das folglich aufteilen, und beginne - leicht zeitverz\u00f6gert, da ich arbeitstechnisch direkt nach R\u00fcckkehr aus Kuba stark eingebunden war - mit dem gr\u00f6\u00dften Friedhof\u2026","rel":"","context":"In &quot;Foto&quot;","block_context":{"text":"Foto","link":"https:\/\/textundblog.de\/?cat=10"},"img":{"alt_text":"Friedhof Crist\u00f3bal Col\u00f3n in Havanna","src":"https:\/\/i0.wp.com\/textundblog.de\/wp-content\/cementeriocristobalcolon.jpg?resize=350%2C200&ssl=1","width":350,"height":200},"classes":[]},{"id":253,"url":"https:\/\/textundblog.de\/?p=253","url_meta":{"origin":3211,"position":5},"title":"Digitale Delikatessen","author":"Markus","date":"2\/3\/2005","format":false,"excerpt":"Foto aus dem bulgarischen Film \"Georgi and the Butterflies\" Digitale Delicatessen ist der Titel des telepolis-Artikels von Helmut Merschmann \u00fcber das heute mit dem d\u00e4nischen Film \"The Swenkas\" startende Prestigeprojekt des digitalen Kinos, der \"European DocuZone\". Wirft man einen Blick in die wohl nicht mehr ferne Zukunft des Kinos, dann\u2026","rel":"","context":"In &quot;Kino&quot;","block_context":{"text":"Kino","link":"https:\/\/textundblog.de\/?cat=2"},"img":{"alt_text":"Georgi and the Butterflies","src":".\/wp-content\/digitaledelikatessen.jpg","width":350,"height":200},"classes":[]}],"_links":{"self":[{"href":"https:\/\/textundblog.de\/index.php?rest_route=\/wp\/v2\/posts\/3211","targetHints":{"allow":["GET"]}}],"collection":[{"href":"https:\/\/textundblog.de\/index.php?rest_route=\/wp\/v2\/posts"}],"about":[{"href":"https:\/\/textundblog.de\/index.php?rest_route=\/wp\/v2\/types\/post"}],"author":[{"embeddable":true,"href":"https:\/\/textundblog.de\/index.php?rest_route=\/wp\/v2\/users\/1"}],"replies":[{"embeddable":true,"href":"https:\/\/textundblog.de\/index.php?rest_route=%2Fwp%2Fv2%2Fcomments&post=3211"}],"version-history":[{"count":0,"href":"https:\/\/textundblog.de\/index.php?rest_route=\/wp\/v2\/posts\/3211\/revisions"}],"wp:attachment":[{"href":"https:\/\/textundblog.de\/index.php?rest_route=%2Fwp%2Fv2%2Fmedia&parent=3211"}],"wp:term":[{"taxonomy":"category","embeddable":true,"href":"https:\/\/textundblog.de\/index.php?rest_route=%2Fwp%2Fv2%2Fcategories&post=3211"},{"taxonomy":"post_tag","embeddable":true,"href":"https:\/\/textundblog.de\/index.php?rest_route=%2Fwp%2Fv2%2Ftags&post=3211"}],"curies":[{"name":"wp","href":"https:\/\/api.w.org\/{rel}","templated":true}]}}