{"id":2982,"date":"2009-05-21T14:27:56","date_gmt":"2009-05-21T12:27:56","guid":{"rendered":"http:\/\/textundblog.de\/?p=2982"},"modified":"2009-05-23T13:53:28","modified_gmt":"2009-05-23T11:53:28","slug":"david-lynch-interview-project","status":"publish","type":"post","link":"https:\/\/textundblog.de\/?p=2982","title":{"rendered":"David Lynch: Interview Project"},"content":{"rendered":"<p>Ich denke, darauf wird man sich freuen d\u00fcrfen: <a href=\"http:\/\/de.wikipedia.org\/wiki\/David_Lynch\">David Lynch<\/a> stellt in dieser Vorschau sein <a href=\"http:\/\/interviewproject.davidlynch.com\/\">Interview Project<\/a> vor:<\/p>\n<p><span class=\"video\"><object type=\"application\/x-shockwave-flash\" style=\"width:425px; height:344px\" data=\"http:\/\/www.youtube.com\/v\/6VkFNH13E54&#038;ap=%2526fmt%3D18\"><param name=\"movie\" value=\"http:\/\/www.youtube.com\/v\/6VkFNH13E54&#038;ap=%2526fmt%3D18\" \/><\/object> <br \/> <cite>Direktlink <a href=\"http:\/\/de.youtube.com\/watch?v=6VkFNH13E54\">YouTube<\/a><\/cite><\/span><\/p>\n<p>Eine Interview-Road-Doku: Auf 20.000 Meilen in 60 Tagen quer durch die USA aufgenommene pers\u00f6nliche Portr\u00e4ts. Nat\u00fcrlich denkt jeder Lynch-Fan dabei an den wunderbaren Film &laquo;<a href=\"http:\/\/de.wikipedia.org\/wiki\/Eine_wahre_Geschichte_%E2%80%93_The_Straight_Story\">Eine wahre Geschichte &#8211; The Straight Story<\/a>&raquo;.<\/p>\n<p>Wir d\u00fcrfen gespannt sein. Ab 1. Juni 2009 ist es soweit: auf der Seite <a href=\"http:\/\/interviewproject.davidlynch.com\/\">interviewproject.davidlynch.com<\/a> wird ca. alle drei Tage eine neue Episode vorgestellt werden. Insgesamt sind es 121 kurze Filme, die jeweils einen Menschen zu Wort kommen lassen. Der erz\u00e4hlt dann was aus seinem Leben, von seinem Ort, von seinen Tr\u00e4umen. Zum Team geh\u00f6rt auch Lynchs Sohn Austin, der offenbar die Idee zu dem Projekt hatte: <!--more--><\/p>\n<blockquote><p>It\u2019s that simple. Creators Austin Lynch (Lynch\u2019s son) and Jason S. (last name is being held a secret) came up with the idea while sitting at the kitchen table. \u201cThe thought of driving around the country and meeting people along the way is what excited us.<\/p><\/blockquote>\n<p>Weiter im Artikel <a href=\"http:\/\/news.tubefilter.tv\/2009\/05\/20\/david-lynchs-year-long-interview-project-doc-series-starts-june-1\/\">David Lynch\u2019s Year-Long \u2018Interview Project\u2019 Doc Series Starts June 1<\/a> auf tubefilter.<\/p>\n<p>Wie so eine Episode aussehen kann, zeigt diese mit dem 62-j\u00e4hrigen Sean Freebourn aus Lynchs Geburtsort Missoula\/Montana (via <a href=\"http:\/\/hollywoodinsider.ew.com\/2009\/05\/david-lynch-pre.html\">EW.com<\/a>):<\/p>\n<p><object id=\"flashObj\" width=\"486\" height=\"412\" classid=\"clsid:D27CDB6E-AE6D-11cf-96B8-444553540000\" codebase=\"http:\/\/download.macromedia.com\/pub\/shockwave\/cabs\/flash\/swflash.cab#version=9,0,47,0\"><param name=\"movie\" value=\"http:\/\/c.brightcove.com\/services\/viewer\/federated_f9\/3737074001?isVid=1&#038;publisherID=219646971\" \/><param name=\"bgcolor\" value=\"#FFFFFF\" \/><param name=\"flashVars\" value=\"@videoPlayer=23165842001&#038;playerID=3737074001&#038;domain=embed&#038;\" \/><param name=\"base\" value=\"http:\/\/admin.brightcove.com\" \/><param name=\"seamlesstabbing\" value=\"false\" \/><param name=\"allowFullScreen\" value=\"true\" \/><param name=\"swLiveConnect\" value=\"true\" \/><param name=\"allowScriptAccess\" value=\"always\" \/><\/object><\/p>\n<p>[via <a href=\"http:\/\/twitter.com\/gerdbrunzema\/status\/1870087830\">Gerd Brunzema<\/a>]<\/p>\n","protected":false},"excerpt":{"rendered":"<p>Ich denke, darauf wird man sich freuen d\u00fcrfen: David Lynch stellt in dieser Vorschau sein Interview Project vor: Direktlink YouTube Eine Interview-Road-Doku: Auf 20.000 Meilen in 60 Tagen quer durch die USA aufgenommene pers\u00f6nliche Portr\u00e4ts. Nat\u00fcrlich denkt jeder Lynch-Fan dabei an den wunderbaren Film &laquo;Eine wahre Geschichte &#8211; The Straight Story&raquo;. Wir d\u00fcrfen gespannt sein. [&hellip;]<\/p>\n","protected":false},"author":1,"featured_media":0,"comment_status":"open","ping_status":"open","sticky":false,"template":"","format":"standard","meta":{"site-sidebar-layout":"default","site-content-layout":"","ast-site-content-layout":"default","site-content-style":"default","site-sidebar-style":"default","ast-global-header-display":"","ast-banner-title-visibility":"","ast-main-header-display":"","ast-hfb-above-header-display":"","ast-hfb-below-header-display":"","ast-hfb-mobile-header-display":"","site-post-title":"","ast-breadcrumbs-content":"","ast-featured-img":"","footer-sml-layout":"","theme-transparent-header-meta":"","adv-header-id-meta":"","stick-header-meta":"","header-above-stick-meta":"","header-main-stick-meta":"","header-below-stick-meta":"","astra-migrate-meta-layouts":"default","ast-page-background-enabled":"default","ast-page-background-meta":{"desktop":{"background-color":"var(--ast-global-color-4)","background-image":"","background-repeat":"repeat","background-position":"center center","background-size":"auto","background-attachment":"scroll","background-type":"","background-media":"","overlay-type":"","overlay-color":"","overlay-opacity":"","overlay-gradient":""},"tablet":{"background-color":"","background-image":"","background-repeat":"repeat","background-position":"center center","background-size":"auto","background-attachment":"scroll","background-type":"","background-media":"","overlay-type":"","overlay-color":"","overlay-opacity":"","overlay-gradient":""},"mobile":{"background-color":"","background-image":"","background-repeat":"repeat","background-position":"center center","background-size":"auto","background-attachment":"scroll","background-type":"","background-media":"","overlay-type":"","overlay-color":"","overlay-opacity":"","overlay-gradient":""}},"ast-content-background-meta":{"desktop":{"background-color":"var(--ast-global-color-5)","background-image":"","background-repeat":"repeat","background-position":"center center","background-size":"auto","background-attachment":"scroll","background-type":"","background-media":"","overlay-type":"","overlay-color":"","overlay-opacity":"","overlay-gradient":""},"tablet":{"background-color":"var(--ast-global-color-5)","background-image":"","background-repeat":"repeat","background-position":"center center","background-size":"auto","background-attachment":"scroll","background-type":"","background-media":"","overlay-type":"","overlay-color":"","overlay-opacity":"","overlay-gradient":""},"mobile":{"background-color":"var(--ast-global-color-5)","background-image":"","background-repeat":"repeat","background-position":"center center","background-size":"auto","background-attachment":"scroll","background-type":"","background-media":"","overlay-type":"","overlay-color":"","overlay-opacity":"","overlay-gradient":""}},"ngg_post_thumbnail":0,"jetpack_post_was_ever_published":false,"_jetpack_newsletter_access":"","_jetpack_dont_email_post_to_subs":false,"_jetpack_newsletter_tier_id":0,"_jetpack_memberships_contains_paywalled_content":false,"_jetpack_memberships_contains_paid_content":false,"footnotes":""},"categories":[4,18],"tags":[],"class_list":["post-2982","post","type-post","status-publish","format-standard","hentry","category-internet","category-video"],"jetpack_featured_media_url":"","jetpack_sharing_enabled":true,"jetpack_shortlink":"https:\/\/wp.me\/p4uzZ-M6","jetpack-related-posts":[{"id":4081,"url":"https:\/\/textundblog.de\/?p=4081","url_meta":{"origin":2982,"position":0},"title":"Nach 20 Jahren wieder im TV: arte zeigt Twin Peaks","author":"Markus","date":"19\/4\/2011","format":false,"excerpt":"Direktlink YouTube Eine seltsam hohl klingende Musik, ein Vogel auf einem Ast, \u201eWillkommen in Twin Peaks\u201c, der amerikanischen Kleinstadt in den Rocky Mountains: eine zeitlose Welt, in der die Vernunft ins Wanken ger\u00e4t, Komik und Horror verschmelzen, und das B\u00f6se lauert hinterm Sofa. Angesichts der gegenw\u00e4rtigen Lobges\u00e4nge auf das kreative\u2026","rel":"","context":"In &quot;TV&quot;","block_context":{"text":"TV","link":"https:\/\/textundblog.de\/?cat=3"},"img":{"alt_text":"Twin Peaks","src":"https:\/\/i0.wp.com\/textundblog.de\/wp-content\/twinpeaks.jpg?resize=350%2C200&ssl=1","width":350,"height":200},"classes":[]},{"id":4470,"url":"https:\/\/textundblog.de\/?p=4470","url_meta":{"origin":2982,"position":1},"title":"Dick laurent is dead feat. FINK: Colour in your hands","author":"Markus","date":"2\/1\/2012","format":false,"excerpt":"Zum Jahresauftakt ein wunderbares Schwarz-Wei\u00df-Video (Regie: Nicolas Andr\u00e9) mit wohltuend unspektakul\u00e4ren Aufnahmen und einem ins Ohr gehenden Song. Jean-Baptiste Casini ist ein 1980 in Toulouse geborener Musiker, der unter dem Pseudonym \"Dick laurent is dead\" unterwegs ist. Wenn ihr euch nun fragt, warum um alles in der Welt l\u00e4uft einer\u2026","rel":"","context":"In &quot;Musik&quot;","block_context":{"text":"Musik","link":"https:\/\/textundblog.de\/?cat=7"},"img":{"alt_text":"","src":"","width":0,"height":0},"classes":[]},{"id":1123,"url":"https:\/\/textundblog.de\/?p=1123","url_meta":{"origin":2982,"position":2},"title":"15 Jahre WorldWideWeb","author":"Markus","date":"5\/8\/2006","format":false,"excerpt":"Foto: LeoL30 Morgen ist es 15 Jahre her: www-Begr\u00fcnder Tim Berners-Lee schrieb am 6. August 1991 in der Usenet-Group alt.hypertext: I promised to post a short summary of the WorldWideWeb project. Mail me with any queries. WorldWideWeb - Executive Summary The WWW project merges the techniques of information retrieval and\u2026","rel":"","context":"In &quot;Artikel&quot;","block_context":{"text":"Artikel","link":"https:\/\/textundblog.de\/?cat=5"},"img":{"alt_text":"15","src":"https:\/\/i0.wp.com\/www.textundblog.de\/wp-content\/15.jpg?resize=350%2C200","width":350,"height":200},"classes":[]},{"id":10913,"url":"https:\/\/textundblog.de\/?p=10913","url_meta":{"origin":2982,"position":3},"title":"Oligarch Musk baut seine Diskursmacht aus","author":"Markus Trapp","date":"5\/1\/2025","format":false,"excerpt":"Als Antwort auf Robert Habecks Hinweis auf das Spiegel-Interview mit ihm (\u00abFinger weg von unserer Demokratie, Herr Musk!\u00bb) fordert einer, Musk sollte seine Meinung sagen d\u00fcrfen. @mlewandowsky entgegnet zu Recht, dass es sich bei Musk nicht um freie Meinungs\u00e4u\u00dferung handelt, sondern um die Verzerrung des Diskurses zugungsten von Antidemokraten. Im\u2026","rel":"","context":"In &quot;Bluesky&quot;","block_context":{"text":"Bluesky","link":"https:\/\/textundblog.de\/?cat=33"},"img":{"alt_text":"","src":"https:\/\/i0.wp.com\/textundblog.de\/wp-content\/IMG_8153-150x150.png?resize=350%2C200&ssl=1","width":350,"height":200},"classes":[]},{"id":644,"url":"https:\/\/textundblog.de\/?p=644","url_meta":{"origin":2982,"position":4},"title":"Cylinder Preservation and Digitization Project","author":"Markus","date":"21\/11\/2005","format":false,"excerpt":"\u00dcber 5000 archivierte Tontr\u00e4ger bietet die University of California, Santa Barbara (USCB) zum Download als mp3 oder wav an: \u00abCylinder Preservation and Digitization Project\u00bb. Cylinder recordings, the first commercially produced sound recordings, are a snapshot of musical and popular culture in the decades around the turn of the 20th century.\u2026","rel":"","context":"In &quot;Musik&quot;","block_context":{"text":"Musik","link":"https:\/\/textundblog.de\/?cat=7"},"img":{"alt_text":"Phonograph","src":".\/wp-content\/phonograph.jpg","width":350,"height":200},"classes":[]},{"id":5555,"url":"https:\/\/textundblog.de\/?p=5555","url_meta":{"origin":2982,"position":5},"title":"Angriff auf den Guardian: Es gilt die Pressefreiheit zu verteidigen","author":"Markus","date":"20\/8\/2013","format":false,"excerpt":"Bin immer noch fassungslos ob der Geschehnisse am Sonntag im London. Erst das mehr als zweifelhafte Festhalten von David Miranda auf dem Flughafen Heathrow und dann die Aufforderung des britischen Geheimdienstes, der Guardian solle die Festplatten mit dem Recherche-Material zerst\u00f6ren, das sie von Snowden bekommen haben. Beides sind Einflussnahmen von\u2026","rel":"","context":"In &quot;Artikel&quot;","block_context":{"text":"Artikel","link":"https:\/\/textundblog.de\/?cat=5"},"img":{"alt_text":"","src":"https:\/\/i0.wp.com\/img.youtube.com\/vi\/BaJHypTRgZ8\/0.jpg?resize=350%2C200","width":350,"height":200},"classes":[]}],"_links":{"self":[{"href":"https:\/\/textundblog.de\/index.php?rest_route=\/wp\/v2\/posts\/2982","targetHints":{"allow":["GET"]}}],"collection":[{"href":"https:\/\/textundblog.de\/index.php?rest_route=\/wp\/v2\/posts"}],"about":[{"href":"https:\/\/textundblog.de\/index.php?rest_route=\/wp\/v2\/types\/post"}],"author":[{"embeddable":true,"href":"https:\/\/textundblog.de\/index.php?rest_route=\/wp\/v2\/users\/1"}],"replies":[{"embeddable":true,"href":"https:\/\/textundblog.de\/index.php?rest_route=%2Fwp%2Fv2%2Fcomments&post=2982"}],"version-history":[{"count":0,"href":"https:\/\/textundblog.de\/index.php?rest_route=\/wp\/v2\/posts\/2982\/revisions"}],"wp:attachment":[{"href":"https:\/\/textundblog.de\/index.php?rest_route=%2Fwp%2Fv2%2Fmedia&parent=2982"}],"wp:term":[{"taxonomy":"category","embeddable":true,"href":"https:\/\/textundblog.de\/index.php?rest_route=%2Fwp%2Fv2%2Fcategories&post=2982"},{"taxonomy":"post_tag","embeddable":true,"href":"https:\/\/textundblog.de\/index.php?rest_route=%2Fwp%2Fv2%2Ftags&post=2982"}],"curies":[{"name":"wp","href":"https:\/\/api.w.org\/{rel}","templated":true}]}}