{"id":2981,"date":"2009-05-21T13:08:43","date_gmt":"2009-05-21T11:08:43","guid":{"rendered":"http:\/\/textundblog.de\/?p=2981"},"modified":"2009-05-21T13:12:15","modified_gmt":"2009-05-21T11:12:15","slug":"zapp-zu-zensursula","status":"publish","type":"post","link":"https:\/\/textundblog.de\/?p=2981","title":{"rendered":"Zapp zu Zensursula"},"content":{"rendered":"<p>Sehr guter Beitrag in Zapp (NDR): <a href=\"http:\/\/www3.ndr.de\/sendungen\/zapp\/tv114.html?\">Politiker-Pl\u00e4ne: Heftige Proteste gegen Sperrungen im Internet<\/a>. Hoffentlich durchschauen nun immer mehr Menschen, wie unsinnig und geradezu sch\u00e4dlich die falsche und in meinen Augen sogar verlogene Kampagne des Familienministeriums ist:<\/p>\n<p><span class=\"video\"><object type=\"application\/x-shockwave-flash\" style=\"width:425px; height:355px\" data=\"http:\/\/www.youtube.com\/v\/evXQwqIBd04&#038;ap=%2526fmt%3D18\"><param name=\"movie\" value=\"http:\/\/www.youtube.com\/v\/evXQwqIBd04&#038;ap=%2526fmt%3D18\" \/><\/object> <br \/> <cite>Direktlink <a href=\"http:\/\/de.youtube.com\/watch?v=evXQwqIBd04\">YouTube<\/a><\/cite><\/span><\/p>\n<blockquote><p>Mit symboltr\u00e4chtigen Stoppschildern m\u00f6chte die Bundesregierung Kinderpornografie im Internet bek\u00e4mpfen. Gegen den Gesetzentwurf wird heftig protestiert &#8211; sogar von Missbrauchsopfern.<\/p><\/blockquote>\n<p>Es kommen zu Wort: Christian Bahls vom Verein MissbrauchsOpfer Gegen InternetSperren (<a href=\"http:\/\/mogis.wordpress.com\/\">Mogis<\/a>), die Einreicherin der Petition <a href=\"http:\/\/saschalobo.com\/2009\/05\/05\/interview-mit-franziska-heine-hauptpetentin-der-epetition-gegen-netzsperren\/\">Franziska Heine<\/a>, Professor <a href=\"http:\/\/de.wikipedia.org\/wiki\/Thomas_Hoeren\">Thomas Hoeren<\/a> (Informations- und Medienrecht) und <a href=\"http:\/\/www.br-online.de\/mittagsmagazin\/1704_Int.Bleich.shtml\">Holger Bleich<\/a> von der Computer-Zeitschrift c&#8217;t. Nat\u00fcrlich hatte die Redaktion auch eine Stellungnahme von Familienministerin Ursula von der Leyen angefragt, die diese jedoch verweigert hat.<\/p>\n<p>Die <a href=\"https:\/\/textundblog.de\/?p=2953\">hier<\/a> schon vorgestellte <a href=\"https:\/\/epetitionen.bundestag.de\/index.php?action=petition;sa=details;petition=3860\">Petition<\/a> (bisher \u00fcber 88.000 Teilnehmer) kann \u00fcbrigens immer noch gezeichnet werden.<\/p>\n<p>[via <a href=\"http:\/\/netzpolitik.org\/2009\/zapp-heftige-proteste-gegen-sperrungen-im-internet\/\">netzpolitik.org<\/a>]<\/p>\n","protected":false},"excerpt":{"rendered":"<p>Sehr guter Beitrag in Zapp (NDR): Politiker-Pl\u00e4ne: Heftige Proteste gegen Sperrungen im Internet. Hoffentlich durchschauen nun immer mehr Menschen, wie unsinnig und geradezu sch\u00e4dlich die falsche und in meinen Augen sogar verlogene Kampagne des Familienministeriums ist: Direktlink YouTube Mit symboltr\u00e4chtigen Stoppschildern m\u00f6chte die Bundesregierung Kinderpornografie im Internet bek\u00e4mpfen. Gegen den Gesetzentwurf wird heftig protestiert &#8211; [&hellip;]<\/p>\n","protected":false},"author":1,"featured_media":0,"comment_status":"open","ping_status":"open","sticky":false,"template":"","format":"standard","meta":{"site-sidebar-layout":"default","site-content-layout":"","ast-site-content-layout":"default","site-content-style":"default","site-sidebar-style":"default","ast-global-header-display":"","ast-banner-title-visibility":"","ast-main-header-display":"","ast-hfb-above-header-display":"","ast-hfb-below-header-display":"","ast-hfb-mobile-header-display":"","site-post-title":"","ast-breadcrumbs-content":"","ast-featured-img":"","footer-sml-layout":"","theme-transparent-header-meta":"","adv-header-id-meta":"","stick-header-meta":"","header-above-stick-meta":"","header-main-stick-meta":"","header-below-stick-meta":"","astra-migrate-meta-layouts":"default","ast-page-background-enabled":"default","ast-page-background-meta":{"desktop":{"background-color":"var(--ast-global-color-4)","background-image":"","background-repeat":"repeat","background-position":"center center","background-size":"auto","background-attachment":"scroll","background-type":"","background-media":"","overlay-type":"","overlay-color":"","overlay-opacity":"","overlay-gradient":""},"tablet":{"background-color":"","background-image":"","background-repeat":"repeat","background-position":"center center","background-size":"auto","background-attachment":"scroll","background-type":"","background-media":"","overlay-type":"","overlay-color":"","overlay-opacity":"","overlay-gradient":""},"mobile":{"background-color":"","background-image":"","background-repeat":"repeat","background-position":"center center","background-size":"auto","background-attachment":"scroll","background-type":"","background-media":"","overlay-type":"","overlay-color":"","overlay-opacity":"","overlay-gradient":""}},"ast-content-background-meta":{"desktop":{"background-color":"var(--ast-global-color-5)","background-image":"","background-repeat":"repeat","background-position":"center center","background-size":"auto","background-attachment":"scroll","background-type":"","background-media":"","overlay-type":"","overlay-color":"","overlay-opacity":"","overlay-gradient":""},"tablet":{"background-color":"var(--ast-global-color-5)","background-image":"","background-repeat":"repeat","background-position":"center center","background-size":"auto","background-attachment":"scroll","background-type":"","background-media":"","overlay-type":"","overlay-color":"","overlay-opacity":"","overlay-gradient":""},"mobile":{"background-color":"var(--ast-global-color-5)","background-image":"","background-repeat":"repeat","background-position":"center center","background-size":"auto","background-attachment":"scroll","background-type":"","background-media":"","overlay-type":"","overlay-color":"","overlay-opacity":"","overlay-gradient":""}},"ngg_post_thumbnail":0,"jetpack_post_was_ever_published":false,"_jetpack_newsletter_access":"","_jetpack_dont_email_post_to_subs":false,"_jetpack_newsletter_tier_id":0,"_jetpack_memberships_contains_paywalled_content":false,"_jetpack_memberships_contains_paid_content":false,"footnotes":""},"categories":[9,3],"tags":[],"class_list":["post-2981","post","type-post","status-publish","format-standard","hentry","category-politik","category-tv"],"jetpack_featured_media_url":"","jetpack_sharing_enabled":true,"jetpack_shortlink":"https:\/\/wp.me\/p4uzZ-M5","jetpack-related-posts":[{"id":2929,"url":"https:\/\/textundblog.de\/?p=2929","url_meta":{"origin":2981,"position":0},"title":"Sorgen um Webzensur &#8211; Wer stoppt Frau von der Leyen?","author":"Markus","date":"27\/4\/2009","format":false,"excerpt":"So langsam wird mir bei Diskussionen im Freundes- und Bekanntenkreis zum Thema Webzensur klar, dass sich eine Art digitale Informations-Schere \u00f6ffnet zwischen Personen, die sich weitestgehend in den herk\u00f6mmlichen Medien (Zeitung, TV) informieren und denen, die zus\u00e4tzlich auch das Internet als unabh\u00e4ngige Informationsquelle rekrutieren. Menschen, die ich bisher f\u00fcr kritisch\u2026","rel":"","context":"In &quot;Politik&quot;","block_context":{"text":"Politik","link":"https:\/\/textundblog.de\/?cat=9"},"img":{"alt_text":"Stop","src":"https:\/\/i0.wp.com\/textundblog.de\/wp-content\/stopschild.gif?resize=350%2C200&ssl=1","width":350,"height":200},"classes":[]},{"id":3731,"url":"https:\/\/textundblog.de\/?p=3731","url_meta":{"origin":2981,"position":1},"title":"Zapp zur Absurdit\u00e4t des Depublizierens","author":"Markus","date":"9\/9\/2010","format":false,"excerpt":"Direktlink YouTube Das Medienmagazin Zapp des NDR hat sich im Beitrag \u00abDas L\u00f6schen von Internet-Archiven\u00bb mit dem Missstand besch\u00e4ftigt, dass die \u00d6ffentlich-Rechtlichen Sender auf geradezu absurde Weise gezwungen wurde, den Gro\u00dfteil ihres Informationsangebotes im Netz zu l\u00f6schen. Markus Beckedahl von netzpolitik.org und Andere nehmen Stellung. Wie irrsinnig und mit rationalen\u2026","rel":"","context":"In &quot;Internet&quot;","block_context":{"text":"Internet","link":"https:\/\/textundblog.de\/?cat=4"},"img":{"alt_text":"","src":"","width":0,"height":0},"classes":[]},{"id":3031,"url":"https:\/\/textundblog.de\/?p=3031","url_meta":{"origin":2981,"position":2},"title":"Zensursula sei Dank: Bev\u00f6lkerung wehrt sich gegen Netzzensur","author":"Markus","date":"20\/6\/2009","format":false,"excerpt":"Die 389 Bundestagsabgeordneten von CDU und SPD, die am Donnerstag (wider besseres Wissen? oder gegen alle Vernunft? oder einfach nur schlecht vorbereitet?) dem Zugangserschwerungsgesetz zugestimmt haben, ahnen noch gar nicht, welche weitreichende Auswirkung dies auf die Politisierung der Bev\u00f6lkerung haben wird. Wer momentan im Netz unterwegs ist, sp\u00fcrt regelrecht, wie\u2026","rel":"","context":"In &quot;Politik&quot;","block_context":{"text":"Politik","link":"https:\/\/textundblog.de\/?cat=9"},"img":{"alt_text":"T-Shirt eines Teilnehmers der Hamburger Mahnwache: Zensursula","src":"https:\/\/i0.wp.com\/textundblog.de\/wp-content\/zensursula.jpg?resize=350%2C200&ssl=1","width":350,"height":200},"classes":[]},{"id":4309,"url":"https:\/\/textundblog.de\/?p=4309","url_meta":{"origin":2981,"position":3},"title":"Politiker und die Angst vor dem Internet","author":"Markus","date":"26\/8\/2011","format":false,"excerpt":"Wie verlogen Teile der Politik sind, und wie dreist etwa die Attentate in Norwegen zur Verfolgung eigener politischer Ziele missbraucht werden (siehe auch Nils Minkmar: Wahn und Sinn), zeigt sehr gut der ZAPP-Bericht \u00abPolitiker und die Angst vor dem Internet\u00bb. Unbedingt anschauen. Bei besonderem Interesse auch das interessante komplette Interview\u2026","rel":"","context":"In &quot;Politik&quot;","block_context":{"text":"Politik","link":"https:\/\/textundblog.de\/?cat=9"},"img":{"alt_text":"","src":"","width":0,"height":0},"classes":[]},{"id":5234,"url":"https:\/\/textundblog.de\/?p=5234","url_meta":{"origin":2981,"position":4},"title":"Abmahnfalle oder &#8218;Ein Mensch wie Dr. Michael Fuchs&#8216;","author":"Markus","date":"22\/1\/2013","format":false,"excerpt":"https:\/\/twitter.com\/textundblog\/status\/293835630914453504 Hintergrund meiner \u00dcberlegungen ist das Abmahnverhalten von Dr. Michael Fuchs. Nachzulesen sowohl in Telepolis: Ein Quantum Hakluyt (\"CDU-Fraktionsvize Michael Fuchs l\u00e4sst weiteren Kritiker abmahnen\"), als auch beim betroffenen Blogger, Markus Beckedahl von netzpolitik.org: Vor zwei Wochen berichtete Abgeordnetenwatch \u00fcber Nebeneink\u00fcnfte von Unions-Fraktionsvize Michael Fuchs. Gegen einen Aspekt der Berichterstattung\u2026","rel":"","context":"In &quot;Internet&quot;","block_context":{"text":"Internet","link":"https:\/\/textundblog.de\/?cat=4"},"img":{"alt_text":"","src":"https:\/\/i0.wp.com\/img.youtube.com\/vi\/RU3SH4_0ixY\/0.jpg?resize=350%2C200","width":350,"height":200},"classes":[]},{"id":2989,"url":"https:\/\/textundblog.de\/?p=2989","url_meta":{"origin":2981,"position":5},"title":"Text &amp; Blog jugendgef\u00e4hrdend?","author":"Markus","date":"25\/5\/2009","format":false,"excerpt":"Herr R|ob hat nicht nur ein sehr angenehmes und \u00e4u\u00dferst unterhaltsames Blog, das sich schon seit Langem einen Stammplatz in meinem Feedreader erobert hat und dessen beinahe t\u00e4gliche Aktualisierung meine Freude am Internet best\u00e4tigt, nein Herr R|ob ist manchmal auch investigativ im Internet unterwegs. Und heute musste er feststellen, dass\u2026","rel":"","context":"In &quot;Internet&quot;","block_context":{"text":"Internet","link":"https:\/\/textundblog.de\/?cat=4"},"img":{"alt_text":"","src":"","width":0,"height":0},"classes":[]}],"_links":{"self":[{"href":"https:\/\/textundblog.de\/index.php?rest_route=\/wp\/v2\/posts\/2981","targetHints":{"allow":["GET"]}}],"collection":[{"href":"https:\/\/textundblog.de\/index.php?rest_route=\/wp\/v2\/posts"}],"about":[{"href":"https:\/\/textundblog.de\/index.php?rest_route=\/wp\/v2\/types\/post"}],"author":[{"embeddable":true,"href":"https:\/\/textundblog.de\/index.php?rest_route=\/wp\/v2\/users\/1"}],"replies":[{"embeddable":true,"href":"https:\/\/textundblog.de\/index.php?rest_route=%2Fwp%2Fv2%2Fcomments&post=2981"}],"version-history":[{"count":0,"href":"https:\/\/textundblog.de\/index.php?rest_route=\/wp\/v2\/posts\/2981\/revisions"}],"wp:attachment":[{"href":"https:\/\/textundblog.de\/index.php?rest_route=%2Fwp%2Fv2%2Fmedia&parent=2981"}],"wp:term":[{"taxonomy":"category","embeddable":true,"href":"https:\/\/textundblog.de\/index.php?rest_route=%2Fwp%2Fv2%2Fcategories&post=2981"},{"taxonomy":"post_tag","embeddable":true,"href":"https:\/\/textundblog.de\/index.php?rest_route=%2Fwp%2Fv2%2Ftags&post=2981"}],"curies":[{"name":"wp","href":"https:\/\/api.w.org\/{rel}","templated":true}]}}