{"id":2971,"date":"2009-05-17T10:45:06","date_gmt":"2009-05-17T08:45:06","guid":{"rendered":"http:\/\/textundblog.de\/?p=2971"},"modified":"2009-05-18T08:06:09","modified_gmt":"2009-05-18T06:06:09","slug":"nnn-neueste-nationale-nachrichten-npd-kandidat","status":"publish","type":"post","link":"https:\/\/textundblog.de\/?p=2971","title":{"rendered":"NNN &#8211; Neueste Nationale Nachrichten: NPD-Kandidat"},"content":{"rendered":"<p><span class=\"video\"><object type=\"application\/x-shockwave-flash\" style=\"width:425px; height:344px\" data=\"http:\/\/www.youtube.com\/v\/c-HLm9EdsJw&#038;ap=%2526fmt%3D18\"><param name=\"movie\" value=\"http:\/\/www.youtube.com\/v\/c-HLm9EdsJw&#038;ap=%2526fmt%3D18\" \/><\/object> <br \/> <cite>Direktlink <a href=\"http:\/\/de.youtube.com\/watch?v=c-HLm9EdsJw\">YouTube<\/a><\/cite><\/span><\/p>\n<p>Diesen bitterb\u00f6sen Video-Spa\u00df haben wir der gro\u00dfartigen Sendung <a href=\"http:\/\/www3.ndr.de\/sendungen\/extra_3\/start150.html\">extra3<\/a> zu verdanken. Die NDR-Sendung ist nicht nur inhaltlich auf der medialen H\u00f6he der Zeit und bietet auch ein <a href=\"http:\/\/extra3.blog.ndr.de\/index.php\">Blog<\/a> und einen <a href=\"http:\/\/www3.ndr.de\/ndrtv_pages_std\/0,3147,SPM12048,00.html\">Videopodcast<\/a> an.<\/p>\n","protected":false},"excerpt":{"rendered":"<p>Direktlink YouTube Diesen bitterb\u00f6sen Video-Spa\u00df haben wir der gro\u00dfartigen Sendung extra3 zu verdanken. Die NDR-Sendung ist nicht nur inhaltlich auf der medialen H\u00f6he der Zeit und bietet auch ein Blog und einen Videopodcast an.<\/p>\n","protected":false},"author":1,"featured_media":0,"comment_status":"open","ping_status":"open","sticky":false,"template":"","format":"standard","meta":{"site-sidebar-layout":"default","site-content-layout":"","ast-site-content-layout":"default","site-content-style":"default","site-sidebar-style":"default","ast-global-header-display":"","ast-banner-title-visibility":"","ast-main-header-display":"","ast-hfb-above-header-display":"","ast-hfb-below-header-display":"","ast-hfb-mobile-header-display":"","site-post-title":"","ast-breadcrumbs-content":"","ast-featured-img":"","footer-sml-layout":"","theme-transparent-header-meta":"","adv-header-id-meta":"","stick-header-meta":"","header-above-stick-meta":"","header-main-stick-meta":"","header-below-stick-meta":"","astra-migrate-meta-layouts":"default","ast-page-background-enabled":"default","ast-page-background-meta":{"desktop":{"background-color":"var(--ast-global-color-4)","background-image":"","background-repeat":"repeat","background-position":"center center","background-size":"auto","background-attachment":"scroll","background-type":"","background-media":"","overlay-type":"","overlay-color":"","overlay-opacity":"","overlay-gradient":""},"tablet":{"background-color":"","background-image":"","background-repeat":"repeat","background-position":"center center","background-size":"auto","background-attachment":"scroll","background-type":"","background-media":"","overlay-type":"","overlay-color":"","overlay-opacity":"","overlay-gradient":""},"mobile":{"background-color":"","background-image":"","background-repeat":"repeat","background-position":"center center","background-size":"auto","background-attachment":"scroll","background-type":"","background-media":"","overlay-type":"","overlay-color":"","overlay-opacity":"","overlay-gradient":""}},"ast-content-background-meta":{"desktop":{"background-color":"var(--ast-global-color-5)","background-image":"","background-repeat":"repeat","background-position":"center center","background-size":"auto","background-attachment":"scroll","background-type":"","background-media":"","overlay-type":"","overlay-color":"","overlay-opacity":"","overlay-gradient":""},"tablet":{"background-color":"var(--ast-global-color-5)","background-image":"","background-repeat":"repeat","background-position":"center center","background-size":"auto","background-attachment":"scroll","background-type":"","background-media":"","overlay-type":"","overlay-color":"","overlay-opacity":"","overlay-gradient":""},"mobile":{"background-color":"var(--ast-global-color-5)","background-image":"","background-repeat":"repeat","background-position":"center center","background-size":"auto","background-attachment":"scroll","background-type":"","background-media":"","overlay-type":"","overlay-color":"","overlay-opacity":"","overlay-gradient":""}},"ngg_post_thumbnail":0,"jetpack_post_was_ever_published":false,"_jetpack_newsletter_access":"","_jetpack_dont_email_post_to_subs":false,"_jetpack_newsletter_tier_id":0,"_jetpack_memberships_contains_paywalled_content":false,"_jetpack_memberships_contains_paid_content":false,"footnotes":""},"categories":[9,3,18],"tags":[],"class_list":["post-2971","post","type-post","status-publish","format-standard","hentry","category-politik","category-tv","category-video"],"jetpack_featured_media_url":"","jetpack_sharing_enabled":true,"jetpack_shortlink":"https:\/\/wp.me\/p4uzZ-LV","jetpack-related-posts":[{"id":2003,"url":"https:\/\/textundblog.de\/?p=2003","url_meta":{"origin":2971,"position":0},"title":"3sat neues zu DRM, Onleihe und Zensur","author":"Markus","date":"19\/1\/2008","format":false,"excerpt":"Morgen widmet sich die Sendung 3sat neues dem Thema DRM: \u00abDie DRM-Evolution - Die Entwicklung des Digital Rights Management\u00bb (TV-Ausstrahlung Sonntag, 20.1.08, 16:30 - 17 Uhr). Fr\u00fcher war nicht alles anders, aber vieles; zum Beispiel durfte man Musik oder Filme, die man gekauft hatte, auch tats\u00e4chlich noch sein Eigen nennen.\u2026","rel":"","context":"In &quot;Internet&quot;","block_context":{"text":"Internet","link":"https:\/\/textundblog.de\/?cat=4"},"img":{"alt_text":"","src":"","width":0,"height":0},"classes":[]},{"id":1419,"url":"https:\/\/textundblog.de\/?p=1419","url_meta":{"origin":2971,"position":1},"title":"2raumwohnung empfiehlt Feist","author":"Markus","date":"3\/2\/2007","format":false,"excerpt":"Irgendwie nett: in der gotv-Sendung \u00abhosted by\u00bb sagt Inga Humpe, sie schaue kein Fernsehen. Aber Videos auf YouTube, die schaue sie schon. Kurz vor Schluss der Sendung empfehlen 2raumwohnung, also Inga Humpe und Tommi Eckart, die kanadische S\u00e4ngerin Feist mit dem Song \u00abInside And Out\u00bb. Sch\u00f6nes Lied, gutes schwarz\/wei\u00df Video.\u2026","rel":"","context":"In &quot;Musik&quot;","block_context":{"text":"Musik","link":"https:\/\/textundblog.de\/?cat=7"},"img":{"alt_text":"","src":"","width":0,"height":0},"classes":[]},{"id":1692,"url":"https:\/\/textundblog.de\/?p=1692","url_meta":{"origin":2971,"position":2},"title":"Helmut Schmidt au\u00dfer Dienst (Ausschnitte)","author":"Markus","date":"13\/7\/2007","format":false,"excerpt":"Ich hatte ja letzte Woche schon vor seiner Ausstrahlung im Fernsehen auf den Dokumentarfilm \u00abHelmut Schmidt au\u00dfer Dienst\u00bb von Sandra Maischberger hingewiesen und es gab hier auch zahlreiche Kommentare zu dieser Sendung. F\u00fcr mich ist der Film eine der besten politischen Dokumentationen, die ich jemals im TV gesehen habe. Viele\u2026","rel":"","context":"In &quot;Politik&quot;","block_context":{"text":"Politik","link":"https:\/\/textundblog.de\/?cat=9"},"img":{"alt_text":"","src":"","width":0,"height":0},"classes":[]},{"id":2691,"url":"https:\/\/textundblog.de\/?p=2691","url_meta":{"origin":2971,"position":3},"title":"Elektrischer Reporter \u2013 Urheber 2.0: Jeder Nutzer ein Pirat?","author":"Markus","date":"13\/12\/2008","format":false,"excerpt":"Elektrischer Reporter \u2013 Urheber 2.0: Jeder Nutzer ein Pirat? Ich habe den Elektrischen Reporter ja schon oft hier vorgestellt. Wie immer finde ich seine Sendungen sehr sehenswert. Auch diese Folge zum schwierigen Thema Urheberrecht in heutiger Zeit. Mario Sixtus versteht es f\u00fcr mein Daf\u00fcrhalten vorbildlich, das Medium Video im Internet\u2026","rel":"","context":"In &quot;Internet&quot;","block_context":{"text":"Internet","link":"https:\/\/textundblog.de\/?cat=4"},"img":{"alt_text":"","src":"","width":0,"height":0},"classes":[]},{"id":5462,"url":"https:\/\/textundblog.de\/?p=5462","url_meta":{"origin":2971,"position":4},"title":"Die dunkle Seite der Macht &#8211; Domscheit-Berg bei Lanz","author":"Markus","date":"3\/7\/2013","format":false,"excerpt":"http:\/\/youtu.be\/jZLBvxwVCVQ H\u00e4tte ja nicht gedacht, dass ich mal 'ne Sendung von Lanz empfehlen w\u00fcrde. Hab den bisher auch nie geschaut und kenne ihn nur von YouTube-Ausschnitten, wo ich meist schnell weg geklickt habe, weil ich ihn als Moderator unertr\u00e4glich finde. Diese Sendung ist aber sehr au\u00dfergew\u00f6hnlich und daher empfehle ich,\u2026","rel":"","context":"In &quot;Politik&quot;","block_context":{"text":"Politik","link":"https:\/\/textundblog.de\/?cat=9"},"img":{"alt_text":"","src":"https:\/\/i0.wp.com\/img.youtube.com\/vi\/jZLBvxwVCVQ\/0.jpg?resize=350%2C200","width":350,"height":200},"classes":[]},{"id":6310,"url":"https:\/\/textundblog.de\/?p=6310","url_meta":{"origin":2971,"position":5},"title":"Marcus Wiebusch: Der Tag wird kommen \u2013 Jetzt mit Video","author":"Markus","date":"10\/9\/2014","format":false,"excerpt":"Vor 'nem knappen halben Jahr hab ich den Song ja hier schon mal vorgestellt. Jetzt hat er auch dank Crowdfunding ein richtiges Video. Und was f\u00fcr eins: http:\/\/youtu.be\/-qOg8E4Tzto Auf meinem Lieblingsradiosender Byte.fm war Marcus Wiebusch in der Sendung Bonus Referat am 3.9.2014 zu Gast, die Freunde von Byte.fm hier nachh\u00f6ren\u2026","rel":"","context":"In &quot;Musik&quot;","block_context":{"text":"Musik","link":"https:\/\/textundblog.de\/?cat=7"},"img":{"alt_text":"","src":"https:\/\/i0.wp.com\/textundblog.de\/wp-content\/dertagwirdkommen-scr.jpg?resize=350%2C200&ssl=1","width":350,"height":200,"srcset":"https:\/\/i0.wp.com\/textundblog.de\/wp-content\/dertagwirdkommen-scr.jpg?resize=350%2C200&ssl=1 1x, https:\/\/i0.wp.com\/textundblog.de\/wp-content\/dertagwirdkommen-scr.jpg?resize=525%2C300&ssl=1 1.5x, https:\/\/i0.wp.com\/textundblog.de\/wp-content\/dertagwirdkommen-scr.jpg?resize=700%2C400&ssl=1 2x"},"classes":[]}],"_links":{"self":[{"href":"https:\/\/textundblog.de\/index.php?rest_route=\/wp\/v2\/posts\/2971","targetHints":{"allow":["GET"]}}],"collection":[{"href":"https:\/\/textundblog.de\/index.php?rest_route=\/wp\/v2\/posts"}],"about":[{"href":"https:\/\/textundblog.de\/index.php?rest_route=\/wp\/v2\/types\/post"}],"author":[{"embeddable":true,"href":"https:\/\/textundblog.de\/index.php?rest_route=\/wp\/v2\/users\/1"}],"replies":[{"embeddable":true,"href":"https:\/\/textundblog.de\/index.php?rest_route=%2Fwp%2Fv2%2Fcomments&post=2971"}],"version-history":[{"count":0,"href":"https:\/\/textundblog.de\/index.php?rest_route=\/wp\/v2\/posts\/2971\/revisions"}],"wp:attachment":[{"href":"https:\/\/textundblog.de\/index.php?rest_route=%2Fwp%2Fv2%2Fmedia&parent=2971"}],"wp:term":[{"taxonomy":"category","embeddable":true,"href":"https:\/\/textundblog.de\/index.php?rest_route=%2Fwp%2Fv2%2Fcategories&post=2971"},{"taxonomy":"post_tag","embeddable":true,"href":"https:\/\/textundblog.de\/index.php?rest_route=%2Fwp%2Fv2%2Ftags&post=2971"}],"curies":[{"name":"wp","href":"https:\/\/api.w.org\/{rel}","templated":true}]}}