{"id":2900,"date":"2009-04-15T00:56:32","date_gmt":"2009-04-14T22:56:32","guid":{"rendered":"http:\/\/textundblog.de\/?p=2900"},"modified":"2009-04-15T00:59:36","modified_gmt":"2009-04-14T22:59:36","slug":"medienumbruch-twitter","status":"publish","type":"post","link":"https:\/\/textundblog.de\/?p=2900","title":{"rendered":"Medienumbruch Twitter"},"content":{"rendered":"<p>Bin schwer beeindruckt von diesem Bekenntnis zu Twitter. Es steckt viel Wahres in der pers\u00f6nlichen Erfahrung von Stephan Noller:<\/p>\n<blockquote><p>Ich kann jedenfalls feststellen, dass es bei mir pers\u00f6nlich zu einem der gravierendsten Medienumbr\u00fcche gef\u00fchrt hat den ich bisher \u00fcberhaupt erlebt habe. Und ich habe das Gef\u00fchl derzeit, dass es nachhaltig ist und noch nicht am Ende. Es hat die Lekt\u00fcre von spon fast verdr\u00e4ngt. Es verdr\u00e4ngt email. Es verdr\u00e4ngt Fernsehen. Es ist lustig, unterhaltsam, geistreich, anregend, informativ. Ich habe viele sehr sehr nette und tolle Leute kennengelernt \u00fcber twitter (und das was dazugeh\u00f6rt). Ich habe wegen twitter letztlich sogar wieder angefangen zu bloggen.<\/p><\/blockquote>\n<p>Weiter beim Nollar: &laquo;<a href=\"http:\/\/beimnollar.wordpress.com\/2009\/04\/14\/was-ist-eigentlich-twitter\/\">Was ist eigentlich Twitter?<\/a>&raquo;<\/p>\n<p>In den 15 Jahren, in denen ich jetzt im Internet unterwegs bin, ist Twitter auch f\u00fcr mich die faszinierendste Entdeckung. Und das h\u00e4tte ich vor zwei Jahren, als ich &#8211; damals noch sehr skeptisch &#8211; damit anfing, auch nicht gedacht.<\/p>\n","protected":false},"excerpt":{"rendered":"<p>Bin schwer beeindruckt von diesem Bekenntnis zu Twitter. Es steckt viel Wahres in der pers\u00f6nlichen Erfahrung von Stephan Noller: Ich kann jedenfalls feststellen, dass es bei mir pers\u00f6nlich zu einem der gravierendsten Medienumbr\u00fcche gef\u00fchrt hat den ich bisher \u00fcberhaupt erlebt habe. Und ich habe das Gef\u00fchl derzeit, dass es nachhaltig ist und noch nicht am [&hellip;]<\/p>\n","protected":false},"author":1,"featured_media":0,"comment_status":"open","ping_status":"open","sticky":false,"template":"","format":"standard","meta":{"site-sidebar-layout":"default","site-content-layout":"","ast-site-content-layout":"default","site-content-style":"default","site-sidebar-style":"default","ast-global-header-display":"","ast-banner-title-visibility":"","ast-main-header-display":"","ast-hfb-above-header-display":"","ast-hfb-below-header-display":"","ast-hfb-mobile-header-display":"","site-post-title":"","ast-breadcrumbs-content":"","ast-featured-img":"","footer-sml-layout":"","theme-transparent-header-meta":"","adv-header-id-meta":"","stick-header-meta":"","header-above-stick-meta":"","header-main-stick-meta":"","header-below-stick-meta":"","astra-migrate-meta-layouts":"default","ast-page-background-enabled":"default","ast-page-background-meta":{"desktop":{"background-color":"var(--ast-global-color-4)","background-image":"","background-repeat":"repeat","background-position":"center center","background-size":"auto","background-attachment":"scroll","background-type":"","background-media":"","overlay-type":"","overlay-color":"","overlay-opacity":"","overlay-gradient":""},"tablet":{"background-color":"","background-image":"","background-repeat":"repeat","background-position":"center center","background-size":"auto","background-attachment":"scroll","background-type":"","background-media":"","overlay-type":"","overlay-color":"","overlay-opacity":"","overlay-gradient":""},"mobile":{"background-color":"","background-image":"","background-repeat":"repeat","background-position":"center center","background-size":"auto","background-attachment":"scroll","background-type":"","background-media":"","overlay-type":"","overlay-color":"","overlay-opacity":"","overlay-gradient":""}},"ast-content-background-meta":{"desktop":{"background-color":"var(--ast-global-color-5)","background-image":"","background-repeat":"repeat","background-position":"center center","background-size":"auto","background-attachment":"scroll","background-type":"","background-media":"","overlay-type":"","overlay-color":"","overlay-opacity":"","overlay-gradient":""},"tablet":{"background-color":"var(--ast-global-color-5)","background-image":"","background-repeat":"repeat","background-position":"center center","background-size":"auto","background-attachment":"scroll","background-type":"","background-media":"","overlay-type":"","overlay-color":"","overlay-opacity":"","overlay-gradient":""},"mobile":{"background-color":"var(--ast-global-color-5)","background-image":"","background-repeat":"repeat","background-position":"center center","background-size":"auto","background-attachment":"scroll","background-type":"","background-media":"","overlay-type":"","overlay-color":"","overlay-opacity":"","overlay-gradient":""}},"ngg_post_thumbnail":0,"jetpack_post_was_ever_published":false,"_jetpack_newsletter_access":"","_jetpack_dont_email_post_to_subs":false,"_jetpack_newsletter_tier_id":0,"_jetpack_memberships_contains_paywalled_content":false,"_jetpack_memberships_contains_paid_content":false,"footnotes":""},"categories":[33],"tags":[],"class_list":["post-2900","post","type-post","status-publish","format-standard","hentry","category-twitter"],"jetpack_featured_media_url":"","jetpack_sharing_enabled":true,"jetpack_shortlink":"https:\/\/wp.me\/p4uzZ-KM","jetpack-related-posts":[{"id":2446,"url":"https:\/\/textundblog.de\/?p=2446","url_meta":{"origin":2900,"position":0},"title":"Waltz with Bashir auf Fantasy Filmfest Hamburg","author":"Markus","date":"14\/8\/2008","format":false,"excerpt":"Da ich den einzigen Spanier (Escalofr\u00edo), der auf dem Fantasy Filmfest in Hamburg l\u00e4uft, schon auf der Berlinale gesehen habe, gibt es f\u00fcr mich nur noch einen Film des gestern in der Hansestadt gestarteten Festival-Programmes, den ich unbedingt sehen m\u00f6chte: Der im Wettbewerb von Cannes viel beachtete israelische Film \u00abWaltz\u2026","rel":"","context":"In &quot;Hamburg&quot;","block_context":{"text":"Hamburg","link":"https:\/\/textundblog.de\/?cat=15"},"img":{"alt_text":"Waltz with Bashir","src":"https:\/\/i0.wp.com\/textundblog.de\/wp-content\/waltzwithbashir.jpg?resize=350%2C200&ssl=1","width":350,"height":200},"classes":[]},{"id":3198,"url":"https:\/\/textundblog.de\/?p=3198","url_meta":{"origin":2900,"position":1},"title":"Zwei von zig M\u00f6glichkeiten Twitter zu nutzen","author":"Markus","date":"13\/10\/2009","format":false,"excerpt":"Nach wie vor scheiden sich an Twitter die Geister. Ich habe es auch schon l\u00e4ngst aufgegeben, die Twitter-Resistenten davon zu \u00fcberzeugen sich \u00fcber diese wunderbare Kommunikationsform mit anderen auszutauschen. Das bringt auch nichts, solange sich die Nein-Sager nicht wirklich mit Twitter besch\u00e4ftigen. Dieser Artikel richtet sich daher an jene, die\u2026","rel":"","context":"In &quot;Bluesky&quot;","block_context":{"text":"Bluesky","link":"https:\/\/textundblog.de\/?cat=33"},"img":{"alt_text":"textundblog auf Twitter","src":"https:\/\/i0.wp.com\/textundblog.de\/wp-images\/twittertrans.png?resize=350%2C200&ssl=1","width":350,"height":200},"classes":[]},{"id":7091,"url":"https:\/\/textundblog.de\/?p=7091","url_meta":{"origin":2900,"position":2},"title":"Ich mag &#8222;es&#8220;, wie @sasa_s und @davidhug auf Twitter miteinander kommunizieren","author":"Markus","date":"6\/5\/2016","format":false,"excerpt":"Wie gestern schon auf Twitter gestanden, mag ich die Frage-Antwort-Spielchen von @sasa_s und @davidhug. Die beiden Textakrobaten spielen sich absurde Zitate aus Presse- oder Werbetexten zu. Die Antworten sind dabei mindestens so lesenswert wie die Fragen. Beides ein gro\u00dfer Spa\u00df. Seht selbst, der Tweet der Woche - in diesem Fall\u2026","rel":"","context":"In &quot;Internet&quot;","block_context":{"text":"Internet","link":"https:\/\/textundblog.de\/?cat=4"},"img":{"alt_text":"Tweet der Woche","src":"wp-images\/tweetderwoche2-200x96.jpg","width":350,"height":200},"classes":[]},{"id":4667,"url":"https:\/\/textundblog.de\/?p=4667","url_meta":{"origin":2900,"position":3},"title":"Tweet der Woche: Pro-Argument f\u00fcr Twitter-Skeptiker","author":"Markus","date":"20\/4\/2012","format":false,"excerpt":"Was ist Twitter? Zeitvertreib, fachlicher Informationskanal, Nachrichtenquelle, Quasselecke, Vernetzungs-Tool? F\u00fcr die meisten ist es all das zusammen, f\u00fcr manche stehen nur eine oder zwei der genannten Funktionen im Vordergrund, die anderen tolerieren sie mehr oder weniger. Kann man das denen vermitteln, die Twitter noch nicht kennen? So gut wie nicht.\u2026","rel":"","context":"In &quot;Bluesky&quot;","block_context":{"text":"Bluesky","link":"https:\/\/textundblog.de\/?cat=33"},"img":{"alt_text":"Tweet der Woche von @Limonenbiss","src":"https:\/\/i0.wp.com\/textundblog.de\/wp-content\/limonenbiss-tdw0412.png?resize=350%2C200&ssl=1","width":350,"height":200},"classes":[]},{"id":2548,"url":"https:\/\/textundblog.de\/?p=2548","url_meta":{"origin":2900,"position":4},"title":"Twitter bringt Gedanken in die N\u00e4he der Follower","author":"Markus","date":"10\/10\/2008","format":false,"excerpt":"In Pascal MerciersDer Name Pascal Mercier ist nur ein Pseudonym, in Wahrheit handelt es sich bei dem Autoren um den Schweizer Philosophie-Professor Peter Bieri. Roman \u00abNachtzug nach Lissabon\u00bb habe ich in diesen Tagen einen Satz gelesen, der mich sehr stark an eine der Motivationen f\u00fcr das Kommunizieren via Twitter erinnert\u2026","rel":"","context":"In &quot;Bluesky&quot;","block_context":{"text":"Bluesky","link":"https:\/\/textundblog.de\/?cat=33"},"img":{"alt_text":"Pascal Mercier: Nachtzug nach Lissabon","src":"https:\/\/i0.wp.com\/textundblog.de\/wp-content\/nachtzugnachlissaboncover.jpg?resize=350%2C200&ssl=1","width":350,"height":200},"classes":[]},{"id":4284,"url":"https:\/\/textundblog.de\/?p=4284","url_meta":{"origin":2900,"position":5},"title":"\u00dcberfl\u00fcssige Infos auf New Twitter ausblenden","author":"Markus","date":"8\/8\/2011","format":false,"excerpt":"Ich hatte ja schon im Artikel \u00abWho to follow oder andere Webseitenbereiche mit Firefox-Erweiterung Stylish ausblenden\u00bb erkl\u00e4rt, wie man l\u00e4stige Anzeigen auf twitter.com los wird. Seit in der Vorwoche das Usability-\u00dcbel New Twitter den bisher aus guten Gr\u00fcnden beim Old Twitter Verbliebenen aufgedr\u00e4ngt wurde, \u00e4rgere (nicht nur) ich mich \u00fcber\u2026","rel":"","context":"In &quot;Bluesky&quot;","block_context":{"text":"Bluesky","link":"https:\/\/textundblog.de\/?cat=33"},"img":{"alt_text":"Stylish - Neuer Stil","src":"https:\/\/i0.wp.com\/textundblog.de\/wp-content\/stylish-neuerstil1.jpg?resize=350%2C200&ssl=1","width":350,"height":200},"classes":[]}],"_links":{"self":[{"href":"https:\/\/textundblog.de\/index.php?rest_route=\/wp\/v2\/posts\/2900","targetHints":{"allow":["GET"]}}],"collection":[{"href":"https:\/\/textundblog.de\/index.php?rest_route=\/wp\/v2\/posts"}],"about":[{"href":"https:\/\/textundblog.de\/index.php?rest_route=\/wp\/v2\/types\/post"}],"author":[{"embeddable":true,"href":"https:\/\/textundblog.de\/index.php?rest_route=\/wp\/v2\/users\/1"}],"replies":[{"embeddable":true,"href":"https:\/\/textundblog.de\/index.php?rest_route=%2Fwp%2Fv2%2Fcomments&post=2900"}],"version-history":[{"count":0,"href":"https:\/\/textundblog.de\/index.php?rest_route=\/wp\/v2\/posts\/2900\/revisions"}],"wp:attachment":[{"href":"https:\/\/textundblog.de\/index.php?rest_route=%2Fwp%2Fv2%2Fmedia&parent=2900"}],"wp:term":[{"taxonomy":"category","embeddable":true,"href":"https:\/\/textundblog.de\/index.php?rest_route=%2Fwp%2Fv2%2Fcategories&post=2900"},{"taxonomy":"post_tag","embeddable":true,"href":"https:\/\/textundblog.de\/index.php?rest_route=%2Fwp%2Fv2%2Ftags&post=2900"}],"curies":[{"name":"wp","href":"https:\/\/api.w.org\/{rel}","templated":true}]}}